{"id":26842,"date":"2013-02-03T15:02:26","date_gmt":"2013-02-03T15:02:26","guid":{"rendered":"https:\/\/www.achimbrueckner.de\/freeradio\/php\/wordpress\/?p=26842"},"modified":"2013-02-03T16:03:10","modified_gmt":"2013-02-03T16:03:10","slug":"pirat-7265-khz","status":"publish","type":"post","link":"https:\/\/www.achimbrueckner.de\/freeradio\/php\/wordpress\/?p=26842","title":{"rendered":"Pirat 7265 Khz"},"content":{"rendered":"<p>Gestern wurde in einer dramatischen, aufwendigen Aktion der Bundesnetzagentur der<br \/>\nSt\u00f6rsender, der Radio Gloria International, MVBalticradio und das Hamburger Lokalradio monatelang gest\u00f6rt hatte, ausgehoben. Zuerst waren es Programme des S\u00fcdwestradios und des WDR, sp\u00e4ter dann Telegrafieger\u00e4usche, mit denen die Frequenz 7265 \u00fcberlagert wurde. Der Macher, der sich offenbar in der freien Radioszene gut auskennt, war bereits schon einmal verwarnt worden. Auch noch so<br \/>\nhohe Bu\u00dfgelder k\u00f6nnen ihn offenbar nicht abschrecken. Es ist zu vermuten, dass potente Geldgeber hinter seinen Aktionen stehen.<\/p>\n<p>Info via <a href=\"http:\/\/carolineteam.blogspot.de\/2013\/02\/german-pirate-station-raided.html#links\" target=\"_blank\">Carolineteam<\/a> via <a href=\"http:\/\/www.ratzer.at\" target=\"_blank\">A-DX<\/a><\/p>\n","protected":false},"excerpt":{"rendered":"<p>Gestern wurde in einer dramatischen, aufwendigen Aktion der Bundesnetzagentur der St\u00f6rsender, der Radio Gloria International, MVBalticradio und das Hamburger Lokalradio monatelang gest\u00f6rt hatte, ausgehoben. Zuerst waren es Programme des S\u00fcdwestradios und des WDR, sp\u00e4ter dann Telegrafieger\u00e4usche, mit denen die Frequenz 7265 \u00fcberlagert wurde. Der Macher, der sich offenbar in der freien Radioszene gut auskennt, war &hellip; <a href=\"https:\/\/www.achimbrueckner.de\/freeradio\/php\/wordpress\/?p=26842\" class=\"more-link\">Continue reading <span class=\"screen-reader-text\">Pirat 7265 Khz<\/span><\/a><\/p>\n","protected":false},"author":1,"featured_media":0,"comment_status":"open","ping_status":"open","sticky":false,"template":"","format":"standard","meta":{"_jetpack_memberships_contains_paid_content":false,"footnotes":"","jetpack_publicize_message":"","jetpack_publicize_feature_enabled":true,"jetpack_social_post_already_shared":false,"jetpack_social_options":{"image_generator_settings":{"template":"highway","default_image_id":0,"font":"","enabled":false},"version":2}},"categories":[1],"tags":[22,28],"class_list":["post-26842","post","type-post","status-publish","format-standard","hentry","category-uncategorized","tag-am","tag-dx"],"jetpack_publicize_connections":[],"jetpack_featured_media_url":"","jetpack_sharing_enabled":true,"jetpack_shortlink":"https:\/\/wp.me\/p5CD59-6YW","jetpack-related-posts":[{"id":26297,"url":"https:\/\/www.achimbrueckner.de\/freeradio\/php\/wordpress\/?p=26297","url_meta":{"origin":26842,"position":0},"title":"SWR 7265 Khz Raid","author":"Administrator","date":"November 28, 2012 17:59","format":false,"excerpt":"Hallo zusammen, wenn man davon ausgehen kann, dass der Spuk rund um die 7265 khz in den vergangen Wochen von einer Person ausging, d\u00fcrfte das Ganze wohl nun erst einmal ein Ende gefunden haben. Ich habe l\u00e4uten geh\u00f6rt, dass vor dem Haus desjenigen heute die freundlichen Herren von der BNetzA\u2026","rel":"","context":"In \"AM\"","block_context":{"text":"AM","link":"https:\/\/www.achimbrueckner.de\/freeradio\/php\/wordpress\/?tag=am"},"img":{"alt_text":"","src":"","width":0,"height":0},"classes":[]},{"id":23408,"url":"https:\/\/www.achimbrueckner.de\/freeradio\/php\/wordpress\/?p=23408","url_meta":{"origin":26842,"position":1},"title":"Hamburger Lokalradio 13 November 2011","author":"Administrator","date":"November 11, 2011 23:15","format":false,"excerpt":"Hallo liebe Listen- Mitglieder, am Sonntag den 13. November 2011 wird die vorerst letzte Testsendung des Hamburger Lokalradios auf 7265 KHz ausgestrahlt. Obwohl es eine Testsendung ist, werden interessante Beitr\u00e4ge \u00fcber die Geschichte des Deutschen Rundfunks und der Piratensender zu h\u00f6ren sein. Die Testsendung wird \u00fcber den Kurzwellensender G\u00f6hren (MV\u2026","rel":"","context":"In \"AM\"","block_context":{"text":"AM","link":"https:\/\/www.achimbrueckner.de\/freeradio\/php\/wordpress\/?tag=am"},"img":{"alt_text":"","src":"","width":0,"height":0},"classes":[]},{"id":432,"url":"https:\/\/www.achimbrueckner.de\/freeradio\/php\/wordpress\/?p=432","url_meta":{"origin":26842,"position":2},"title":"Radio Fox 48","author":"The_Radio_Monitor","date":"February 26, 2006 08:09","format":false,"excerpt":"Mit einem Test auf 6275 kHz kommt der norwegische Fuchs brauchbar durch und gr\u00fc\u00dft die DXer, die in den USA offenbar auf der Lauer liegen, um das Signal zu erhaschen.","rel":"","context":"In &quot;Empfang&quot;","block_context":{"text":"Empfang","link":"https:\/\/www.achimbrueckner.de\/freeradio\/php\/wordpress\/?cat=3"},"img":{"alt_text":"","src":"","width":0,"height":0},"classes":[]},{"id":458408,"url":"https:\/\/www.achimbrueckner.de\/freeradio\/php\/wordpress\/?p=458408","url_meta":{"origin":26842,"position":3},"title":"Piratensender-Aushebung ohne \u00dcberraschungseffekt&#8230;","author":"Administrator","date":"February 27, 2018 15:30","format":false,"excerpt":"November Piratensender-Aushebung ohne \u00dcberraschungseffekt... 01. November 2007 piratenradio.jpg Wenig \u00fcberrascht war der Betreiber des ostfriesischen UKW-Piratensenders \"Studio Renaldo\", als am Abend des 27. Oktober Mitarbeiter der Bundesnetzagentur in Begleitung von Polizeibeamten vor seiner Haust\u00fcr erschienen. Presseberichten zufolge waren die BNetzA-Mitarbeiter schon am Vorabend durch Peilungen in dem friesischen \u00d6rtchen Flachsmeer\u2026","rel":"","context":"In \"AM\"","block_context":{"text":"AM","link":"https:\/\/www.achimbrueckner.de\/freeradio\/php\/wordpress\/?tag=am"},"img":{"alt_text":"","src":"","width":0,"height":0},"classes":[]},{"id":2802,"url":"https:\/\/www.achimbrueckner.de\/freeradio\/php\/wordpress\/?p=2802","url_meta":{"origin":26842,"position":4},"title":"Peter Hell verstorben","author":"Administrator","date":"June 1, 2007 14:37","format":false,"excerpt":"Der SWLCS-Vorsitzende Peter Hell ist am 29. Mai 2007 verstorben. Er war ein gro\u00dfer Aktivposten der DX-Szene und ma\u00dfgeblich an der Ausrichtung des DX-Camps in Merchweiler beteiligt. Das Camp war beliebter Treffpunkt der europ\u00e4ischen Free-Radio Szene und wurde 32 mal veranstaltet. Ein Nachruf ist bei Willi Stengel sowie bei Radio\u2026","rel":"","context":"In \"AM\"","block_context":{"text":"AM","link":"https:\/\/www.achimbrueckner.de\/freeradio\/php\/wordpress\/?tag=am"},"img":{"alt_text":"","src":"","width":0,"height":0},"classes":[]},{"id":457077,"url":"https:\/\/www.achimbrueckner.de\/freeradio\/php\/wordpress\/?p=457077","url_meta":{"origin":26842,"position":5},"title":"\u201eDX-Special\u201c des K\u00f6ln-D\u00fcsseldorfer Kurzwellen-Club (KDKC)","author":"Administrator","date":"October 27, 2017 15:42","format":false,"excerpt":"http:\/\/www.addx-verlag.de\/ Zitat von der Webseite: Der KDKC wurde im Februar 1976 aus der Taufe gehoben und publizierte gleich zu Anfang sein Blatt \u201eDX-Special\u201c. Diese Publikation ist eine einmalige Chronik einer spannenden \u00c4ra des freien Radios. Erinnerungen an Stationen wie Radio Valentine, Radio Caroline oder Radio Delmare werden beim Bl\u00e4ttern durch\u2026","rel":"","context":"In \"dx\"","block_context":{"text":"dx","link":"https:\/\/www.achimbrueckner.de\/freeradio\/php\/wordpress\/?tag=dx"},"img":{"alt_text":"","src":"","width":0,"height":0},"classes":[]}],"_links":{"self":[{"href":"https:\/\/www.achimbrueckner.de\/freeradio\/php\/wordpress\/index.php?rest_route=\/wp\/v2\/posts\/26842","targetHints":{"allow":["GET"]}}],"collection":[{"href":"https:\/\/www.achimbrueckner.de\/freeradio\/php\/wordpress\/index.php?rest_route=\/wp\/v2\/posts"}],"about":[{"href":"https:\/\/www.achimbrueckner.de\/freeradio\/php\/wordpress\/index.php?rest_route=\/wp\/v2\/types\/post"}],"author":[{"embeddable":true,"href":"https:\/\/www.achimbrueckner.de\/freeradio\/php\/wordpress\/index.php?rest_route=\/wp\/v2\/users\/1"}],"replies":[{"embeddable":true,"href":"https:\/\/www.achimbrueckner.de\/freeradio\/php\/wordpress\/index.php?rest_route=%2Fwp%2Fv2%2Fcomments&post=26842"}],"version-history":[{"count":0,"href":"https:\/\/www.achimbrueckner.de\/freeradio\/php\/wordpress\/index.php?rest_route=\/wp\/v2\/posts\/26842\/revisions"}],"wp:attachment":[{"href":"https:\/\/www.achimbrueckner.de\/freeradio\/php\/wordpress\/index.php?rest_route=%2Fwp%2Fv2%2Fmedia&parent=26842"}],"wp:term":[{"taxonomy":"category","embeddable":true,"href":"https:\/\/www.achimbrueckner.de\/freeradio\/php\/wordpress\/index.php?rest_route=%2Fwp%2Fv2%2Fcategories&post=26842"},{"taxonomy":"post_tag","embeddable":true,"href":"https:\/\/www.achimbrueckner.de\/freeradio\/php\/wordpress\/index.php?rest_route=%2Fwp%2Fv2%2Ftags&post=26842"}],"curies":[{"name":"wp","href":"https:\/\/api.w.org\/{rel}","templated":true}]}}