{"id":28111,"date":"2013-07-23T13:22:22","date_gmt":"2013-07-23T13:22:22","guid":{"rendered":"https:\/\/www.achimbrueckner.de\/freeradio\/php\/wordpress\/?p=28111"},"modified":"2013-07-23T13:22:22","modified_gmt":"2013-07-23T13:22:22","slug":"journalisten-kehren-zu-alten-medien-zuruck","status":"publish","type":"post","link":"https:\/\/www.achimbrueckner.de\/freeradio\/php\/wordpress\/?p=28111","title":{"rendered":"Journalisten kehren zu alten Medien zur\u00fcck"},"content":{"rendered":"<p>Journalisten kehren zu alten Medien zur\u00fcck<\/p>\n<p><a href=\"http:\/\/www.persoenlich.com\/news\/medien\/syrien-journalisten-kehren-zu-alten-medien-zur-ck-307791#.Ue6DX41BKfY\" target=\"_blank\">http:\/\/www.persoenlich.com\/news\/medien\/syrien-journalisten-kehren-zu-alten-medien-zur-ck-307791#.Ue6DX41BKfY<\/a><\/p>\n","protected":false},"excerpt":{"rendered":"<p>Journalisten kehren zu alten Medien zur\u00fcck http:\/\/www.persoenlich.com\/news\/medien\/syrien-journalisten-kehren-zu-alten-medien-zur-ck-307791#.Ue6DX41BKfY<\/p>\n","protected":false},"author":1,"featured_media":0,"comment_status":"open","ping_status":"open","sticky":false,"template":"","format":"standard","meta":{"_jetpack_memberships_contains_paid_content":false,"footnotes":"","jetpack_publicize_message":"","jetpack_publicize_feature_enabled":true,"jetpack_social_post_already_shared":false,"jetpack_social_options":{"image_generator_settings":{"template":"highway","default_image_id":0,"font":"","enabled":false},"version":2}},"categories":[1],"tags":[28,30],"class_list":["post-28111","post","type-post","status-publish","format-standard","hentry","category-uncategorized","tag-dx","tag-medien"],"jetpack_publicize_connections":[],"jetpack_featured_media_url":"","jetpack_sharing_enabled":true,"jetpack_shortlink":"https:\/\/wp.me\/p5CD59-7jp","jetpack-related-posts":[{"id":474046,"url":"https:\/\/www.achimbrueckner.de\/freeradio\/php\/wordpress\/?p=474046","url_meta":{"origin":28111,"position":0},"title":"Vom Piratensender zu DAB+: Dieser Seesender kehrt am 1. April in den \u00c4ther zur\u00fcck","author":"Administrator","date":"March 24, 2025 16:47","format":false,"excerpt":"https:\/\/www.digitalfernsehen.de\/news\/medien-news\/international\/vom-piratensender-zu-dab-dieser-seesender-kehrt-am-1-april-in-den-aether-zurueck-1138586\/","rel":"","context":"Similar post","block_context":{"text":"Similar post","link":""},"img":{"alt_text":"","src":"","width":0,"height":0},"classes":[]},{"id":28707,"url":"https:\/\/www.achimbrueckner.de\/freeradio\/php\/wordpress\/?p=28707","url_meta":{"origin":28111,"position":1},"title":"&#8220;Echte Pers\u00f6nlichkeiten m\u00fcssen zur\u00fcck ans Mikrofon!&#8221;","author":"Administrator","date":"September 6, 2013 19:52","format":false,"excerpt":"http:\/\/www.persoenlich.com\/news\/medien\/irf-echte-pers-nlichkeiten-m-ssen-zur-ck-ans-mikrofon-309276#.UioyVMZBKG8","rel":"","context":"In \"Medien\"","block_context":{"text":"Medien","link":"https:\/\/www.achimbrueckner.de\/freeradio\/php\/wordpress\/?tag=medien"},"img":{"alt_text":"","src":"","width":0,"height":0},"classes":[]},{"id":31812,"url":"https:\/\/www.achimbrueckner.de\/freeradio\/php\/wordpress\/?p=31812","url_meta":{"origin":28111,"position":2},"title":"Markt und Medien zu 50 Jahre Radio Caroline","author":"Administrator","date":"March 29, 2014 08:25","format":false,"excerpt":"http:\/\/www.deutschlandfunk.de\/markt-und-medien.760.de.html Info via Twitter","rel":"","context":"In \"Medien\"","block_context":{"text":"Medien","link":"https:\/\/www.achimbrueckner.de\/freeradio\/php\/wordpress\/?tag=medien"},"img":{"alt_text":"","src":"","width":0,"height":0},"classes":[]},{"id":24639,"url":"https:\/\/www.achimbrueckner.de\/freeradio\/php\/wordpress\/?p=24639","url_meta":{"origin":28111,"position":3},"title":"H\u00f6r zu &#8211; oder stirb!","author":"Administrator","date":"April 6, 2012 13:44","format":false,"excerpt":"H\u00f6r zu - oder stirb! Fragmente einer Theorie der souver\u00e4nen Medien http:\/\/www.nadir.org\/nadir\/archiv\/Kultur\/Kritik\/hoer_zu-oder_stirb\/index.html Info via A-DX","rel":"","context":"In \"dx\"","block_context":{"text":"dx","link":"https:\/\/www.achimbrueckner.de\/freeradio\/php\/wordpress\/?tag=dx"},"img":{"alt_text":"","src":"","width":0,"height":0},"classes":[]},{"id":30357,"url":"https:\/\/www.achimbrueckner.de\/freeradio\/php\/wordpress\/?p=30357","url_meta":{"origin":28111,"position":4},"title":"German TV Doku Voice of Peace","author":"Administrator","date":"January 15, 2014 18:46","format":false,"excerpt":"http:\/\/www.daserste.de\/information\/reportage-dokumentation\/dokus\/sendung\/ndr\/the-voice-of-peace-100.html http:\/\/www.ndr.de\/kultur\/kino_und_film\/ndr_produktionen\/abienathan101.html http:\/\/www.spiegel.de\/kultur\/tv\/the-voice-of-peace-dokumentation-von-eric-fiedler-ueber-abie-nathans-a-939008.html http:\/\/www.taz.de\/TV-Doku-ueber-Abie-Nathan\/!130465\/ http:\/\/www.fr-online.de\/tv-kritik\/tv-kritik--the-voice-of-peace---der-traum-des-abie-nathan-nathan-der-weise,1473344,25811326.html http:\/\/www.noz.de\/deutschland-welt\/medien\/artikel\/440676\/ard-doku-uber-friedensaktivist-abi-nathan http:\/\/www.welt.de\/kultur\/medien\/article123621040\/Er-brachte-Israel-Coolness-Burger-und-Peace.html http:\/\/www.sueddeutsche.de\/medien\/the-voice-of-peace-in-der-ard-vom-frieden-besessen-1.1856968 http:\/\/www.tagesspiegel.de\/medien\/polit-doku-frieden-ist-eine-coole-sache\/9294622.html http:\/\/www.weser-kurier.de\/startseite_artikel,-Der-Mann-den-John-Lennon-bewunderte-_arid,743065.html http:\/\/www.faz.net\/aktuell\/feuilleton\/medien\/the-voice-of-peace-im-ersten-der-pirat-der-unter-der-friedensflagge-segelte-12739884.html http:\/\/www.rp-online.de\/app\/tv\/prisma\/index\/tipp\/2014-01-07\/20140107_Ard_the_voice_of_peace Info via RadioCarolineMailinglist","rel":"","context":"In \"email\"","block_context":{"text":"email","link":"https:\/\/www.achimbrueckner.de\/freeradio\/php\/wordpress\/?tag=email"},"img":{"alt_text":"","src":"","width":0,"height":0},"classes":[]},{"id":21605,"url":"https:\/\/www.achimbrueckner.de\/freeradio\/php\/wordpress\/?p=21605","url_meta":{"origin":28111,"position":5},"title":"Ostbelgien","author":"Administrator","date":"February 23, 2011 18:09","format":false,"excerpt":"Ostbelgien - Der Medienrat ist zu m\u00e4chtig http:\/\/grenzecho.net\/zeitung\/aktuell\/artikel_detail.asp?a={04657C93-1C02-43D7-BEEA-8C503D75DF58} Info via Radioszene","rel":"","context":"In \"Medien\"","block_context":{"text":"Medien","link":"https:\/\/www.achimbrueckner.de\/freeradio\/php\/wordpress\/?tag=medien"},"img":{"alt_text":"","src":"","width":0,"height":0},"classes":[]}],"_links":{"self":[{"href":"https:\/\/www.achimbrueckner.de\/freeradio\/php\/wordpress\/index.php?rest_route=\/wp\/v2\/posts\/28111","targetHints":{"allow":["GET"]}}],"collection":[{"href":"https:\/\/www.achimbrueckner.de\/freeradio\/php\/wordpress\/index.php?rest_route=\/wp\/v2\/posts"}],"about":[{"href":"https:\/\/www.achimbrueckner.de\/freeradio\/php\/wordpress\/index.php?rest_route=\/wp\/v2\/types\/post"}],"author":[{"embeddable":true,"href":"https:\/\/www.achimbrueckner.de\/freeradio\/php\/wordpress\/index.php?rest_route=\/wp\/v2\/users\/1"}],"replies":[{"embeddable":true,"href":"https:\/\/www.achimbrueckner.de\/freeradio\/php\/wordpress\/index.php?rest_route=%2Fwp%2Fv2%2Fcomments&post=28111"}],"version-history":[{"count":0,"href":"https:\/\/www.achimbrueckner.de\/freeradio\/php\/wordpress\/index.php?rest_route=\/wp\/v2\/posts\/28111\/revisions"}],"wp:attachment":[{"href":"https:\/\/www.achimbrueckner.de\/freeradio\/php\/wordpress\/index.php?rest_route=%2Fwp%2Fv2%2Fmedia&parent=28111"}],"wp:term":[{"taxonomy":"category","embeddable":true,"href":"https:\/\/www.achimbrueckner.de\/freeradio\/php\/wordpress\/index.php?rest_route=%2Fwp%2Fv2%2Fcategories&post=28111"},{"taxonomy":"post_tag","embeddable":true,"href":"https:\/\/www.achimbrueckner.de\/freeradio\/php\/wordpress\/index.php?rest_route=%2Fwp%2Fv2%2Ftags&post=28111"}],"curies":[{"name":"wp","href":"https:\/\/api.w.org\/{rel}","templated":true}]}}