{"id":28123,"date":"2013-07-24T08:52:17","date_gmt":"2013-07-24T08:52:17","guid":{"rendered":"https:\/\/www.achimbrueckner.de\/freeradio\/php\/wordpress\/?p=28123"},"modified":"2013-07-24T08:52:17","modified_gmt":"2013-07-24T08:52:17","slug":"alter-und-neuer-staatsfunk-griechenlands-piratensender","status":"publish","type":"post","link":"https:\/\/www.achimbrueckner.de\/freeradio\/php\/wordpress\/?p=28123","title":{"rendered":"Alter und neuer Staatsfunk: Griechenlands Piratensender"},"content":{"rendered":"<p>Alter und neuer Staatsfunk: Griechenlands Piratensender<\/p>\n<p><a href=\"http:\/\/www.spiegel.de\/wirtschaft\/soziales\/griechenland-der-staatsrundfunk-wird-zum-piratensender-a-912364.html\" target=\"_blank\">http:\/\/www.spiegel.de\/wirtschaft\/soziales\/griechenland-der-staatsrundfunk-wird-zum-piratensender-a-912364.html<\/a><\/p>\n","protected":false},"excerpt":{"rendered":"<p>Alter und neuer Staatsfunk: Griechenlands Piratensender http:\/\/www.spiegel.de\/wirtschaft\/soziales\/griechenland-der-staatsrundfunk-wird-zum-piratensender-a-912364.html<\/p>\n","protected":false},"author":1,"featured_media":0,"comment_status":"open","ping_status":"open","sticky":false,"template":"","format":"standard","meta":{"_jetpack_memberships_contains_paid_content":false,"footnotes":"","jetpack_publicize_message":"","jetpack_publicize_feature_enabled":true,"jetpack_social_post_already_shared":false,"jetpack_social_options":{"image_generator_settings":{"template":"highway","default_image_id":0,"font":"","enabled":false},"version":2}},"categories":[1],"tags":[25],"class_list":["post-28123","post","type-post","status-publish","format-standard","hentry","category-uncategorized","tag-piratensender"],"jetpack_publicize_connections":[],"jetpack_featured_media_url":"","jetpack_sharing_enabled":true,"jetpack_shortlink":"https:\/\/wp.me\/p5CD59-7jB","jetpack-related-posts":[{"id":473274,"url":"https:\/\/www.achimbrueckner.de\/freeradio\/php\/wordpress\/?p=473274","url_meta":{"origin":28123,"position":0},"title":"Piratensender Geschichten: Neuer Podcast zum Thema freies Radio","author":"Administrator","date":"May 5, 2024 16:20","format":false,"excerpt":"https:\/\/www.radioblog.eu\/2024\/05\/05\/piratensender-geschichten-neuer-podcast-zum-thema-freies-radio\/","rel":"","context":"Similar post","block_context":{"text":"Similar post","link":""},"img":{"alt_text":"","src":"","width":0,"height":0},"classes":[]},{"id":2300,"url":"https:\/\/www.achimbrueckner.de\/freeradio\/php\/wordpress\/?p=2300","url_meta":{"origin":28123,"position":1},"title":"Piratensender Powerplay","author":"Administrator","date":"March 29, 2007 16:54","format":false,"excerpt":"Auf wikipedia ist ein Artikel zum Kultfilm der 80er Jahre Piratensender Powerplay erschienen. Die beiden Supernasen Tommy und Mike betreiben einen Piratensender aus einem Wohnmobil heraus.","rel":"","context":"In &quot;links&quot;","block_context":{"text":"links","link":"https:\/\/www.achimbrueckner.de\/freeradio\/php\/wordpress\/?cat=9"},"img":{"alt_text":"","src":"","width":0,"height":0},"classes":[]},{"id":22247,"url":"https:\/\/www.achimbrueckner.de\/freeradio\/php\/wordpress\/?p=22247","url_meta":{"origin":28123,"position":2},"title":"Parlaments-TV: Einmal Piratensender und zur\u00fcck","author":"Administrator","date":"April 26, 2011 18:51","format":false,"excerpt":"Parlaments-TV: Einmal Piratensender und zur\u00fcck http:\/\/www.dwdl.de\/nachrichten\/31043\/parlamentsfernsehen_einmal_piratensender_und_zurck\/","rel":"","context":"In \"AM\"","block_context":{"text":"AM","link":"https:\/\/www.achimbrueckner.de\/freeradio\/php\/wordpress\/?tag=am"},"img":{"alt_text":"","src":"","width":0,"height":0},"classes":[]},{"id":458989,"url":"https:\/\/www.achimbrueckner.de\/freeradio\/php\/wordpress\/?p=458989","url_meta":{"origin":28123,"position":3},"title":"Die WM, ein Piratensender und Streit am Golf","author":"Administrator","date":"July 13, 2018 20:39","format":false,"excerpt":"https:\/\/www.dw.com\/de\/die-wm-ein-piratensender-und-streit-am-golf\/a-44651428","rel":"","context":"In \"AM\"","block_context":{"text":"AM","link":"https:\/\/www.achimbrueckner.de\/freeradio\/php\/wordpress\/?tag=am"},"img":{"alt_text":"","src":"","width":0,"height":0},"classes":[]},{"id":25566,"url":"https:\/\/www.achimbrueckner.de\/freeradio\/php\/wordpress\/?p=25566","url_meta":{"origin":28123,"position":4},"title":"Niederl\u00e4ndische Funkpiraten fl\u00fcchten \u00fcber Grenze nach Deutschland \u00e2\u20ac\u201c 25 Piratensender in Niedersachsen entdeckt","author":"Administrator","date":"August 16, 2012 06:05","format":false,"excerpt":"Niederl\u00e4ndische Funkpiraten fl\u00fcchten \u00fcber Grenze nach Deutschland \u00e2\u20ac\u201c 25 Piratensender in Niedersachsen entdeckt http:\/\/www.noz.de\/deutschland-und-welt\/politik\/niedersachsen\/65817980\/niederlaendische-funkpiraten-fluechten-ueber-grenze-nach-deutschland--25-piratensender-in-niedersachsen-entdeckt","rel":"","context":"In \"Piratensender\"","block_context":{"text":"Piratensender","link":"https:\/\/www.achimbrueckner.de\/freeradio\/php\/wordpress\/?tag=piratensender"},"img":{"alt_text":"","src":"","width":0,"height":0},"classes":[]},{"id":461067,"url":"https:\/\/www.achimbrueckner.de\/freeradio\/php\/wordpress\/?p=461067","url_meta":{"origin":28123,"position":5},"title":"Flotte Flitzer und ein Piratensender Das waren die 70er Jahre","author":"Administrator","date":"July 27, 2019 10:12","format":false,"excerpt":"https:\/\/www.lz.de\/lippe\/kreis_lippe\/22518614_Flotte-Flitzer-und-ein-Piratensender-Das-waren-die-70er-Jahre.html","rel":"","context":"In \"Piratensender\"","block_context":{"text":"Piratensender","link":"https:\/\/www.achimbrueckner.de\/freeradio\/php\/wordpress\/?tag=piratensender"},"img":{"alt_text":"","src":"","width":0,"height":0},"classes":[]}],"_links":{"self":[{"href":"https:\/\/www.achimbrueckner.de\/freeradio\/php\/wordpress\/index.php?rest_route=\/wp\/v2\/posts\/28123","targetHints":{"allow":["GET"]}}],"collection":[{"href":"https:\/\/www.achimbrueckner.de\/freeradio\/php\/wordpress\/index.php?rest_route=\/wp\/v2\/posts"}],"about":[{"href":"https:\/\/www.achimbrueckner.de\/freeradio\/php\/wordpress\/index.php?rest_route=\/wp\/v2\/types\/post"}],"author":[{"embeddable":true,"href":"https:\/\/www.achimbrueckner.de\/freeradio\/php\/wordpress\/index.php?rest_route=\/wp\/v2\/users\/1"}],"replies":[{"embeddable":true,"href":"https:\/\/www.achimbrueckner.de\/freeradio\/php\/wordpress\/index.php?rest_route=%2Fwp%2Fv2%2Fcomments&post=28123"}],"version-history":[{"count":0,"href":"https:\/\/www.achimbrueckner.de\/freeradio\/php\/wordpress\/index.php?rest_route=\/wp\/v2\/posts\/28123\/revisions"}],"wp:attachment":[{"href":"https:\/\/www.achimbrueckner.de\/freeradio\/php\/wordpress\/index.php?rest_route=%2Fwp%2Fv2%2Fmedia&parent=28123"}],"wp:term":[{"taxonomy":"category","embeddable":true,"href":"https:\/\/www.achimbrueckner.de\/freeradio\/php\/wordpress\/index.php?rest_route=%2Fwp%2Fv2%2Fcategories&post=28123"},{"taxonomy":"post_tag","embeddable":true,"href":"https:\/\/www.achimbrueckner.de\/freeradio\/php\/wordpress\/index.php?rest_route=%2Fwp%2Fv2%2Ftags&post=28123"}],"curies":[{"name":"wp","href":"https:\/\/api.w.org\/{rel}","templated":true}]}}