{"id":28160,"date":"2013-07-27T15:25:12","date_gmt":"2013-07-27T15:25:12","guid":{"rendered":"https:\/\/www.achimbrueckner.de\/freeradio\/php\/wordpress\/?p=28160"},"modified":"2013-07-27T15:25:12","modified_gmt":"2013-07-27T15:25:12","slug":"radio-benelux-den-bosch-1987-bokkelaren","status":"publish","type":"post","link":"https:\/\/www.achimbrueckner.de\/freeradio\/php\/wordpress\/?p=28160","title":{"rendered":"Radio Benelux Den Bosch 1987 (Bokkelaren)"},"content":{"rendered":"<p>Radio Benelux Den Bosch 1987 (Bokkelaren)<\/p>\n<p><a href=\"http:\/\/www.youtube.com\/watch?v=PZ1CX_rufIo\" target=\"_blank\">http:\/\/www.youtube.com\/watch?v=PZ1CX_rufIo<\/a><\/p>\n","protected":false},"excerpt":{"rendered":"<p>Radio Benelux Den Bosch 1987 (Bokkelaren) http:\/\/www.youtube.com\/watch?v=PZ1CX_rufIo<\/p>\n","protected":false},"author":1,"featured_media":0,"comment_status":"open","ping_status":"open","sticky":false,"template":"","format":"standard","meta":{"_jetpack_memberships_contains_paid_content":false,"footnotes":"","jetpack_publicize_message":"","jetpack_publicize_feature_enabled":true,"jetpack_social_post_already_shared":false,"jetpack_social_options":{"image_generator_settings":{"template":"highway","default_image_id":0,"font":"","enabled":false},"version":2}},"categories":[1],"tags":[35],"class_list":["post-28160","post","type-post","status-publish","format-standard","hentry","category-uncategorized","tag-benelux"],"jetpack_publicize_connections":[],"jetpack_featured_media_url":"","jetpack_sharing_enabled":true,"jetpack_shortlink":"https:\/\/wp.me\/p5CD59-7kc","jetpack-related-posts":[{"id":30732,"url":"https:\/\/www.achimbrueckner.de\/freeradio\/php\/wordpress\/?p=30732","url_meta":{"origin":28160,"position":0},"title":"Benelux Radio Jingles","author":"Administrator","date":"February 13, 2014 15:34","format":false,"excerpt":"http:\/\/www.youtube.com\/watch?v=cb8Mb-5j1CU&feature=share","rel":"","context":"In \"Benelux\"","block_context":{"text":"Benelux","link":"https:\/\/www.achimbrueckner.de\/freeradio\/php\/wordpress\/?tag=benelux"},"img":{"alt_text":"","src":"","width":0,"height":0},"classes":[]},{"id":23308,"url":"https:\/\/www.achimbrueckner.de\/freeradio\/php\/wordpress\/?p=23308","url_meta":{"origin":28160,"position":1},"title":"Radio Benelux Website Spot","author":"Administrator","date":"November 1, 2011 18:57","format":false,"excerpt":"hier ein von Nick Barker und mir produzierter Spot f\u00fcr die Radio Benelux-Website, mit vielen O-T\u00f6nen aus den sch\u00f6nen Benelux-Zeiten. promo_fuer_radio-benelux.de.mp3","rel":"","context":"In &quot;download&quot;","block_context":{"text":"download","link":"https:\/\/www.achimbrueckner.de\/freeradio\/php\/wordpress\/?cat=7"},"img":{"alt_text":"","src":"","width":0,"height":0},"classes":[]},{"id":449958,"url":"https:\/\/www.achimbrueckner.de\/freeradio\/php\/wordpress\/?p=449958","url_meta":{"origin":28160,"position":2},"title":"Radio Benelux im WDR Fernsehen","author":"Administrator","date":"August 14, 2016 13:34","format":false,"excerpt":"https:\/\/www.youtube.com\/watch?v=_f2EU9V-xAo","rel":"","context":"In \"Benelux\"","block_context":{"text":"Benelux","link":"https:\/\/www.achimbrueckner.de\/freeradio\/php\/wordpress\/?tag=benelux"},"img":{"alt_text":"","src":"","width":0,"height":0},"classes":[]},{"id":464082,"url":"https:\/\/www.achimbrueckner.de\/freeradio\/php\/wordpress\/?p=464082","url_meta":{"origin":28160,"position":3},"title":"Radio Benelux Live op de Groest in Hilversum 30 April 1985 koninginnedag","author":"Administrator","date":"September 23, 2020 14:41","format":false,"excerpt":"https:\/\/www.youtube.com\/watch?v=if3xmp7pBeU","rel":"","context":"In \"Benelux\"","block_context":{"text":"Benelux","link":"https:\/\/www.achimbrueckner.de\/freeradio\/php\/wordpress\/?tag=benelux"},"img":{"alt_text":"","src":"","width":0,"height":0},"classes":[]},{"id":28161,"url":"https:\/\/www.achimbrueckner.de\/freeradio\/php\/wordpress\/?p=28161","url_meta":{"origin":28160,"position":4},"title":"Power Radio Den Bosch (1988) antenne plaatsen (Hambaken)","author":"Administrator","date":"July 27, 2013 15:26","format":false,"excerpt":"Power Radio Den Bosch (1988) antenne plaatsen (Hambaken) http:\/\/www.youtube.com\/watch?v=ZDFvtCJdcfY","rel":"","context":"In \"AM\"","block_context":{"text":"AM","link":"https:\/\/www.achimbrueckner.de\/freeradio\/php\/wordpress\/?tag=am"},"img":{"alt_text":"","src":"","width":0,"height":0},"classes":[]},{"id":457075,"url":"https:\/\/www.achimbrueckner.de\/freeradio\/php\/wordpress\/?p=457075","url_meta":{"origin":28160,"position":5},"title":"Roger Kirks \u201eFree Radio Fanzine\u201c","author":"Administrator","date":"October 27, 2017 15:12","format":false,"excerpt":"http:\/\/www.addx-verlag.de\/ Zitat von der Webseite: Roger Kirk, ein Name, der f\u00fcr deutsche Radiogeschichte steht. Gepr\u00e4gt von den einstigen Seesendern wurde er selbst zum Radiopionier. Roger startete am 17. September 1983 die Kurzwellenmusikstation Radio Victoria International (RV). Roger war mit RV gnadenlos der Zeit voraus: Bevor der Privatfunk in Deutschland startete,\u2026","rel":"","context":"In \"AM\"","block_context":{"text":"AM","link":"https:\/\/www.achimbrueckner.de\/freeradio\/php\/wordpress\/?tag=am"},"img":{"alt_text":"","src":"","width":0,"height":0},"classes":[]}],"_links":{"self":[{"href":"https:\/\/www.achimbrueckner.de\/freeradio\/php\/wordpress\/index.php?rest_route=\/wp\/v2\/posts\/28160","targetHints":{"allow":["GET"]}}],"collection":[{"href":"https:\/\/www.achimbrueckner.de\/freeradio\/php\/wordpress\/index.php?rest_route=\/wp\/v2\/posts"}],"about":[{"href":"https:\/\/www.achimbrueckner.de\/freeradio\/php\/wordpress\/index.php?rest_route=\/wp\/v2\/types\/post"}],"author":[{"embeddable":true,"href":"https:\/\/www.achimbrueckner.de\/freeradio\/php\/wordpress\/index.php?rest_route=\/wp\/v2\/users\/1"}],"replies":[{"embeddable":true,"href":"https:\/\/www.achimbrueckner.de\/freeradio\/php\/wordpress\/index.php?rest_route=%2Fwp%2Fv2%2Fcomments&post=28160"}],"version-history":[{"count":0,"href":"https:\/\/www.achimbrueckner.de\/freeradio\/php\/wordpress\/index.php?rest_route=\/wp\/v2\/posts\/28160\/revisions"}],"wp:attachment":[{"href":"https:\/\/www.achimbrueckner.de\/freeradio\/php\/wordpress\/index.php?rest_route=%2Fwp%2Fv2%2Fmedia&parent=28160"}],"wp:term":[{"taxonomy":"category","embeddable":true,"href":"https:\/\/www.achimbrueckner.de\/freeradio\/php\/wordpress\/index.php?rest_route=%2Fwp%2Fv2%2Fcategories&post=28160"},{"taxonomy":"post_tag","embeddable":true,"href":"https:\/\/www.achimbrueckner.de\/freeradio\/php\/wordpress\/index.php?rest_route=%2Fwp%2Fv2%2Ftags&post=28160"}],"curies":[{"name":"wp","href":"https:\/\/api.w.org\/{rel}","templated":true}]}}