{"id":28447,"date":"2013-08-16T11:38:52","date_gmt":"2013-08-16T11:38:52","guid":{"rendered":"https:\/\/www.achimbrueckner.de\/freeradio\/php\/wordpress\/?p=28447"},"modified":"2013-08-16T11:38:52","modified_gmt":"2013-08-16T11:38:52","slug":"farmers-tag-webradio","status":"publish","type":"post","link":"https:\/\/www.achimbrueckner.de\/freeradio\/php\/wordpress\/?p=28447","title":{"rendered":"Farmers Tag webradio"},"content":{"rendered":"<p>Farmers-Tag im web: 16. August 2013 2000 MESZ<\/p>\n<p><a href=\"http:\/\/studio-kiel.tk\" target=\"_blank\">http:\/\/studio-kiel.tk<\/a><\/p>\n<p>Info via Facebook<\/p>\n","protected":false},"excerpt":{"rendered":"<p>Farmers-Tag im web: 16. August 2013 2000 MESZ http:\/\/studio-kiel.tk Info via Facebook<\/p>\n","protected":false},"author":1,"featured_media":0,"comment_status":"open","ping_status":"open","sticky":false,"template":"","format":"standard","meta":{"_jetpack_memberships_contains_paid_content":false,"footnotes":"","jetpack_publicize_message":"","jetpack_publicize_feature_enabled":true,"jetpack_social_post_already_shared":false,"jetpack_social_options":{"image_generator_settings":{"template":"highway","default_image_id":0,"font":"","enabled":false},"version":2}},"categories":[1],"tags":[26],"class_list":["post-28447","post","type-post","status-publish","format-standard","hentry","category-uncategorized","tag-web"],"jetpack_publicize_connections":[],"jetpack_featured_media_url":"","jetpack_sharing_enabled":true,"jetpack_shortlink":"https:\/\/wp.me\/p5CD59-7oP","jetpack-related-posts":[{"id":475479,"url":"https:\/\/www.achimbrueckner.de\/freeradio\/php\/wordpress\/?p=475479","url_meta":{"origin":28447,"position":0},"title":"Radio Perfekt im Webradio 16 April 2026","author":"Administrator","date":"April 16, 2026 13:24","format":false,"excerpt":"Radio Perfekt moderiert heute im Webradio auf https:\/\/www.rheiderlandradio.de\/. Eine Stunde gibts Programm von 1900 bis 2000 MESZ. Info via Facebook","rel":"","context":"Similar post","block_context":{"text":"Similar post","link":""},"img":{"alt_text":"","src":"","width":0,"height":0},"classes":[]},{"id":18658,"url":"https:\/\/www.achimbrueckner.de\/freeradio\/php\/wordpress\/?p=18658","url_meta":{"origin":28447,"position":1},"title":"RNI webradio","author":"Administrator","date":"June 12, 2010 11:40","format":false,"excerpt":"Das deutsche Programm von RNI webradio gibt es auch auf Kultradio sonntags ab 12 Uhr MESZ: n Koproduktion mit RNI: 12:00 \u00e2\u20ac\u201c 13:00 Oldietemple pt. 1 mit Paul Meier 13:00 \u00e2\u20ac\u201c 15:00 Roger Kirk mit Old Days 15:00 \u00e2\u20ac\u201c 17:00 Let\u00e2\u20ac\u2122s Spend the Night Together mit Hans Joachim 17:00 \u00e2\u20ac\u201c\u2026","rel":"","context":"In &quot;webradio&quot;","block_context":{"text":"webradio","link":"https:\/\/www.achimbrueckner.de\/freeradio\/php\/wordpress\/?cat=13"},"img":{"alt_text":"","src":"","width":0,"height":0},"classes":[]},{"id":463834,"url":"https:\/\/www.achimbrueckner.de\/freeradio\/php\/wordpress\/?p=463834","url_meta":{"origin":28447,"position":2},"title":"Radio 60 15. August 2020 6045 Khz","author":"Administrator","date":"August 11, 2020 17:44","format":false,"excerpt":"Erste Sendung aus Nauen 13 - 16 Uhr MESZ mit 100kW auf 6045 kHz - mit guter & alter Rock- und Popmusik - 13-14 Uhr mit \u20acrdenman von Radio60! - 14-15 Uhr mit Gunter von Hitmix-Radio als Gast-DJ - 15-16 Uhr wieder mit \u20acrdenman von Radio60! Empfangsrapporte, Gr\u00fc\u00dfe und Musikw\u00fcnsche\u2026","rel":"","context":"Similar post","block_context":{"text":"Similar post","link":""},"img":{"alt_text":"","src":"","width":0,"height":0},"classes":[]},{"id":22709,"url":"https:\/\/www.achimbrueckner.de\/freeradio\/php\/wordpress\/?p=22709","url_meta":{"origin":28447,"position":3},"title":"Radio Marabu 20 August 2011","author":"Administrator","date":"August 19, 2011 15:42","format":false,"excerpt":"Morgen, Samstag 20. August 2011 von 12-18 Uhr MESZ ist wieder Radio Marabu Zeit auf 6085 kHz. Das ganze auch als Stream: http:\/\/broadcast.funkhaus.info\/kurzwelle-6085 Info via A-DX","rel":"","context":"In \"AM\"","block_context":{"text":"AM","link":"https:\/\/www.achimbrueckner.de\/freeradio\/php\/wordpress\/?tag=am"},"img":{"alt_text":"","src":"","width":0,"height":0},"classes":[]},{"id":2702,"url":"https:\/\/www.achimbrueckner.de\/freeradio\/php\/wordpress\/?p=2702","url_meta":{"origin":28447,"position":4},"title":"Radio Benelux Revival","author":"Administrator","date":"May 16, 2007 22:27","format":false,"excerpt":"Auf Radio D\u00fclken l\u00e4uft am 17. Mai 2007 ab 1200 Uhr MESZ eine Sondersendung zu 26 Jahre Radio Benelux. Einschalten via webstream. Mehr zu Radio Benelux gibt es auf www.radio-benelux.de. In der Sondersendung werden wohl die Orginal-Tondokumente von damals ausgestrahlt. Info via Radioh\u00f6rerforum ukwtv.de","rel":"","context":"In \"AM\"","block_context":{"text":"AM","link":"https:\/\/www.achimbrueckner.de\/freeradio\/php\/wordpress\/?tag=am"},"img":{"alt_text":"","src":"","width":0,"height":0},"classes":[]},{"id":33436,"url":"https:\/\/www.achimbrueckner.de\/freeradio\/php\/wordpress\/?p=33436","url_meta":{"origin":28447,"position":5},"title":"MI AMIGO 40 NIEUWS webradio","author":"Administrator","date":"May 29, 2014 08:35","format":false,"excerpt":"http:\/\/miamigo40.be\/nl\/home\/ Info via Twitter","rel":"","context":"In \"AM\"","block_context":{"text":"AM","link":"https:\/\/www.achimbrueckner.de\/freeradio\/php\/wordpress\/?tag=am"},"img":{"alt_text":"","src":"","width":0,"height":0},"classes":[]}],"_links":{"self":[{"href":"https:\/\/www.achimbrueckner.de\/freeradio\/php\/wordpress\/index.php?rest_route=\/wp\/v2\/posts\/28447","targetHints":{"allow":["GET"]}}],"collection":[{"href":"https:\/\/www.achimbrueckner.de\/freeradio\/php\/wordpress\/index.php?rest_route=\/wp\/v2\/posts"}],"about":[{"href":"https:\/\/www.achimbrueckner.de\/freeradio\/php\/wordpress\/index.php?rest_route=\/wp\/v2\/types\/post"}],"author":[{"embeddable":true,"href":"https:\/\/www.achimbrueckner.de\/freeradio\/php\/wordpress\/index.php?rest_route=\/wp\/v2\/users\/1"}],"replies":[{"embeddable":true,"href":"https:\/\/www.achimbrueckner.de\/freeradio\/php\/wordpress\/index.php?rest_route=%2Fwp%2Fv2%2Fcomments&post=28447"}],"version-history":[{"count":0,"href":"https:\/\/www.achimbrueckner.de\/freeradio\/php\/wordpress\/index.php?rest_route=\/wp\/v2\/posts\/28447\/revisions"}],"wp:attachment":[{"href":"https:\/\/www.achimbrueckner.de\/freeradio\/php\/wordpress\/index.php?rest_route=%2Fwp%2Fv2%2Fmedia&parent=28447"}],"wp:term":[{"taxonomy":"category","embeddable":true,"href":"https:\/\/www.achimbrueckner.de\/freeradio\/php\/wordpress\/index.php?rest_route=%2Fwp%2Fv2%2Fcategories&post=28447"},{"taxonomy":"post_tag","embeddable":true,"href":"https:\/\/www.achimbrueckner.de\/freeradio\/php\/wordpress\/index.php?rest_route=%2Fwp%2Fv2%2Ftags&post=28447"}],"curies":[{"name":"wp","href":"https:\/\/api.w.org\/{rel}","templated":true}]}}