{"id":28481,"date":"2013-08-18T15:13:09","date_gmt":"2013-08-18T15:13:09","guid":{"rendered":"https:\/\/www.achimbrueckner.de\/freeradio\/php\/wordpress\/?p=28481"},"modified":"2013-08-18T15:13:09","modified_gmt":"2013-08-18T15:13:09","slug":"fernfahrer-legt-flughafen-netzwerk-in-new-york-lahm","status":"publish","type":"post","link":"https:\/\/www.achimbrueckner.de\/freeradio\/php\/wordpress\/?p=28481","title":{"rendered":"Fernfahrer legt Flughafen-Netzwerk in New York lahm"},"content":{"rendered":"<p>Fernfahrer legt Flughafen-Netzwerk in New York lahm<\/p>\n<p><a href=\"http:\/\/www.t-online.de\/computer\/hardware\/id_64997968\/new-york-trucker-legt-flughafen-netzwerk-mit-gps-stoersender-lahm.html\" target=\"_blank\">http:\/\/www.t-online.de\/computer\/hardware\/id_64997968\/new-york-trucker-legt-flughafen-netzwerk-mit-gps-stoersender-lahm.html<\/a><\/p>\n","protected":false},"excerpt":{"rendered":"<p>Fernfahrer legt Flughafen-Netzwerk in New York lahm http:\/\/www.t-online.de\/computer\/hardware\/id_64997968\/new-york-trucker-legt-flughafen-netzwerk-mit-gps-stoersender-lahm.html<\/p>\n","protected":false},"author":1,"featured_media":0,"comment_status":"open","ping_status":"open","sticky":false,"template":"","format":"standard","meta":{"_jetpack_memberships_contains_paid_content":false,"footnotes":"","jetpack_publicize_message":"","jetpack_publicize_feature_enabled":true,"jetpack_social_post_already_shared":false,"jetpack_social_options":{"image_generator_settings":{"template":"highway","default_image_id":0,"font":"","enabled":false},"version":2}},"categories":[1],"tags":[],"class_list":["post-28481","post","type-post","status-publish","format-standard","hentry","category-uncategorized"],"jetpack_publicize_connections":[],"jetpack_featured_media_url":"","jetpack_sharing_enabled":true,"jetpack_shortlink":"https:\/\/wp.me\/p5CD59-7pn","jetpack-related-posts":[{"id":29186,"url":"https:\/\/www.achimbrueckner.de\/freeradio\/php\/wordpress\/?p=29186","url_meta":{"origin":28481,"position":0},"title":"Einsatz der Bundesnetzagentur Dortmunder Wecker legt Flugzeugfunk lahm","author":"Administrator","date":"October 23, 2013 16:34","format":false,"excerpt":"http:\/\/www.recklinghaeuser-zeitung.de\/nachrichten\/region\/dortmund\/Einsatz-der-Bundesnetzagentur-Dortmunder-Wecker-legt-Flugzeugfunk-lahm","rel":"","context":"Similar post","block_context":{"text":"Similar post","link":""},"img":{"alt_text":"","src":"","width":0,"height":0},"classes":[]},{"id":34779,"url":"https:\/\/www.achimbrueckner.de\/freeradio\/php\/wordpress\/?p=34779","url_meta":{"origin":28481,"position":1},"title":"Google-Plus Spambeitr\u00e4ge","author":"Administrator","date":"July 26, 2013 12:44","format":false,"excerpt":"Jetzt hat es mich auch erwischt. Jemand aus meinen Google-Plus Kreisen hat mich als Spammer markiert, von da an sind alle meine Beitr\u00e4ge im Review und nicht sofort sichtbar. What a mess. Ein Grund mehr um wieder die eigenen Webseiten st\u00e4rker zu pflegen. Google Plus so wird das nichts mit\u2026","rel":"","context":"In &quot;privat&quot;","block_context":{"text":"privat","link":"https:\/\/www.achimbrueckner.de\/freeradio\/php\/wordpress\/?cat=37"},"img":{"alt_text":"","src":"","width":0,"height":0},"classes":[]},{"id":26809,"url":"https:\/\/www.achimbrueckner.de\/freeradio\/php\/wordpress\/?p=26809","url_meta":{"origin":28481,"position":2},"title":"Radio Joystick 3, Februar 2013","author":"Administrator","date":"February 2, 2013 10:54","format":false,"excerpt":"Radio Joystick 7330 Khz 1100 Utc 3. Februar 2013 1. Musik, Nachrichten und mehr! In wenig mehr als 24 Stunden ist es soweit: Europa empf\u00e4ngt die erste regul\u00e4re Charlie-Prince-Show auf der neuen Frequenz! Diesmal spielt Charlie immerhin ein Drittel der Musiktitel zum ersten Mal. Und wer gute Nachrichten sucht, wird\u2026","rel":"","context":"Similar post","block_context":{"text":"Similar post","link":""},"img":{"alt_text":"","src":"","width":0,"height":0},"classes":[]},{"id":466345,"url":"https:\/\/www.achimbrueckner.de\/freeradio\/php\/wordpress\/?p=466345","url_meta":{"origin":28481,"position":3},"title":"NL: St\u00f6rung des Luftverkehrs durch legalen UKW-Sender","author":"Administrator","date":"January 4, 2022 14:25","format":false,"excerpt":"NL: St\u00f6rung des Luftverkehrs durch legalen UKW-Sender Wie die niederl\u00e4ndische Amateurfunkvereinigung VERON unter Berufung auf die niederl\u00e4ndische Flugsicherung LVNL berichtet, ist in den letzten Wochen der Funkverkehr der auf dem Flughafen Schiphol landenden Flugzeuge regelm\u00e4\u00dfig durch Musik gest\u00f6rt worden. Die niederl\u00e4ndische Fernmeldebeh\u00f6rde Agentschap Telecom nahm daraufhin Ende letzter Woche einen\u2026","rel":"","context":"Similar post","block_context":{"text":"Similar post","link":""},"img":{"alt_text":"","src":"","width":0,"height":0},"classes":[]},{"id":474261,"url":"https:\/\/www.achimbrueckner.de\/freeradio\/php\/wordpress\/?p=474261","url_meta":{"origin":28481,"position":4},"title":"DER 23. ERKRATHER RADIOTAG Samstag , 20.September 2025","author":"Administrator","date":"June 23, 2025 17:49","format":false,"excerpt":"DER 23. ERKRATHER RADIOTAG Samstag , 20.September 2025 Der 23. Radiotag wird am 20.September 2025 an gewohnter Stelle im Technischen Museum QQTec in 40721 Hilden stattfinden. Das Tagesprogramm ist in Vorbereitung und wird sp\u00e4ter ver\u00f6ffentlicht. Die Veranstaltung findet wie \u00fcblich von 13.00 Uhr bis 19.00 Uhr statt. Der Eintritt betr\u00e4gt\u2026","rel":"","context":"In &quot;Camps&quot;","block_context":{"text":"Camps","link":"https:\/\/www.achimbrueckner.de\/freeradio\/php\/wordpress\/?cat=6"},"img":{"alt_text":"","src":"","width":0,"height":0},"classes":[]},{"id":454310,"url":"https:\/\/www.achimbrueckner.de\/freeradio\/php\/wordpress\/?p=454310","url_meta":{"origin":28481,"position":5},"title":"Bundesnetzagentur legt UKW-Schwarzsender still","author":"Administrator","date":"April 19, 2017 07:44","format":false,"excerpt":"http:\/\/www.radiowoche.de\/bundesnetzagentur-legt-ukw-schwarzsender-still\/","rel":"","context":"In \"UKW\"","block_context":{"text":"UKW","link":"https:\/\/www.achimbrueckner.de\/freeradio\/php\/wordpress\/?tag=ukw"},"img":{"alt_text":"","src":"","width":0,"height":0},"classes":[]}],"_links":{"self":[{"href":"https:\/\/www.achimbrueckner.de\/freeradio\/php\/wordpress\/index.php?rest_route=\/wp\/v2\/posts\/28481","targetHints":{"allow":["GET"]}}],"collection":[{"href":"https:\/\/www.achimbrueckner.de\/freeradio\/php\/wordpress\/index.php?rest_route=\/wp\/v2\/posts"}],"about":[{"href":"https:\/\/www.achimbrueckner.de\/freeradio\/php\/wordpress\/index.php?rest_route=\/wp\/v2\/types\/post"}],"author":[{"embeddable":true,"href":"https:\/\/www.achimbrueckner.de\/freeradio\/php\/wordpress\/index.php?rest_route=\/wp\/v2\/users\/1"}],"replies":[{"embeddable":true,"href":"https:\/\/www.achimbrueckner.de\/freeradio\/php\/wordpress\/index.php?rest_route=%2Fwp%2Fv2%2Fcomments&post=28481"}],"version-history":[{"count":0,"href":"https:\/\/www.achimbrueckner.de\/freeradio\/php\/wordpress\/index.php?rest_route=\/wp\/v2\/posts\/28481\/revisions"}],"wp:attachment":[{"href":"https:\/\/www.achimbrueckner.de\/freeradio\/php\/wordpress\/index.php?rest_route=%2Fwp%2Fv2%2Fmedia&parent=28481"}],"wp:term":[{"taxonomy":"category","embeddable":true,"href":"https:\/\/www.achimbrueckner.de\/freeradio\/php\/wordpress\/index.php?rest_route=%2Fwp%2Fv2%2Fcategories&post=28481"},{"taxonomy":"post_tag","embeddable":true,"href":"https:\/\/www.achimbrueckner.de\/freeradio\/php\/wordpress\/index.php?rest_route=%2Fwp%2Fv2%2Ftags&post=28481"}],"curies":[{"name":"wp","href":"https:\/\/api.w.org\/{rel}","templated":true}]}}