{"id":2873,"date":"2003-12-26T20:24:16","date_gmt":"2003-12-26T20:24:16","guid":{"rendered":"https:\/\/www.achimbrueckner.de\/freeradio\/php\/wordpress\/?p=2873"},"modified":"2003-12-26T20:24:16","modified_gmt":"2003-12-26T20:24:16","slug":"power-41","status":"publish","type":"post","link":"https:\/\/www.achimbrueckner.de\/freeradio\/php\/wordpress\/?p=2873","title":{"rendered":"Power 41"},"content":{"rendered":"<p>Power 41 produzierte auf den ungew\u00f6hnlichen Frequenzen 6315 und 6311 Khz heute nachmittag ein Supersignal. Das Programm bestand aus call-ins die live auf den Sender geschaltet wurden, es herrschte reger Betrieb auf der hotline. Die Interferenzen hielten sich hier in Grenzen, insgesamt kam das Programm gut durch, bis es dann nach 1600 Utc im \u00c4therrauschen verschwand. Hier hat dann wohl die im Winter auftretende tote Zone zugeschlagen.<\/p>\n","protected":false},"excerpt":{"rendered":"<p>Power 41 produzierte auf den ungew\u00f6hnlichen Frequenzen 6315 und 6311 Khz heute nachmittag ein Supersignal. Das Programm bestand aus call-ins die live auf den Sender geschaltet wurden, es herrschte reger Betrieb auf der hotline. Die Interferenzen hielten sich hier in Grenzen, insgesamt kam das Programm gut durch, bis es dann nach 1600 Utc im \u00c4therrauschen &hellip; <a href=\"https:\/\/www.achimbrueckner.de\/freeradio\/php\/wordpress\/?p=2873\" class=\"more-link\">Continue reading <span class=\"screen-reader-text\">Power 41<\/span><\/a><\/p>\n","protected":false},"author":1,"featured_media":0,"comment_status":"open","ping_status":"open","sticky":false,"template":"","format":"standard","meta":{"_jetpack_memberships_contains_paid_content":false,"footnotes":"","jetpack_publicize_message":"","jetpack_publicize_feature_enabled":true,"jetpack_social_post_already_shared":false,"jetpack_social_options":{"image_generator_settings":{"template":"highway","default_image_id":0,"font":"","enabled":false},"version":2}},"categories":[3],"tags":[22],"class_list":["post-2873","post","type-post","status-publish","format-standard","hentry","category-empfang","tag-am"],"jetpack_publicize_connections":[],"jetpack_featured_media_url":"","jetpack_sharing_enabled":true,"jetpack_shortlink":"https:\/\/wp.me\/p5CD59-Kl","jetpack-related-posts":[{"id":473870,"url":"https:\/\/www.achimbrueckner.de\/freeradio\/php\/wordpress\/?p=473870","url_meta":{"origin":2873,"position":0},"title":"Radio Seagull mit speziellem Programm f\u00fcr die Weihnachtswoche","author":"Administrator","date":"December 23, 2024 13:55","format":false,"excerpt":"Radio Seagull mit speziellem Programm f\u00fcr die Weihnachtswoche Radio Seagull hat sein Programm f\u00fcr die Weihnachtswoche angepasst. Das regul\u00e4re Programm wurde ge\u00e4ndert. Am Montag und Dienstag werden einige historische Sendungen von ehemaligen Seagull-Mitgliedern wie den k\u00fcrzlich verstorbenen Dave Foster und Carl Kingston wiederholt. Am ersten Weihnachtstag von 6 Uhr morgens\u2026","rel":"","context":"Similar post","block_context":{"text":"Similar post","link":""},"img":{"alt_text":"","src":"","width":0,"height":0},"classes":[]},{"id":2883,"url":"https:\/\/www.achimbrueckner.de\/freeradio\/php\/wordpress\/?p=2883","url_meta":{"origin":2873,"position":1},"title":"Telefonanrufe","author":"Administrator","date":"November 9, 2003 12:31","format":false,"excerpt":"Gleich zwei Stationen brachten heute Telefonanrufe direkt auf den Sender und es klingelte zahlreich das Telefon. Bei Power 41 stand das Telefon kaum still und Radio Tower brachte ebenfalls Call ins auf den Sender. Bei Radio Tower war eine Party am Gange mit G\u00e4sten im Studio und man sendete auch\u2026","rel":"","context":"In \"AM\"","block_context":{"text":"AM","link":"https:\/\/www.achimbrueckner.de\/freeradio\/php\/wordpress\/?tag=am"},"img":{"alt_text":"","src":"","width":0,"height":0},"classes":[]},{"id":28763,"url":"https:\/\/www.achimbrueckner.de\/freeradio\/php\/wordpress\/?p=28763","url_meta":{"origin":2873,"position":2},"title":"Nord AM 14 September 2013","author":"Administrator","date":"September 13, 2013 20:11","format":false,"excerpt":"Liebe H\u00f6rerinnen und H\u00f6rer, Liebe Freundinnen und Freunde, Erinnert ihr euch noch? NordAM \u2013 da war doch mal was. Ganz recht, unsere Sommerpause ist vorbei. In den vergangenen 14 Monaten haben wir uns intensivst damit befasst, wie wir NordAM verbessern k\u00f6nnen, haben ein ausf\u00fchrliches Relaunch-Konzept ausgearbeitet, Moderationstraining gemacht, einen Konfliktl\u00f6sungskurs\u2026","rel":"","context":"In \"AM\"","block_context":{"text":"AM","link":"https:\/\/www.achimbrueckner.de\/freeradio\/php\/wordpress\/?tag=am"},"img":{"alt_text":"","src":"","width":0,"height":0},"classes":[]},{"id":198,"url":"https:\/\/www.achimbrueckner.de\/freeradio\/php\/wordpress\/?p=198","url_meta":{"origin":2873,"position":3},"title":"Vrolikje Frans","author":"Administrator","date":"December 24, 2005 13:42","format":false,"excerpt":"Auf der 6295 Khz ist um 1330 Utc der Vrolikje Frans mit O=4 zu h\u00f6ren. Anfangs war man noch auf der 6293 Khz sowie sp\u00e4ter auf der 6290 Khz aktiv, aber nach einigen Frequenzwechseln ist das Programm jetzt auf der 6295 Khz zu h\u00f6ren. Den Vrolikje Frans h\u00f6re ich das\u2026","rel":"","context":"In &quot;Empfang&quot;","block_context":{"text":"Empfang","link":"https:\/\/www.achimbrueckner.de\/freeradio\/php\/wordpress\/?cat=3"},"img":{"alt_text":"","src":"","width":0,"height":0},"classes":[]},{"id":461,"url":"https:\/\/www.achimbrueckner.de\/freeradio\/php\/wordpress\/?p=461","url_meta":{"origin":2873,"position":4},"title":"On Air AM","author":"Administrator","date":"March 5, 2006 09:04","format":false,"excerpt":"Das angek\u00fcndigte Programm von On Air AM l\u00e4uft um 0905 Utc auf 6247 Khz. Der Empfang ist ganz ordentlich mit O=2\/3, im Fading auch hier etwas unterschiedlich. Au\u00dferdem wird die Frequenz etwas durch Utility gest\u00f6rt. Im Programm gibt es Pop-songs auf die Ohren, u.a. von Madonna.","rel":"","context":"In &quot;Empfang&quot;","block_context":{"text":"Empfang","link":"https:\/\/www.achimbrueckner.de\/freeradio\/php\/wordpress\/?cat=3"},"img":{"alt_text":"","src":"","width":0,"height":0},"classes":[]},{"id":474661,"url":"https:\/\/www.achimbrueckner.de\/freeradio\/php\/wordpress\/?p=474661","url_meta":{"origin":2873,"position":5},"title":"2. H\u00f6rertreffen Radio Northsea International 28. M\u00e4rz 2026","author":"Administrator","date":"October 25, 2025 09:53","format":false,"excerpt":"Achtung \u2013 Termin vormerken! Am 28. M\u00e4rz 2026 ist es wieder soweit: Das 2. H\u00f6rertreffen von Radio Northsea International und der SATzentrale findet in S\u00f6rnewitz (01640 Coswig) statt. Alle H\u00f6rerinnen und H\u00f6rer, Freunde und Unterst\u00fctzer sind herzlich eingeladen, diesen besonderen Tag gemeinsam zu erleben. Im Januar 2026 folgen dann alle\u2026","rel":"","context":"In &quot;Camps&quot;","block_context":{"text":"Camps","link":"https:\/\/www.achimbrueckner.de\/freeradio\/php\/wordpress\/?cat=6"},"img":{"alt_text":"","src":"","width":0,"height":0},"classes":[]}],"_links":{"self":[{"href":"https:\/\/www.achimbrueckner.de\/freeradio\/php\/wordpress\/index.php?rest_route=\/wp\/v2\/posts\/2873","targetHints":{"allow":["GET"]}}],"collection":[{"href":"https:\/\/www.achimbrueckner.de\/freeradio\/php\/wordpress\/index.php?rest_route=\/wp\/v2\/posts"}],"about":[{"href":"https:\/\/www.achimbrueckner.de\/freeradio\/php\/wordpress\/index.php?rest_route=\/wp\/v2\/types\/post"}],"author":[{"embeddable":true,"href":"https:\/\/www.achimbrueckner.de\/freeradio\/php\/wordpress\/index.php?rest_route=\/wp\/v2\/users\/1"}],"replies":[{"embeddable":true,"href":"https:\/\/www.achimbrueckner.de\/freeradio\/php\/wordpress\/index.php?rest_route=%2Fwp%2Fv2%2Fcomments&post=2873"}],"version-history":[{"count":0,"href":"https:\/\/www.achimbrueckner.de\/freeradio\/php\/wordpress\/index.php?rest_route=\/wp\/v2\/posts\/2873\/revisions"}],"wp:attachment":[{"href":"https:\/\/www.achimbrueckner.de\/freeradio\/php\/wordpress\/index.php?rest_route=%2Fwp%2Fv2%2Fmedia&parent=2873"}],"wp:term":[{"taxonomy":"category","embeddable":true,"href":"https:\/\/www.achimbrueckner.de\/freeradio\/php\/wordpress\/index.php?rest_route=%2Fwp%2Fv2%2Fcategories&post=2873"},{"taxonomy":"post_tag","embeddable":true,"href":"https:\/\/www.achimbrueckner.de\/freeradio\/php\/wordpress\/index.php?rest_route=%2Fwp%2Fv2%2Ftags&post=2873"}],"curies":[{"name":"wp","href":"https:\/\/api.w.org\/{rel}","templated":true}]}}