{"id":28763,"date":"2013-09-13T20:11:44","date_gmt":"2013-09-13T20:11:44","guid":{"rendered":"https:\/\/www.achimbrueckner.de\/freeradio\/php\/wordpress\/?p=28763"},"modified":"2013-09-13T20:11:44","modified_gmt":"2013-09-13T20:11:44","slug":"nord-am-14-september-2013","status":"publish","type":"post","link":"https:\/\/www.achimbrueckner.de\/freeradio\/php\/wordpress\/?p=28763","title":{"rendered":"Nord AM 14 September 2013"},"content":{"rendered":"<p>Liebe H\u00f6rerinnen und H\u00f6rer,<br \/>\nLiebe Freundinnen und Freunde,<\/p>\n<p>Erinnert ihr euch noch? NordAM \u2013 da war doch mal was. Ganz recht, unsere Sommerpause ist vorbei. In den vergangenen 14 Monaten haben wir uns intensivst damit befasst, wie wir NordAM verbessern k\u00f6nnen, haben ein ausf\u00fchrliches Relaunch-Konzept ausgearbeitet, Moderationstraining gemacht, einen Konfliktl\u00f6sungskurs besucht und uns auch optisch deutlich verbessert.<\/p>\n<p>Letztlich haben wir dann aber alles so gemacht wie immer. Die Macht der Gewohnheit eben.<\/p>\n<p>Es erwartet den geneigten H\u00f6rer also unter dem Deckmantel eines seri\u00f6sen H\u00f6rfunkprogramms \u00fcber eine Stunde eine pers\u00f6nliche Playlist, die von Herzen kommt. Und geredet wird auch ein wenig. Auch wenn die Betreffzeile es vermuten l\u00e4sst: Kuchenrezepte gibt&#8217;s keine.<\/p>\n<p>Gesendet wird alles \u2013 wie gehabt \u2013 auf Kurzwelle \u00fcber den Sender Kall-Krekel in Zusammenarbeit mit Radio 700. Da wir uns technisch immer noch auf dem Stand von Moldawien in den Endsiebzigern befinden, hoffen wir, die Ausstrahlung am&#8230;<\/p>\n<p>Sonntag, den 15.09.2013<br \/>\num 1400 UTC (16 Uhr deutscher Zeit) auf 6005 kHz und<br \/>\num 2000 UTC (22 Uhr deutscher Zeit) auf 3985 kHz<\/p>\n<p>&#8230; tats\u00e4chlich realisieren zu k\u00f6nnen. Falls ihr nur das normale Programm von Radio 700 h\u00f6rt (das auch sehr klasse ist), verschiebt sich unser Programm einfach um eine Woche. Das ist eine Planung, was?<\/p>\n<p>Und wir setzen noch einen drauf: An den zwei oder drei Wochenenden darauf wollen wir auch auf Sendung gehen, zu den gleichen Zeiten. Alle aktuellen Infos findet ihr dann im Programmplan unter www.shortwaveservice.com oder auf www.facebook.com\/nordamradio.<\/p>\n<p>Auf der Facebookseite findet ihr einen Webplayer, mit der ihr uns parallel auch online h\u00f6ren k\u00f6nnt (alternativ: <a href=\"http:\/\/bit.ly\/nordamradio\" target=\"_blank\">http:\/\/bit.ly\/nordamradio<\/a>).<\/p>\n<p>Empfangsberichte und Kommentare an nordam @ shortwaveservice.com sind nat\u00fcrlich gern gesehen \u2013 QSL-Karten und eQSL-Karten sind schon bereitgelegt. Bitte gebt an, ob ihr eine gedruckte oder elektronische QSL m\u00f6chtet.<\/p>\n<p>Guten Empfang und viel Spa\u00df beim Zuh\u00f6ren w\u00fcnschen,<\/p>\n<p>Torben &#038; Daniel<\/p>\n<p>P.S: Weitere Details zu Radio 700 unter www.radio700.de. Die Ausstrahlung wird erm\u00f6glicht durch den gigantisch-gro\u00dfartigen Radio 700 Kurzwellendienst:<a href=\"http:\/\/www.shortwaveservice.com\" target=\"_blank\">http:\/\/www.shortwaveservice.com<\/a> (hier werden auch eventuelle \u00c4nderungen im Sendeplan bekanntgegeben)<\/p>\n<p>Info via <a href=\"http:\/\/www.ratzer.at\" target=\"_blank\">A-DX<\/a><\/p>\n","protected":false},"excerpt":{"rendered":"<p>Liebe H\u00f6rerinnen und H\u00f6rer, Liebe Freundinnen und Freunde, Erinnert ihr euch noch? NordAM \u2013 da war doch mal was. Ganz recht, unsere Sommerpause ist vorbei. In den vergangenen 14 Monaten haben wir uns intensivst damit befasst, wie wir NordAM verbessern k\u00f6nnen, haben ein ausf\u00fchrliches Relaunch-Konzept ausgearbeitet, Moderationstraining gemacht, einen Konfliktl\u00f6sungskurs besucht und uns auch optisch &hellip; <a href=\"https:\/\/www.achimbrueckner.de\/freeradio\/php\/wordpress\/?p=28763\" class=\"more-link\">Continue reading <span class=\"screen-reader-text\">Nord AM 14 September 2013<\/span><\/a><\/p>\n","protected":false},"author":1,"featured_media":0,"comment_status":"open","ping_status":"open","sticky":false,"template":"","format":"standard","meta":{"_jetpack_memberships_contains_paid_content":false,"footnotes":"","jetpack_publicize_message":"","jetpack_publicize_feature_enabled":true,"jetpack_social_post_already_shared":false,"jetpack_social_options":{"image_generator_settings":{"template":"highway","default_image_id":0,"font":"","enabled":false},"version":2}},"categories":[1],"tags":[22,28,48,18,26],"class_list":["post-28763","post","type-post","status-publish","format-standard","hentry","category-uncategorized","tag-am","tag-dx","tag-qsl","tag-shortwave","tag-web"],"jetpack_publicize_connections":[],"jetpack_featured_media_url":"","jetpack_sharing_enabled":true,"jetpack_shortlink":"https:\/\/wp.me\/p5CD59-7tV","jetpack-related-posts":[{"id":451783,"url":"https:\/\/www.achimbrueckner.de\/freeradio\/php\/wordpress\/?p=451783","url_meta":{"origin":28763,"position":0},"title":"Channel 292 News","author":"Administrator","date":"November 19, 2016 18:34","format":false,"excerpt":"Liebe Freunde, Weihnachten steht (fast) vor der T\u00fcr, und wie ihr dem Sendeplan entnehmen k\u00f6nnt, sind die Weihnachtsfeiertage ziemlich ausgebucht. Durch die ge\u00e4nderten Bedingungen im Winter bedingt, haben sich einige Sendezeiten von abends in die Tagesstunden verschoben: http:\/\/www.channel292.de\/schedule-for-bookings\/ und auch einige neue oder bekannte Programme sind (wieder) mit dabei: Hobart\u2026","rel":"","context":"In &quot;English&quot;","block_context":{"text":"English","link":"https:\/\/www.achimbrueckner.de\/freeradio\/php\/wordpress\/?cat=2"},"img":{"alt_text":"","src":"","width":0,"height":0},"classes":[]},{"id":455160,"url":"https:\/\/www.achimbrueckner.de\/freeradio\/php\/wordpress\/?p=455160","url_meta":{"origin":28763,"position":1},"title":"Borderhunter Summer Meeting 2017","author":"Administrator","date":"June 28, 2017 15:39","format":false,"excerpt":"Borderhunter Summer Meeting 2017 information. Hi Free Radio and pirate fans! It's already time for another one! From the 30th June to the 2th of July 2017, everyone of distinction in the scene meets once again \u2013 both listeners and stations! On this particular weekend, it\u2019s provisionally planned that the\u2026","rel":"","context":"In &quot;English&quot;","block_context":{"text":"English","link":"https:\/\/www.achimbrueckner.de\/freeradio\/php\/wordpress\/?cat=2"},"img":{"alt_text":"","src":"","width":0,"height":0},"classes":[]},{"id":474033,"url":"https:\/\/www.achimbrueckner.de\/freeradio\/php\/wordpress\/?p=474033","url_meta":{"origin":28763,"position":2},"title":"Radio Calypso 675 Khz","author":"Administrator","date":"March 16, 2025 09:21","format":false,"excerpt":"Liebe Zuh\u00f6rer, Was ein gro\u00dfartiges Jahr h\u00e4tte sein sollen, \u00e4nderte sich am 4. Januar, als Eigent\u00fcmer und Gr\u00fcnder Jan Calypso einen Herzstillstand erlitt, gefolgt von mehreren Komplikationen. Was zu 5 Wochen UMCG f\u00fchrte und nun zu einem sehr langen Rehabilitationsprozess f\u00fchrt. Infolgedessen waren wir gezwungen, den Sender aus der Luft\u2026","rel":"","context":"Similar post","block_context":{"text":"Similar post","link":""},"img":{"alt_text":"","src":"","width":0,"height":0},"classes":[]},{"id":447665,"url":"https:\/\/www.achimbrueckner.de\/freeradio\/php\/wordpress\/?p=447665","url_meta":{"origin":28763,"position":3},"title":"Channel 292 News \/ 50 kW for the USA Deutsch \/ English","author":"Administrator","date":"April 9, 2016 09:29","format":false,"excerpt":"An unsere H\u00f6rer und Kunden Im Augenblick bereiten wir eine Kooperation mit einer Kurzwellenstation in den USA vor. Wenn Interesse besteht, k\u00f6nnen unsere Kunden in Europa dann Kombi-Buchungen f\u00fcr Europa und die USA vornehmen; der angedachte Preis w\u00e4ren 49 USDollar \/ 44 \u20acuro f\u00fcr jeweils eine Stunde zusammen. Unsere Partnerstation\u2026","rel":"","context":"In &quot;English&quot;","block_context":{"text":"English","link":"https:\/\/www.achimbrueckner.de\/freeradio\/php\/wordpress\/?cat=2"},"img":{"alt_text":"","src":"","width":0,"height":0},"classes":[]},{"id":473971,"url":"https:\/\/www.achimbrueckner.de\/freeradio\/php\/wordpress\/?p=473971","url_meta":{"origin":28763,"position":4},"title":"Radio Nordsee International: Webradio mit Seesender-Bezug startet neu durch","author":"Administrator","date":"February 24, 2025 16:31","format":false,"excerpt":"Radio Nordsee International: Webradio mit Seesender-Bezug startet neu durch Bereits Ende vergangenen Jahres wurde bekannt, dass Radio Nordsee International sein Comeback plant. Gemeint ist freilich nicht der Seesender, der von 1970 bis 1974 vom Radioschiff Mebo II auf Sendung war. Auch das Satellitenradio-Projekt gleichen Namens, das Anfang der 90er Jahre\u2026","rel":"","context":"Similar post","block_context":{"text":"Similar post","link":""},"img":{"alt_text":"","src":"","width":0,"height":0},"classes":[]},{"id":450603,"url":"https:\/\/www.achimbrueckner.de\/freeradio\/php\/wordpress\/?p=450603","url_meta":{"origin":28763,"position":5},"title":"Radio Channel 292 News September 2016","author":"Administrator","date":"September 16, 2016 21:04","format":false,"excerpt":"Hallo Freunde, wie ihr vielleicht schon gemerkt habt, kommt unser Signal auf 6070 kHz mit der neuen Endstufe und dem OPTIMOD Modulations Aufbereiter noch st\u00e4rker und voller. Auch gibt es einige neue Stationen, die \u00fcber unseren Sender zu h\u00f6ren sind: Radio Star (Italien), Radio West (Italien), Das Medienmagazin (DL), HIT\u2026","rel":"","context":"In &quot;English&quot;","block_context":{"text":"English","link":"https:\/\/www.achimbrueckner.de\/freeradio\/php\/wordpress\/?cat=2"},"img":{"alt_text":"","src":"","width":0,"height":0},"classes":[]}],"_links":{"self":[{"href":"https:\/\/www.achimbrueckner.de\/freeradio\/php\/wordpress\/index.php?rest_route=\/wp\/v2\/posts\/28763","targetHints":{"allow":["GET"]}}],"collection":[{"href":"https:\/\/www.achimbrueckner.de\/freeradio\/php\/wordpress\/index.php?rest_route=\/wp\/v2\/posts"}],"about":[{"href":"https:\/\/www.achimbrueckner.de\/freeradio\/php\/wordpress\/index.php?rest_route=\/wp\/v2\/types\/post"}],"author":[{"embeddable":true,"href":"https:\/\/www.achimbrueckner.de\/freeradio\/php\/wordpress\/index.php?rest_route=\/wp\/v2\/users\/1"}],"replies":[{"embeddable":true,"href":"https:\/\/www.achimbrueckner.de\/freeradio\/php\/wordpress\/index.php?rest_route=%2Fwp%2Fv2%2Fcomments&post=28763"}],"version-history":[{"count":0,"href":"https:\/\/www.achimbrueckner.de\/freeradio\/php\/wordpress\/index.php?rest_route=\/wp\/v2\/posts\/28763\/revisions"}],"wp:attachment":[{"href":"https:\/\/www.achimbrueckner.de\/freeradio\/php\/wordpress\/index.php?rest_route=%2Fwp%2Fv2%2Fmedia&parent=28763"}],"wp:term":[{"taxonomy":"category","embeddable":true,"href":"https:\/\/www.achimbrueckner.de\/freeradio\/php\/wordpress\/index.php?rest_route=%2Fwp%2Fv2%2Fcategories&post=28763"},{"taxonomy":"post_tag","embeddable":true,"href":"https:\/\/www.achimbrueckner.de\/freeradio\/php\/wordpress\/index.php?rest_route=%2Fwp%2Fv2%2Ftags&post=28763"}],"curies":[{"name":"wp","href":"https:\/\/api.w.org\/{rel}","templated":true}]}}