{"id":28841,"date":"2013-09-21T21:52:53","date_gmt":"2013-09-21T21:52:53","guid":{"rendered":"https:\/\/www.achimbrueckner.de\/freeradio\/php\/wordpress\/?p=28841"},"modified":"2013-09-21T21:52:53","modified_gmt":"2013-09-21T21:52:53","slug":"linktipp-youtube-kanal-fur-komisches-dx-zeugs","status":"publish","type":"post","link":"https:\/\/www.achimbrueckner.de\/freeradio\/php\/wordpress\/?p=28841","title":{"rendered":"Linktipp: Youtube-Kanal f\u00fcr &#8220;komisches DX-Zeugs&#8221;"},"content":{"rendered":"<p><a href=\"http:\/\/www.youtube.com\/user\/FirstToken\/videos\" target=\"_blank\">http:\/\/www.youtube.com\/user\/FirstToken\/videos<\/a><\/p>\n<p>Der Schwerpunkt liegt auf Utillity, Piraten und &#8220;komischen Stationen&#8221; z.B. wie HAARP, Milit\u00e4rausstrahlungen und Zahlensendern. In diesem Zusammenhang bin ich auch auf einen \u00e4lteren Mitschnitt von &#8220;Yosemite Sam&#8221; gesto\u00dfen (<a href=\"https:\/\/www.youtube.com\/watch?v=kTS3vGBKGWY\" target=\"_blank\">https:\/\/www.youtube.com\/watch?v=kTS3vGBKGWY<\/a>), der wohl fr\u00fcher auf Kurzwelle sein Unwesen trieb, im o.g. Kanal gibt es einen Nachfolger mit der Stimme von Homer Simpson. Ob Pirat oder Geheimdienst \u2013 man wei\u00df es nicht. \ud83d\ude09<\/p>\n<p>Auf jeden Fall mal spannend, sich durch dieses drollige Kapitel unseres tollen Hobbys zu klicken.<\/p>\n<p>Info via <a href=\"http:\/\/www.ratzer.at\" target=\"_blank\">A-DX<\/a><\/p>\n","protected":false},"excerpt":{"rendered":"<p>http:\/\/www.youtube.com\/user\/FirstToken\/videos Der Schwerpunkt liegt auf Utillity, Piraten und &#8220;komischen Stationen&#8221; z.B. wie HAARP, Milit\u00e4rausstrahlungen und Zahlensendern. In diesem Zusammenhang bin ich auch auf einen \u00e4lteren Mitschnitt von &#8220;Yosemite Sam&#8221; gesto\u00dfen (https:\/\/www.youtube.com\/watch?v=kTS3vGBKGWY), der wohl fr\u00fcher auf Kurzwelle sein Unwesen trieb, im o.g. Kanal gibt es einen Nachfolger mit der Stimme von Homer Simpson. Ob Pirat oder &hellip; <a href=\"https:\/\/www.achimbrueckner.de\/freeradio\/php\/wordpress\/?p=28841\" class=\"more-link\">Continue reading <span class=\"screen-reader-text\">Linktipp: Youtube-Kanal f\u00fcr &#8220;komisches DX-Zeugs&#8221;<\/span><\/a><\/p>\n","protected":false},"author":1,"featured_media":0,"comment_status":"open","ping_status":"open","sticky":false,"template":"","format":"standard","meta":{"_jetpack_memberships_contains_paid_content":false,"footnotes":"","jetpack_publicize_message":"","jetpack_publicize_feature_enabled":true,"jetpack_social_post_already_shared":false,"jetpack_social_options":{"image_generator_settings":{"template":"highway","default_image_id":0,"font":"","enabled":false},"version":2}},"categories":[1,9],"tags":[22,28],"class_list":["post-28841","post","type-post","status-publish","format-standard","hentry","category-uncategorized","category-links","tag-am","tag-dx"],"jetpack_publicize_connections":[],"jetpack_featured_media_url":"","jetpack_sharing_enabled":true,"jetpack_shortlink":"https:\/\/wp.me\/p5CD59-7vb","jetpack-related-posts":[{"id":471300,"url":"https:\/\/www.achimbrueckner.de\/freeradio\/php\/wordpress\/?p=471300","url_meta":{"origin":28841,"position":0},"title":"Radio Igloo 19 \/ 20 November 2022","author":"Administrator","date":"November 12, 2022 15:56","format":false,"excerpt":"Ein brandneues Programm von Radio Igloo. Am kommenden Wochenende, am 19. und 20. November, geht Radio Igloo mit einem neuen Programm auf Sendung, diesmal ebenfalls in Koproduktion mit dem Westcoast DX-Club in G\u00f6teborg, Schweden und gesponsert von TRSW (Texas Radio Shortwave) Das Programm wird DX-Informationen \u00fcber den Westcoast DX-Club und\u2026","rel":"","context":"Similar post","block_context":{"text":"Similar post","link":""},"img":{"alt_text":"","src":"","width":0,"height":0},"classes":[]},{"id":28763,"url":"https:\/\/www.achimbrueckner.de\/freeradio\/php\/wordpress\/?p=28763","url_meta":{"origin":28841,"position":1},"title":"Nord AM 14 September 2013","author":"Administrator","date":"September 13, 2013 20:11","format":false,"excerpt":"Liebe H\u00f6rerinnen und H\u00f6rer, Liebe Freundinnen und Freunde, Erinnert ihr euch noch? NordAM \u2013 da war doch mal was. Ganz recht, unsere Sommerpause ist vorbei. In den vergangenen 14 Monaten haben wir uns intensivst damit befasst, wie wir NordAM verbessern k\u00f6nnen, haben ein ausf\u00fchrliches Relaunch-Konzept ausgearbeitet, Moderationstraining gemacht, einen Konfliktl\u00f6sungskurs\u2026","rel":"","context":"In \"AM\"","block_context":{"text":"AM","link":"https:\/\/www.achimbrueckner.de\/freeradio\/php\/wordpress\/?tag=am"},"img":{"alt_text":"","src":"","width":0,"height":0},"classes":[]},{"id":1424,"url":"https:\/\/www.achimbrueckner.de\/freeradio\/php\/wordpress\/?p=1424","url_meta":{"origin":28841,"position":2},"title":"Treffpunkt Radio","author":"Administrator","date":"December 19, 2006 16:18","format":false,"excerpt":"Alwin Borchers, bekannt von der Kurzwelle mit seinem Projekt Radio Casablanca WS, macht auch B\u00fcrgerfunk mit seinem Programm Treffpunkt Radio auf der Ems Vechte Welle. Radio Casablanca WS sendete schon via diverse Relayanbieter wie IRRS und Krebs TV in Riga, Letlland. Auf der Website von Treffpunkt Radio gibt es eine\u2026","rel":"","context":"In &quot;links&quot;","block_context":{"text":"links","link":"https:\/\/www.achimbrueckner.de\/freeradio\/php\/wordpress\/?cat=9"},"img":{"alt_text":"","src":"","width":0,"height":0},"classes":[]},{"id":783,"url":"https:\/\/www.achimbrueckner.de\/freeradio\/php\/wordpress\/?p=783","url_meta":{"origin":28841,"position":3},"title":"Radio 73","author":"Administrator","date":"August 18, 2006 19:47","format":false,"excerpt":"Liebe Freunde des freien Radios, am Sa. den 19.08.2006 um 08:30 UTC ( 10:30 MESZ ) gibt es auf 9,310 MHz die n\u00e4chste Sendung von Radio73. Es gibt Musik von Brecht \u00fcber Karussell bis hin zu den Toten Hosen. Max und Moritz sind mit dabei und nat\u00fcrlich auch die unverzichtbare\u2026","rel":"","context":"In \"AM\"","block_context":{"text":"AM","link":"https:\/\/www.achimbrueckner.de\/freeradio\/php\/wordpress\/?tag=am"},"img":{"alt_text":"","src":"","width":0,"height":0},"classes":[]},{"id":35177,"url":"https:\/\/www.achimbrueckner.de\/freeradio\/php\/wordpress\/?p=35177","url_meta":{"origin":28841,"position":4},"title":"3. Seepiraten-Nacht am Samstag, 30. August ab 20 Uhr","author":"Administrator","date":"August 30, 2014 13:32","format":false,"excerpt":"3. Seepiraten-Nacht am Samstag, 30. August ab 20 Uhr: Sondersendung zum 40. Jahrestag des Verbots von Seesendern vor der niederl\u00e4ndischen K\u00fcste von Gunnar Leohnard (Eisenach). Am 31. August 1974 verstummten die ber\u00fchmt-ber\u00fcchtigten Piraten-Radiosender vor der holl\u00e4ndischen K\u00fcste. Radio Veronica, Radio Atlantis und Radio Nordsee International wurden abgeschaltet, Radio Caroline verlagerte\u2026","rel":"","context":"In \"AM\"","block_context":{"text":"AM","link":"https:\/\/www.achimbrueckner.de\/freeradio\/php\/wordpress\/?tag=am"},"img":{"alt_text":"","src":"","width":0,"height":0},"classes":[]},{"id":1096,"url":"https:\/\/www.achimbrueckner.de\/freeradio\/php\/wordpress\/?p=1096","url_meta":{"origin":28841,"position":5},"title":"Piratensender auf 4805 Khz","author":"Administrator","date":"November 3, 2006 23:37","format":false,"excerpt":"Auf 4805 Khz wurde gegen 1600 Utc eine Piratenstation mit afrikanischer Musik geh\u00f6rt. Christoph Ratzer meldet dazu in A-DX folgendes: Hier handelt es sich h\u00f6chstwahrscheinlich um eine Piratenstation aus dem Bereich Tschechien\/Slowakei der alte Sendeb\u00e4nder von Radio Koliba sendet, wie Karel Honzik, Mauno Ritola, Jari Savolainen und Patrick Robic herausgefunden\u2026","rel":"","context":"In \"Audio\"","block_context":{"text":"Audio","link":"https:\/\/www.achimbrueckner.de\/freeradio\/php\/wordpress\/?tag=audio"},"img":{"alt_text":"","src":"","width":0,"height":0},"classes":[]}],"_links":{"self":[{"href":"https:\/\/www.achimbrueckner.de\/freeradio\/php\/wordpress\/index.php?rest_route=\/wp\/v2\/posts\/28841","targetHints":{"allow":["GET"]}}],"collection":[{"href":"https:\/\/www.achimbrueckner.de\/freeradio\/php\/wordpress\/index.php?rest_route=\/wp\/v2\/posts"}],"about":[{"href":"https:\/\/www.achimbrueckner.de\/freeradio\/php\/wordpress\/index.php?rest_route=\/wp\/v2\/types\/post"}],"author":[{"embeddable":true,"href":"https:\/\/www.achimbrueckner.de\/freeradio\/php\/wordpress\/index.php?rest_route=\/wp\/v2\/users\/1"}],"replies":[{"embeddable":true,"href":"https:\/\/www.achimbrueckner.de\/freeradio\/php\/wordpress\/index.php?rest_route=%2Fwp%2Fv2%2Fcomments&post=28841"}],"version-history":[{"count":0,"href":"https:\/\/www.achimbrueckner.de\/freeradio\/php\/wordpress\/index.php?rest_route=\/wp\/v2\/posts\/28841\/revisions"}],"wp:attachment":[{"href":"https:\/\/www.achimbrueckner.de\/freeradio\/php\/wordpress\/index.php?rest_route=%2Fwp%2Fv2%2Fmedia&parent=28841"}],"wp:term":[{"taxonomy":"category","embeddable":true,"href":"https:\/\/www.achimbrueckner.de\/freeradio\/php\/wordpress\/index.php?rest_route=%2Fwp%2Fv2%2Fcategories&post=28841"},{"taxonomy":"post_tag","embeddable":true,"href":"https:\/\/www.achimbrueckner.de\/freeradio\/php\/wordpress\/index.php?rest_route=%2Fwp%2Fv2%2Ftags&post=28841"}],"curies":[{"name":"wp","href":"https:\/\/api.w.org\/{rel}","templated":true}]}}