{"id":28975,"date":"2013-10-03T13:19:24","date_gmt":"2013-10-03T13:19:24","guid":{"rendered":"https:\/\/www.achimbrueckner.de\/freeradio\/php\/wordpress\/?p=28975"},"modified":"2013-10-03T13:19:24","modified_gmt":"2013-10-03T13:19:24","slug":"radio-toronto-36-jahre","status":"publish","type":"post","link":"https:\/\/www.achimbrueckner.de\/freeradio\/php\/wordpress\/?p=28975","title":{"rendered":"Radio Toronto 36 Jahre"},"content":{"rendered":"<p>Radio Toronto 36 Jahre auf FM:<\/p>\n<p><a href=\"http:\/\/www.schnappi01.info\/\" target=\"_blank\">http:\/\/www.schnappi01.info\/<\/a><\/p>\n<p>Auch zu h\u00f6ren via <a href=\"http:\/\/geheimezender.com\/streams.php\" target=\"_blank\">http:\/\/geheimezender.com\/streams.php<\/a><\/p>\n","protected":false},"excerpt":{"rendered":"<p>Radio Toronto 36 Jahre auf FM: http:\/\/www.schnappi01.info\/ Auch zu h\u00f6ren via http:\/\/geheimezender.com\/streams.php<\/p>\n","protected":false},"author":1,"featured_media":0,"comment_status":"open","ping_status":"open","sticky":false,"template":"","format":"standard","meta":{"_jetpack_memberships_contains_paid_content":false,"footnotes":"","jetpack_publicize_message":"","jetpack_publicize_feature_enabled":true,"jetpack_social_post_already_shared":false,"jetpack_social_options":{"image_generator_settings":{"template":"highway","default_image_id":0,"font":"","enabled":false},"version":2}},"categories":[1],"tags":[22,24],"class_list":["post-28975","post","type-post","status-publish","format-standard","hentry","category-uncategorized","tag-am","tag-fm"],"jetpack_publicize_connections":[],"jetpack_featured_media_url":"","jetpack_sharing_enabled":true,"jetpack_shortlink":"https:\/\/wp.me\/p5CD59-7xl","jetpack-related-posts":[{"id":33961,"url":"https:\/\/www.achimbrueckner.de\/freeradio\/php\/wordpress\/?p=33961","url_meta":{"origin":28975,"position":0},"title":"Artikel zu Radio Uferlos als FM-Pirat","author":"Administrator","date":"June 24, 2014 19:34","format":false,"excerpt":"Etwas Neues im 48m Band mit ansprechender Musikauswahl ist heute Radio Uferlos auf 6290 Khz. Via Piratenchat folgender Artikel zu einen Radio Uferlos als bayerischer FM-Pirat Mitte der 80er Jahre: http:\/\/fmkompakt.de\/cms\/website.php?id=\/de\/index\/radio_regionen\/fm_piraten_bayern\/radio64_sinus_uferlos.htm","rel":"","context":"In \"FM\"","block_context":{"text":"FM","link":"https:\/\/www.achimbrueckner.de\/freeradio\/php\/wordpress\/?tag=fm"},"img":{"alt_text":"","src":"","width":0,"height":0},"classes":[]},{"id":14082,"url":"https:\/\/www.achimbrueckner.de\/freeradio\/php\/wordpress\/?p=14082","url_meta":{"origin":28975,"position":1},"title":"Paradise Radio","author":"Administrator","date":"October 2, 2009 15:36","format":false,"excerpt":"Paradise Radio l\u00e4uft dieses Wochenende wieder u.a. mit Sonntag 17.00 MESZ paradise fm archives ( 25 jahre paradiseradio, teil weiss der geier ) http:\/\/sound.paradiseradio.de\/ http:\/\/server2.digital-webstream.de:10380\/listen.pls","rel":"","context":"In &quot;webradio&quot;","block_context":{"text":"webradio","link":"https:\/\/www.achimbrueckner.de\/freeradio\/php\/wordpress\/?cat=13"},"img":{"alt_text":"","src":"","width":0,"height":0},"classes":[]},{"id":461278,"url":"https:\/\/www.achimbrueckner.de\/freeradio\/php\/wordpress\/?p=461278","url_meta":{"origin":28975,"position":2},"title":"Relaunch von FM Kompakt S\u00fcdtirol &#8211; wir orgeln alles nieder!","author":"Administrator","date":"August 25, 2019 19:41","format":false,"excerpt":"Relaunch von FM Kompakt S\u00fcdtirol - wir orgeln alles nieder! Ab sofort gibt es auf dem Webradio von FMK neben Jingles und Kennern von S\u00fcdtirol 1\/Radio Brenner auch Erinnerungen an Eisack, Radio S3, Transalpin, Zirog und diverse andere Radiopioniere der 1980er Jahre aus S\u00fcdtirol. Das Ganze garniert mit der passenden\u2026","rel":"","context":"In \"AM\"","block_context":{"text":"AM","link":"https:\/\/www.achimbrueckner.de\/freeradio\/php\/wordpress\/?tag=am"},"img":{"alt_text":"","src":"","width":0,"height":0},"classes":[]},{"id":467100,"url":"https:\/\/www.achimbrueckner.de\/freeradio\/php\/wordpress\/?p=467100","url_meta":{"origin":28975,"position":3},"title":"Radio 101 27035 Khz FM-Modulation","author":"Administrator","date":"June 5, 2022 14:42","format":false,"excerpt":"Radio 101 ist gut auf den Twente-SDR auf 27035 Khz in FM-Modulation zu h\u00f6ren. Ein Oldtimer der Piratenszene, war auch schon Anfang der 90er Jahre aktiv. Mit den ansteigenden Sonnenflecken sind die hohen B\u00e4nder oft Europaweit offen. Zum m\u00f6glichen Sendestandort schweigt der Genie\u00dfer.","rel":"","context":"In &quot;dxtuners&quot;","block_context":{"text":"dxtuners","link":"https:\/\/www.achimbrueckner.de\/freeradio\/php\/wordpress\/?cat=10"},"img":{"alt_text":"","src":"","width":0,"height":0},"classes":[]},{"id":11113,"url":"https:\/\/www.achimbrueckner.de\/freeradio\/php\/wordpress\/?p=11113","url_meta":{"origin":28975,"position":4},"title":"Radio Brenner Sonderprogramm via Memorialstream","author":"Administrator","date":"March 13, 2009 20:35","format":false,"excerpt":"Was f\u00fcr Radionostalgiker: \"FM Kompakt im Radio\" l\u00e4dt anl\u00e4\u00dflich seines 2. Geburtstages zu einem \"Radiospecial\": Sonntag, 15. M\u00e4rz 2009, ab 19.00 Uhr, \u00fcber den Radio-Brenner-Memorial-Stream bei laut.FM. Aus der Programmfolge: \"S\u00fcdtirol Aktuell\" aus dem jahre 1984 von Herwig Macht mit ausf\u00fchrlicher Betrachtung der damaligen S\u00fcdtirol-Szene inkl. vieler Soundfiles von Radio\u2026","rel":"","context":"In \"AM\"","block_context":{"text":"AM","link":"https:\/\/www.achimbrueckner.de\/freeradio\/php\/wordpress\/?tag=am"},"img":{"alt_text":"","src":"","width":0,"height":0},"classes":[]},{"id":35866,"url":"https:\/\/www.achimbrueckner.de\/freeradio\/php\/wordpress\/?p=35866","url_meta":{"origin":28975,"position":5},"title":"Radio Toronto 3 Oktober 2014","author":"Administrator","date":"October 4, 2014 16:06","format":false,"excerpt":"FM-Piratensender aus Deutschland: Radio Toronto","rel":"","context":"In &quot;download&quot;","block_context":{"text":"download","link":"https:\/\/www.achimbrueckner.de\/freeradio\/php\/wordpress\/?cat=7"},"img":{"alt_text":"","src":"","width":0,"height":0},"classes":[]}],"_links":{"self":[{"href":"https:\/\/www.achimbrueckner.de\/freeradio\/php\/wordpress\/index.php?rest_route=\/wp\/v2\/posts\/28975","targetHints":{"allow":["GET"]}}],"collection":[{"href":"https:\/\/www.achimbrueckner.de\/freeradio\/php\/wordpress\/index.php?rest_route=\/wp\/v2\/posts"}],"about":[{"href":"https:\/\/www.achimbrueckner.de\/freeradio\/php\/wordpress\/index.php?rest_route=\/wp\/v2\/types\/post"}],"author":[{"embeddable":true,"href":"https:\/\/www.achimbrueckner.de\/freeradio\/php\/wordpress\/index.php?rest_route=\/wp\/v2\/users\/1"}],"replies":[{"embeddable":true,"href":"https:\/\/www.achimbrueckner.de\/freeradio\/php\/wordpress\/index.php?rest_route=%2Fwp%2Fv2%2Fcomments&post=28975"}],"version-history":[{"count":0,"href":"https:\/\/www.achimbrueckner.de\/freeradio\/php\/wordpress\/index.php?rest_route=\/wp\/v2\/posts\/28975\/revisions"}],"wp:attachment":[{"href":"https:\/\/www.achimbrueckner.de\/freeradio\/php\/wordpress\/index.php?rest_route=%2Fwp%2Fv2%2Fmedia&parent=28975"}],"wp:term":[{"taxonomy":"category","embeddable":true,"href":"https:\/\/www.achimbrueckner.de\/freeradio\/php\/wordpress\/index.php?rest_route=%2Fwp%2Fv2%2Fcategories&post=28975"},{"taxonomy":"post_tag","embeddable":true,"href":"https:\/\/www.achimbrueckner.de\/freeradio\/php\/wordpress\/index.php?rest_route=%2Fwp%2Fv2%2Ftags&post=28975"}],"curies":[{"name":"wp","href":"https:\/\/api.w.org\/{rel}","templated":true}]}}