{"id":29104,"date":"2013-10-18T15:03:04","date_gmt":"2013-10-18T15:03:04","guid":{"rendered":"https:\/\/www.achimbrueckner.de\/freeradio\/php\/wordpress\/?p=29104"},"modified":"2013-10-18T15:03:04","modified_gmt":"2013-10-18T15:03:04","slug":"radiotag-erkrath-2013-radiogeschichten-auf-radio-marabu","status":"publish","type":"post","link":"https:\/\/www.achimbrueckner.de\/freeradio\/php\/wordpress\/?p=29104","title":{"rendered":"RADIOTAG ERKRATH 2013- RADIOGESCHICHTEN AUF RADIO MARABU"},"content":{"rendered":"<p><a href=\"http:\/\/radio-marabu.de\/wordpress\/radiotag-erkrath-2013-radiogeschichten-auf-radio-marabu\/\" target=\"_blank\">http:\/\/radio-marabu.de\/wordpress\/radiotag-erkrath-2013-radiogeschichten-auf-radio-marabu\/<\/a><\/p>\n","protected":false},"excerpt":{"rendered":"<p>http:\/\/radio-marabu.de\/wordpress\/radiotag-erkrath-2013-radiogeschichten-auf-radio-marabu\/<\/p>\n","protected":false},"author":1,"featured_media":0,"comment_status":"open","ping_status":"open","sticky":false,"template":"","format":"standard","meta":{"_jetpack_memberships_contains_paid_content":false,"footnotes":"","jetpack_publicize_message":"","jetpack_publicize_feature_enabled":true,"jetpack_social_post_already_shared":false,"jetpack_social_options":{"image_generator_settings":{"template":"highway","default_image_id":0,"font":"","enabled":false},"version":2}},"categories":[1],"tags":[],"class_list":["post-29104","post","type-post","status-publish","format-standard","hentry","category-uncategorized"],"jetpack_publicize_connections":[],"jetpack_featured_media_url":"","jetpack_sharing_enabled":true,"jetpack_shortlink":"https:\/\/wp.me\/p5CD59-7zq","jetpack-related-posts":[{"id":27305,"url":"https:\/\/www.achimbrueckner.de\/freeradio\/php\/wordpress\/?p=27305","url_meta":{"origin":29104,"position":0},"title":"13.RADIO TAG ERKRATH 7. SEPTEMBER 2013","author":"Administrator","date":"March 29, 2013 16:56","format":false,"excerpt":"13.RADIO TAG ERKRATH 2013 RADIO DAY ERKRATH RADIO DAG ERKRATH Samstag \/ Saturday \/ Zaterdag 7. SEPTEMBER 2013 An diesem Samstag hat Europas freie Radioszene wieder ihren Treffpunkt: Die Veranstaltung findet von 13.00 Uhr bis 19.00 Uhr im Observatorium der Sternwarte Neanderh\u00f6he SNH ,Sternwartenweg , in 40699 Erkrath statt. Einlass\u2026","rel":"","context":"In &quot;Camps&quot;","block_context":{"text":"Camps","link":"https:\/\/www.achimbrueckner.de\/freeradio\/php\/wordpress\/?cat=6"},"img":{"alt_text":"","src":"","width":0,"height":0},"classes":[]},{"id":22938,"url":"https:\/\/www.achimbrueckner.de\/freeradio\/php\/wordpress\/?p=22938","url_meta":{"origin":29104,"position":1},"title":"Radio Marabu 6085 KHz","author":"Administrator","date":"September 17, 2011 10:50","format":false,"excerpt":"Jetzt auf 6085 kHz Zum RADIOTAG ERKRATH gibt es 6 Stunden RADIO MARABU auf KURZWELLE 6085. Es moderiert MARCEL FISCHER, zu h\u00f6ren sind legend\u00e4re Radiomitschnitte u.a.von RNI, BERLINER RUNDFUNK 1988, AFN FRANKFURT 1976, RADIO LUXEMBOURG 1992 und nat\u00fcrlich brandneue Musik, gemischt mit handverlesenen Retrocuts. Von 12-18 UHR sind wir auf\u2026","rel":"","context":"Similar post","block_context":{"text":"Similar post","link":""},"img":{"alt_text":"","src":"","width":0,"height":0},"classes":[]},{"id":22892,"url":"https:\/\/www.achimbrueckner.de\/freeradio\/php\/wordpress\/?p=22892","url_meta":{"origin":29104,"position":2},"title":"11. Radiotag Erkrath 17 September 2011","author":"Administrator","date":"September 11, 2011 16:31","format":false,"excerpt":"Liebe Radiofreunde wir m\u00f6chten euch jetzt auf eine Veranstaltung aufmerksam machen: am Samstag den 17 September findet wie jedes Jahr wieder der Erkrather Radiotag statt. Unser Ehrengast ist diesmal Bert Bennet. Bert ist den Meisten bekannt geworden durch seine Sendungen auf Radio MiAmigo. Interview durch Martin vd Ven @ 15.30\u2026","rel":"","context":"In &quot;Camps&quot;","block_context":{"text":"Camps","link":"https:\/\/www.achimbrueckner.de\/freeradio\/php\/wordpress\/?cat=6"},"img":{"alt_text":"","src":"","width":0,"height":0},"classes":[]},{"id":13994,"url":"https:\/\/www.achimbrueckner.de\/freeradio\/php\/wordpress\/?p=13994","url_meta":{"origin":29104,"position":3},"title":"Radiotag Erkrath 2009","author":"Administrator","date":"September 24, 2009 19:15","format":false,"excerpt":"Fotos vom Radiotag in Erkrath 2009 gibt es auf: offshore-radio.de fmkompakt.de","rel":"","context":"In &quot;Camps&quot;","block_context":{"text":"Camps","link":"https:\/\/www.achimbrueckner.de\/freeradio\/php\/wordpress\/?cat=6"},"img":{"alt_text":"","src":"","width":0,"height":0},"classes":[]},{"id":13602,"url":"https:\/\/www.achimbrueckner.de\/freeradio\/php\/wordpress\/?p=13602","url_meta":{"origin":29104,"position":4},"title":"9. ERKRATHER RADIOTAG","author":"Administrator","date":"August 22, 2009 08:22","format":false,"excerpt":"Vorschau > FMK-Lesertreffen 2009 > In diesem Jahr wird es EIN Lesertreffen geben und zwar in Verbindung mit dem Radiotag in Erkrath ! DER 9. ERKRATHER RADIOTAG AM 19.SEPT. 2009 - Pr\u00e4sentationsjingle: http:\/\/fmkompakt.de\/radiotag%20erkrath%202009.mp3 An diesem Samstag hat Europas freie Radioszene wieder ihren Treffpunkt: Die Veranstaltung findet von 13.00 Uhr bis\u2026","rel":"","context":"In &quot;Camps&quot;","block_context":{"text":"Camps","link":"https:\/\/www.achimbrueckner.de\/freeradio\/php\/wordpress\/?cat=6"},"img":{"alt_text":"","src":"","width":0,"height":0},"classes":[]},{"id":19779,"url":"https:\/\/www.achimbrueckner.de\/freeradio\/php\/wordpress\/?p=19779","url_meta":{"origin":29104,"position":5},"title":"Radio Joystick","author":"Administrator","date":"September 13, 2010 14:25","format":false,"excerpt":"Die RADIO JOYSTICK Pr\u00e4sentation vom Radiotag 2010 in Erkrath ist jetzt online zu bewundern - und zwar gaaanz unten auf der nachstehend verlinkten Seite: http:\/\/www.radiojoystick.de\/Wie_alles_begann\/wie_alles_begann.html Fuer alle, die Samstag in Erkrath waren, aber abgelenkt wurden - und fuer alle, die nicht dabei sein konnten (so wie ich...) Info via Charlie\u2026","rel":"","context":"In \"AM\"","block_context":{"text":"AM","link":"https:\/\/www.achimbrueckner.de\/freeradio\/php\/wordpress\/?tag=am"},"img":{"alt_text":"","src":"","width":0,"height":0},"classes":[]}],"_links":{"self":[{"href":"https:\/\/www.achimbrueckner.de\/freeradio\/php\/wordpress\/index.php?rest_route=\/wp\/v2\/posts\/29104","targetHints":{"allow":["GET"]}}],"collection":[{"href":"https:\/\/www.achimbrueckner.de\/freeradio\/php\/wordpress\/index.php?rest_route=\/wp\/v2\/posts"}],"about":[{"href":"https:\/\/www.achimbrueckner.de\/freeradio\/php\/wordpress\/index.php?rest_route=\/wp\/v2\/types\/post"}],"author":[{"embeddable":true,"href":"https:\/\/www.achimbrueckner.de\/freeradio\/php\/wordpress\/index.php?rest_route=\/wp\/v2\/users\/1"}],"replies":[{"embeddable":true,"href":"https:\/\/www.achimbrueckner.de\/freeradio\/php\/wordpress\/index.php?rest_route=%2Fwp%2Fv2%2Fcomments&post=29104"}],"version-history":[{"count":0,"href":"https:\/\/www.achimbrueckner.de\/freeradio\/php\/wordpress\/index.php?rest_route=\/wp\/v2\/posts\/29104\/revisions"}],"wp:attachment":[{"href":"https:\/\/www.achimbrueckner.de\/freeradio\/php\/wordpress\/index.php?rest_route=%2Fwp%2Fv2%2Fmedia&parent=29104"}],"wp:term":[{"taxonomy":"category","embeddable":true,"href":"https:\/\/www.achimbrueckner.de\/freeradio\/php\/wordpress\/index.php?rest_route=%2Fwp%2Fv2%2Fcategories&post=29104"},{"taxonomy":"post_tag","embeddable":true,"href":"https:\/\/www.achimbrueckner.de\/freeradio\/php\/wordpress\/index.php?rest_route=%2Fwp%2Fv2%2Ftags&post=29104"}],"curies":[{"name":"wp","href":"https:\/\/api.w.org\/{rel}","templated":true}]}}