{"id":29158,"date":"2013-10-21T15:34:17","date_gmt":"2013-10-21T15:34:17","guid":{"rendered":"https:\/\/www.achimbrueckner.de\/freeradio\/php\/wordpress\/?p=29158"},"modified":"2013-10-21T15:34:17","modified_gmt":"2013-10-21T15:34:17","slug":"radio-powerplay-in-bergkamen","status":"publish","type":"post","link":"https:\/\/www.achimbrueckner.de\/freeradio\/php\/wordpress\/?p=29158","title":{"rendered":"Radio Powerplay in Bergkamen?"},"content":{"rendered":"<p><a href=\"http:\/\/www.lokalkompass.de\/bergkamen\/kultur\/radio-powerplay-in-bergkamen-d357528.html\" target=\"_blank\">http:\/\/www.lokalkompass.de\/bergkamen\/kultur\/radio-powerplay-in-bergkamen-d357528.html<\/a><\/p>\n<p>Info via <a href=\"https:\/\/twitter.com\/radiopiraten\" target=\"_blank\">Twitter<\/a><\/p>\n","protected":false},"excerpt":{"rendered":"<p>http:\/\/www.lokalkompass.de\/bergkamen\/kultur\/radio-powerplay-in-bergkamen-d357528.html Info via Twitter<\/p>\n","protected":false},"author":1,"featured_media":0,"comment_status":"open","ping_status":"open","sticky":false,"template":"","format":"standard","meta":{"_jetpack_memberships_contains_paid_content":false,"footnotes":"","jetpack_publicize_message":"","jetpack_publicize_feature_enabled":true,"jetpack_social_post_already_shared":false,"jetpack_social_options":{"image_generator_settings":{"template":"highway","default_image_id":0,"font":"","enabled":false},"version":2}},"categories":[1],"tags":[22],"class_list":["post-29158","post","type-post","status-publish","format-standard","hentry","category-uncategorized","tag-am"],"jetpack_publicize_connections":[],"jetpack_featured_media_url":"","jetpack_sharing_enabled":true,"jetpack_shortlink":"https:\/\/wp.me\/p5CD59-7Ai","jetpack-related-posts":[{"id":467034,"url":"https:\/\/www.achimbrueckner.de\/freeradio\/php\/wordpress\/?p=467034","url_meta":{"origin":29158,"position":0},"title":"Laut.fm Euro Radio","author":"Administrator","date":"May 17, 2022 15:36","format":false,"excerpt":"Euro Radio mit Erinnerungen an die Piratensender aus dem Elsass: Radio Powerplay und Euro Radio: https:\/\/laut.fm\/euroradio Info via Facebook","rel":"","context":"Similar post","block_context":{"text":"Similar post","link":""},"img":{"alt_text":"","src":"","width":0,"height":0},"classes":[]},{"id":13114,"url":"https:\/\/www.achimbrueckner.de\/freeradio\/php\/wordpress\/?p=13114","url_meta":{"origin":29158,"position":1},"title":"Charly 2000","author":"Administrator","date":"July 26, 2009 16:07","format":false,"excerpt":"Charly 2000 auf Youtube. Charlie 2000 machte um 1989\/90 Furore mit seinem Piratensender Powerplay (Euro Radio). Info via Radioh\u00f6rerforum","rel":"","context":"In \"Piratensender\"","block_context":{"text":"Piratensender","link":"https:\/\/www.achimbrueckner.de\/freeradio\/php\/wordpress\/?tag=piratensender"},"img":{"alt_text":"","src":"","width":0,"height":0},"classes":[]},{"id":12448,"url":"https:\/\/www.achimbrueckner.de\/freeradio\/php\/wordpress\/?p=12448","url_meta":{"origin":29158,"position":2},"title":"Euroradio","author":"Administrator","date":"June 12, 2009 22:26","format":false,"excerpt":"Euroradio aus Karlsruhe - wir verbinden Baden, das Elsa\u00df und die Pfalz - drei Regionen ein Sender Euroradio. Wir wollen an die Kultradiostationen Euroradio\/Powerplay und Radio Drops errinern, die beide von sp\u00e4ten achziger Jahren aus Stra\u00dfbourg f\u00fcr das Elsa\u00df,Baden und die Pfalz on Air.Euro spielte die Charts und auch \u00c4rtzte\u2026","rel":"","context":"In &quot;webradio&quot;","block_context":{"text":"webradio","link":"https:\/\/www.achimbrueckner.de\/freeradio\/php\/wordpress\/?cat=13"},"img":{"alt_text":"","src":"","width":0,"height":0},"classes":[]},{"id":23807,"url":"https:\/\/www.achimbrueckner.de\/freeradio\/php\/wordpress\/?p=23807","url_meta":{"origin":29158,"position":3},"title":"Radar Serbia Radio 17 Dezember 2011","author":"Administrator","date":"December 16, 2011 20:28","format":false,"excerpt":"Der serbische Pirat Radar Serbia Radio will am 17. Dezember 2000-2300 UTC auf 2023 kHz (kein Tippfehler!) testen. Sendeleistung: 40 Watt http:\/\/www.youtube.com\/watch?v=EDan-oEGNc8&feature=youtu.be http:\/\/hkdx2.blogspot.com\/2011\/12\/radar-serbia-radio-on-air-sat-17122011.html Info via Twitter","rel":"","context":"In \"AM\"","block_context":{"text":"AM","link":"https:\/\/www.achimbrueckner.de\/freeradio\/php\/wordpress\/?tag=am"},"img":{"alt_text":"","src":"","width":0,"height":0},"classes":[]},{"id":19907,"url":"https:\/\/www.achimbrueckner.de\/freeradio\/php\/wordpress\/?p=19907","url_meta":{"origin":29158,"position":4},"title":"Radio Nordsee","author":"Administrator","date":"September 24, 2010 12:54","format":false,"excerpt":"Vor 40 Jahren: Radio Nordsee beendet deutsches Programm Die Musikpiraten http:\/\/www.wdr.de\/themen\/kultur\/stichtag\/2010\/09\/24.jhtml Info via A-DX","rel":"","context":"In \"AM\"","block_context":{"text":"AM","link":"https:\/\/www.achimbrueckner.de\/freeradio\/php\/wordpress\/?tag=am"},"img":{"alt_text":"","src":"","width":0,"height":0},"classes":[]},{"id":4885,"url":"https:\/\/www.achimbrueckner.de\/freeradio\/php\/wordpress\/?p=4885","url_meta":{"origin":29158,"position":5},"title":"Piratensender Powerplay","author":"Administrator","date":"December 22, 2007 06:28","format":false,"excerpt":"Bei Amazon ist jetzt die DVD Piratensender Powerplay in der Originalfassung erh\u00e4ltlich. Und das auch noch g\u00fcnstiger als das Remake mit den ausgetauschten Musiktiteln. Quelle: Elbtrauemer im OT-Forum ukwtv.de","rel":"","context":"In \"AM\"","block_context":{"text":"AM","link":"https:\/\/www.achimbrueckner.de\/freeradio\/php\/wordpress\/?tag=am"},"img":{"alt_text":"","src":"","width":0,"height":0},"classes":[]}],"_links":{"self":[{"href":"https:\/\/www.achimbrueckner.de\/freeradio\/php\/wordpress\/index.php?rest_route=\/wp\/v2\/posts\/29158","targetHints":{"allow":["GET"]}}],"collection":[{"href":"https:\/\/www.achimbrueckner.de\/freeradio\/php\/wordpress\/index.php?rest_route=\/wp\/v2\/posts"}],"about":[{"href":"https:\/\/www.achimbrueckner.de\/freeradio\/php\/wordpress\/index.php?rest_route=\/wp\/v2\/types\/post"}],"author":[{"embeddable":true,"href":"https:\/\/www.achimbrueckner.de\/freeradio\/php\/wordpress\/index.php?rest_route=\/wp\/v2\/users\/1"}],"replies":[{"embeddable":true,"href":"https:\/\/www.achimbrueckner.de\/freeradio\/php\/wordpress\/index.php?rest_route=%2Fwp%2Fv2%2Fcomments&post=29158"}],"version-history":[{"count":0,"href":"https:\/\/www.achimbrueckner.de\/freeradio\/php\/wordpress\/index.php?rest_route=\/wp\/v2\/posts\/29158\/revisions"}],"wp:attachment":[{"href":"https:\/\/www.achimbrueckner.de\/freeradio\/php\/wordpress\/index.php?rest_route=%2Fwp%2Fv2%2Fmedia&parent=29158"}],"wp:term":[{"taxonomy":"category","embeddable":true,"href":"https:\/\/www.achimbrueckner.de\/freeradio\/php\/wordpress\/index.php?rest_route=%2Fwp%2Fv2%2Fcategories&post=29158"},{"taxonomy":"post_tag","embeddable":true,"href":"https:\/\/www.achimbrueckner.de\/freeradio\/php\/wordpress\/index.php?rest_route=%2Fwp%2Fv2%2Ftags&post=29158"}],"curies":[{"name":"wp","href":"https:\/\/api.w.org\/{rel}","templated":true}]}}