{"id":29186,"date":"2013-10-23T16:34:51","date_gmt":"2013-10-23T16:34:51","guid":{"rendered":"https:\/\/www.achimbrueckner.de\/freeradio\/php\/wordpress\/?p=29186"},"modified":"2013-10-23T16:34:51","modified_gmt":"2013-10-23T16:34:51","slug":"einsatz-der-bundesnetzagentur-dortmunder-wecker-legt-flugzeugfunk-lahm","status":"publish","type":"post","link":"https:\/\/www.achimbrueckner.de\/freeradio\/php\/wordpress\/?p=29186","title":{"rendered":"Einsatz der Bundesnetzagentur Dortmunder Wecker legt Flugzeugfunk lahm"},"content":{"rendered":"<p><a href=\"http:\/\/www.recklinghaeuser-zeitung.de\/nachrichten\/region\/dortmund\/Einsatz-der-Bundesnetzagentur-Dortmunder-Wecker-legt-Flugzeugfunk-lahm;art1330,1130109\" target=\"_blank\">http:\/\/www.recklinghaeuser-zeitung.de\/nachrichten\/region\/dortmund\/Einsatz-der-Bundesnetzagentur-Dortmunder-Wecker-legt-Flugzeugfunk-lahm<\/a><\/p>\n","protected":false},"excerpt":{"rendered":"<p>http:\/\/www.recklinghaeuser-zeitung.de\/nachrichten\/region\/dortmund\/Einsatz-der-Bundesnetzagentur-Dortmunder-Wecker-legt-Flugzeugfunk-lahm<\/p>\n","protected":false},"author":1,"featured_media":0,"comment_status":"open","ping_status":"open","sticky":false,"template":"","format":"standard","meta":{"_jetpack_memberships_contains_paid_content":false,"footnotes":"","jetpack_publicize_message":"","jetpack_publicize_feature_enabled":true,"jetpack_social_post_already_shared":false,"jetpack_social_options":{"image_generator_settings":{"template":"highway","default_image_id":0,"font":"","enabled":false},"version":2}},"categories":[1],"tags":[],"class_list":["post-29186","post","type-post","status-publish","format-standard","hentry","category-uncategorized"],"jetpack_publicize_connections":[],"jetpack_featured_media_url":"","jetpack_sharing_enabled":true,"jetpack_shortlink":"https:\/\/wp.me\/p5CD59-7AK","jetpack-related-posts":[{"id":454310,"url":"https:\/\/www.achimbrueckner.de\/freeradio\/php\/wordpress\/?p=454310","url_meta":{"origin":29186,"position":0},"title":"Bundesnetzagentur legt UKW-Schwarzsender still","author":"Administrator","date":"April 19, 2017 07:44","format":false,"excerpt":"http:\/\/www.radiowoche.de\/bundesnetzagentur-legt-ukw-schwarzsender-still\/","rel":"","context":"In \"UKW\"","block_context":{"text":"UKW","link":"https:\/\/www.achimbrueckner.de\/freeradio\/php\/wordpress\/?tag=ukw"},"img":{"alt_text":"","src":"","width":0,"height":0},"classes":[]},{"id":454423,"url":"https:\/\/www.achimbrueckner.de\/freeradio\/php\/wordpress\/?p=454423","url_meta":{"origin":29186,"position":1},"title":"Bundesnetzagentur legt UKW-Schwarzsender still","author":"Administrator","date":"April 25, 2017 17:29","format":false,"excerpt":"http:\/\/www.digitalfernsehen.de\/Bundesnetzagentur-legt-UKW-Schwarzsender-still.152283.0.html","rel":"","context":"In \"UKW\"","block_context":{"text":"UKW","link":"https:\/\/www.achimbrueckner.de\/freeradio\/php\/wordpress\/?tag=ukw"},"img":{"alt_text":"","src":"","width":0,"height":0},"classes":[]},{"id":460577,"url":"https:\/\/www.achimbrueckner.de\/freeradio\/php\/wordpress\/?p=460577","url_meta":{"origin":29186,"position":2},"title":"Bundesnetzagentur legt UKW-Schwarzsender still","author":"Administrator","date":"May 1, 2019 16:09","format":false,"excerpt":"http:\/\/detlef-meis.de\/2019\/04\/30\/bundesnetzagentur-schliesst-ukw-piratensender\/","rel":"","context":"In \"Piratensender\"","block_context":{"text":"Piratensender","link":"https:\/\/www.achimbrueckner.de\/freeradio\/php\/wordpress\/?tag=piratensender"},"img":{"alt_text":"","src":"","width":0,"height":0},"classes":[]},{"id":459643,"url":"https:\/\/www.achimbrueckner.de\/freeradio\/php\/wordpress\/?p=459643","url_meta":{"origin":29186,"position":3},"title":"Doku Funkst\u00f6rungen &#8211; Einsatz der Bundesnetzagentur","author":"Administrator","date":"December 19, 2018 16:51","format":false,"excerpt":"https:\/\/www.youtube.com\/watch?v=dVQNbVn8FQs","rel":"","context":"Similar post","block_context":{"text":"Similar post","link":""},"img":{"alt_text":"","src":"","width":0,"height":0},"classes":[]},{"id":462196,"url":"https:\/\/www.achimbrueckner.de\/freeradio\/php\/wordpress\/?p=462196","url_meta":{"origin":29186,"position":4},"title":"Bundesnetzagentur kl\u00e4rt 2019 fast 4.000 Funkst\u00f6rungen auf","author":"Administrator","date":"January 2, 2020 14:42","format":false,"excerpt":"Bundesnetzagentur kl\u00e4rt 2019 fast 4.000 Funkst\u00f6rungen auf PM der BNA: Vizepr\u00e4sident Franke: \u201eErfreulich wenig St\u00f6rungen gemeldet\u201c Der Pr\u00fcf- und Messdienst der Bundesnetzagentur hat im Jahr 2019 fast 4.000 Funkst\u00f6rungen und elektromagnetische Unvertr\u00e4glichkeiten vor Ort aufgekl\u00e4rt und die Beseitigung begleitet. \u201eWir stellen sicher, dass in Deutschland Frequenzen effizient und st\u00f6rungsfrei nutzbar\u2026","rel":"","context":"Similar post","block_context":{"text":"Similar post","link":""},"img":{"alt_text":"","src":"","width":0,"height":0},"classes":[]},{"id":28481,"url":"https:\/\/www.achimbrueckner.de\/freeradio\/php\/wordpress\/?p=28481","url_meta":{"origin":29186,"position":5},"title":"Fernfahrer legt Flughafen-Netzwerk in New York lahm","author":"Administrator","date":"August 18, 2013 15:13","format":false,"excerpt":"Fernfahrer legt Flughafen-Netzwerk in New York lahm http:\/\/www.t-online.de\/computer\/hardware\/id_64997968\/new-york-trucker-legt-flughafen-netzwerk-mit-gps-stoersender-lahm.html","rel":"","context":"Similar post","block_context":{"text":"Similar post","link":""},"img":{"alt_text":"","src":"","width":0,"height":0},"classes":[]}],"_links":{"self":[{"href":"https:\/\/www.achimbrueckner.de\/freeradio\/php\/wordpress\/index.php?rest_route=\/wp\/v2\/posts\/29186","targetHints":{"allow":["GET"]}}],"collection":[{"href":"https:\/\/www.achimbrueckner.de\/freeradio\/php\/wordpress\/index.php?rest_route=\/wp\/v2\/posts"}],"about":[{"href":"https:\/\/www.achimbrueckner.de\/freeradio\/php\/wordpress\/index.php?rest_route=\/wp\/v2\/types\/post"}],"author":[{"embeddable":true,"href":"https:\/\/www.achimbrueckner.de\/freeradio\/php\/wordpress\/index.php?rest_route=\/wp\/v2\/users\/1"}],"replies":[{"embeddable":true,"href":"https:\/\/www.achimbrueckner.de\/freeradio\/php\/wordpress\/index.php?rest_route=%2Fwp%2Fv2%2Fcomments&post=29186"}],"version-history":[{"count":0,"href":"https:\/\/www.achimbrueckner.de\/freeradio\/php\/wordpress\/index.php?rest_route=\/wp\/v2\/posts\/29186\/revisions"}],"wp:attachment":[{"href":"https:\/\/www.achimbrueckner.de\/freeradio\/php\/wordpress\/index.php?rest_route=%2Fwp%2Fv2%2Fmedia&parent=29186"}],"wp:term":[{"taxonomy":"category","embeddable":true,"href":"https:\/\/www.achimbrueckner.de\/freeradio\/php\/wordpress\/index.php?rest_route=%2Fwp%2Fv2%2Fcategories&post=29186"},{"taxonomy":"post_tag","embeddable":true,"href":"https:\/\/www.achimbrueckner.de\/freeradio\/php\/wordpress\/index.php?rest_route=%2Fwp%2Fv2%2Ftags&post=29186"}],"curies":[{"name":"wp","href":"https:\/\/api.w.org\/{rel}","templated":true}]}}