{"id":29713,"date":"2013-12-07T19:11:49","date_gmt":"2013-12-07T19:11:49","guid":{"rendered":"https:\/\/www.achimbrueckner.de\/freeradio\/php\/wordpress\/?p=29713"},"modified":"2013-12-07T19:11:49","modified_gmt":"2013-12-07T19:11:49","slug":"the-voice-of-peace-der-traum-des-abie-nathan-2","status":"publish","type":"post","link":"https:\/\/www.achimbrueckner.de\/freeradio\/php\/wordpress\/?p=29713","title":{"rendered":"The Voice of Peace &#8211; Der Traum des Abie Nathan"},"content":{"rendered":"<p><a href=\"http:\/\/www.ndr.de\/kultur\/kino_und_film\/ndr_produktionen\/abienathan101.html\" target=\"_blank\">http:\/\/www.ndr.de\/kultur\/kino_und_film\/ndr_produktionen\/abienathan101.html<\/a><\/p>\n","protected":false},"excerpt":{"rendered":"<p>http:\/\/www.ndr.de\/kultur\/kino_und_film\/ndr_produktionen\/abienathan101.html<\/p>\n","protected":false},"author":1,"featured_media":0,"comment_status":"open","ping_status":"open","sticky":false,"template":"","format":"standard","meta":{"_jetpack_memberships_contains_paid_content":false,"footnotes":"","jetpack_publicize_message":"","jetpack_publicize_feature_enabled":true,"jetpack_social_post_already_shared":false,"jetpack_social_options":{"image_generator_settings":{"template":"highway","default_image_id":0,"font":"","enabled":false},"version":2}},"categories":[1],"tags":[],"class_list":["post-29713","post","type-post","status-publish","format-standard","hentry","category-uncategorized"],"jetpack_publicize_connections":[],"jetpack_featured_media_url":"","jetpack_sharing_enabled":true,"jetpack_shortlink":"https:\/\/wp.me\/p5CD59-7Jf","jetpack-related-posts":[{"id":30357,"url":"https:\/\/www.achimbrueckner.de\/freeradio\/php\/wordpress\/?p=30357","url_meta":{"origin":29713,"position":0},"title":"German TV Doku Voice of Peace","author":"Administrator","date":"January 15, 2014 18:46","format":false,"excerpt":"http:\/\/www.daserste.de\/information\/reportage-dokumentation\/dokus\/sendung\/ndr\/the-voice-of-peace-100.html http:\/\/www.ndr.de\/kultur\/kino_und_film\/ndr_produktionen\/abienathan101.html http:\/\/www.spiegel.de\/kultur\/tv\/the-voice-of-peace-dokumentation-von-eric-fiedler-ueber-abie-nathans-a-939008.html http:\/\/www.taz.de\/TV-Doku-ueber-Abie-Nathan\/!130465\/ http:\/\/www.fr-online.de\/tv-kritik\/tv-kritik--the-voice-of-peace---der-traum-des-abie-nathan-nathan-der-weise,1473344,25811326.html http:\/\/www.noz.de\/deutschland-welt\/medien\/artikel\/440676\/ard-doku-uber-friedensaktivist-abi-nathan http:\/\/www.welt.de\/kultur\/medien\/article123621040\/Er-brachte-Israel-Coolness-Burger-und-Peace.html http:\/\/www.sueddeutsche.de\/medien\/the-voice-of-peace-in-der-ard-vom-frieden-besessen-1.1856968 http:\/\/www.tagesspiegel.de\/medien\/polit-doku-frieden-ist-eine-coole-sache\/9294622.html http:\/\/www.weser-kurier.de\/startseite_artikel,-Der-Mann-den-John-Lennon-bewunderte-_arid,743065.html http:\/\/www.faz.net\/aktuell\/feuilleton\/medien\/the-voice-of-peace-im-ersten-der-pirat-der-unter-der-friedensflagge-segelte-12739884.html http:\/\/www.rp-online.de\/app\/tv\/prisma\/index\/tipp\/2014-01-07\/20140107_Ard_the_voice_of_peace Info via RadioCarolineMailinglist","rel":"","context":"In \"email\"","block_context":{"text":"email","link":"https:\/\/www.achimbrueckner.de\/freeradio\/php\/wordpress\/?tag=email"},"img":{"alt_text":"","src":"","width":0,"height":0},"classes":[]},{"id":29539,"url":"https:\/\/www.achimbrueckner.de\/freeradio\/php\/wordpress\/?p=29539","url_meta":{"origin":29713,"position":1},"title":"The Voice of Peace &#8211; Der Traum des Abie Nathan","author":"Administrator","date":"November 21, 2013 18:33","format":false,"excerpt":"The Voice of Peace - Der Traum des Abie Nathan 07.01.2014 | 22:45 Uhr Dienstag, 7. Januar 2014, 22.45 Uhr, Das Erste http:\/\/www.ndr.de\/unternehmen\/presse\/pressemappen\/thevoiceofpeace101.pdf","rel":"","context":"Similar post","block_context":{"text":"Similar post","link":""},"img":{"alt_text":"","src":"","width":0,"height":0},"classes":[]},{"id":33421,"url":"https:\/\/www.achimbrueckner.de\/freeradio\/php\/wordpress\/?p=33421","url_meta":{"origin":29713,"position":2},"title":"Eins Festival MI 28.5.2014 The Voice of Peace  Der Traum des Abie Nathan","author":"Administrator","date":"May 28, 2014 19:30","format":false,"excerpt":"The Voice of Peace Der Traum des Abie Nathan Sendetermin: Eins Festival Mi 28.05.2014, 22.00 - 23.30 Uhr http:\/\/www.einsfestival.de\/sendungen\/sendung.jsp?ID=12134698248 Info via A-DX","rel":"","context":"In \"dx\"","block_context":{"text":"dx","link":"https:\/\/www.achimbrueckner.de\/freeradio\/php\/wordpress\/?tag=dx"},"img":{"alt_text":"","src":"","width":0,"height":0},"classes":[]},{"id":30254,"url":"https:\/\/www.achimbrueckner.de\/freeradio\/php\/wordpress\/?p=30254","url_meta":{"origin":29713,"position":3},"title":"TV-Tipp: The Voice Of Peace \u2013 Der Traum des Abie Nathan","author":"Administrator","date":"January 7, 2014 11:10","format":false,"excerpt":"http:\/\/www.rollingstone.de\/news\/meldungen\/article517956\/tv-tipp-the-voice-of-peace-der-traum-des-abie-nathan.html","rel":"","context":"Similar post","block_context":{"text":"Similar post","link":""},"img":{"alt_text":"","src":"","width":0,"height":0},"classes":[]},{"id":385239,"url":"https:\/\/www.achimbrueckner.de\/freeradio\/php\/wordpress\/?p=385239","url_meta":{"origin":29713,"position":4},"title":"THE VOICE OF PEACE  Der Traum des Abie Nathan  Sonntag, 26. Juli um 22:55 Uhr (90 Min.)","author":"Administrator","date":"July 19, 2015 19:48","format":false,"excerpt":"http:\/\/www.arte.tv\/guide\/de\/058415-000\/the-voice-of-peace","rel":"","context":"With 1 comment","block_context":{"text":"With 1 comment","link":"https:\/\/www.achimbrueckner.de\/freeradio\/php\/wordpress\/?p=385239#comments"},"img":{"alt_text":"","src":"","width":0,"height":0},"classes":[]},{"id":458598,"url":"https:\/\/www.achimbrueckner.de\/freeradio\/php\/wordpress\/?p=458598","url_meta":{"origin":29713,"position":5},"title":"From somewhere in the mediterranean &#8211; Abie Nathan","author":"Administrator","date":"April 2, 2018 14:05","format":false,"excerpt":"zuf\u00e4llig geh\u00f6rt. Auf NDR Info gab es heute eine 52min\u00fctige Sendung \u00fcber Abie Nathans Sendeschiff \"The Voice of Peace\". Inzwischen ist die Sendung in der Mediathek von NDR Info verf\u00fcgbar. https:\/\/www.ndr.de\/info\/From-somewhere-in-the-mediterranean-Abie-Nathan,audio393024.html","rel":"","context":"In \"Audio\"","block_context":{"text":"Audio","link":"https:\/\/www.achimbrueckner.de\/freeradio\/php\/wordpress\/?tag=audio"},"img":{"alt_text":"","src":"","width":0,"height":0},"classes":[]}],"_links":{"self":[{"href":"https:\/\/www.achimbrueckner.de\/freeradio\/php\/wordpress\/index.php?rest_route=\/wp\/v2\/posts\/29713","targetHints":{"allow":["GET"]}}],"collection":[{"href":"https:\/\/www.achimbrueckner.de\/freeradio\/php\/wordpress\/index.php?rest_route=\/wp\/v2\/posts"}],"about":[{"href":"https:\/\/www.achimbrueckner.de\/freeradio\/php\/wordpress\/index.php?rest_route=\/wp\/v2\/types\/post"}],"author":[{"embeddable":true,"href":"https:\/\/www.achimbrueckner.de\/freeradio\/php\/wordpress\/index.php?rest_route=\/wp\/v2\/users\/1"}],"replies":[{"embeddable":true,"href":"https:\/\/www.achimbrueckner.de\/freeradio\/php\/wordpress\/index.php?rest_route=%2Fwp%2Fv2%2Fcomments&post=29713"}],"version-history":[{"count":0,"href":"https:\/\/www.achimbrueckner.de\/freeradio\/php\/wordpress\/index.php?rest_route=\/wp\/v2\/posts\/29713\/revisions"}],"wp:attachment":[{"href":"https:\/\/www.achimbrueckner.de\/freeradio\/php\/wordpress\/index.php?rest_route=%2Fwp%2Fv2%2Fmedia&parent=29713"}],"wp:term":[{"taxonomy":"category","embeddable":true,"href":"https:\/\/www.achimbrueckner.de\/freeradio\/php\/wordpress\/index.php?rest_route=%2Fwp%2Fv2%2Fcategories&post=29713"},{"taxonomy":"post_tag","embeddable":true,"href":"https:\/\/www.achimbrueckner.de\/freeradio\/php\/wordpress\/index.php?rest_route=%2Fwp%2Fv2%2Ftags&post=29713"}],"curies":[{"name":"wp","href":"https:\/\/api.w.org\/{rel}","templated":true}]}}