{"id":29809,"date":"2013-12-14T15:33:40","date_gmt":"2013-12-14T15:33:40","guid":{"rendered":"https:\/\/www.achimbrueckner.de\/freeradio\/php\/wordpress\/?p=29809"},"modified":"2013-12-14T15:33:40","modified_gmt":"2013-12-14T15:33:40","slug":"marabu-kurzwelle-zu-weihnachten","status":"publish","type":"post","link":"https:\/\/www.achimbrueckner.de\/freeradio\/php\/wordpress\/?p=29809","title":{"rendered":"MARABU KURZWELLE ZU WEIHNACHTEN"},"content":{"rendered":"<p>+++MARABU KURZWELLE ZU WEIHNACHTEN<\/p>\n<ol>\n<li>Dieses Jahr strahlen wir unser Weihnachtsprogramm am 24., 25 und 26. Dezember 2013 durchgehend 24 Stunden auf der Frequenz 6305 kHz aus.<\/li>\n<li>Dar\u00fcber hinaus sind wir am 25. und 26. Dezember 2013 von 20.00 bis 24.00 Uhr auf 6070 kHz zu h\u00f6ren.<\/li>\n<\/ol>\n","protected":false},"excerpt":{"rendered":"<p>+++MARABU KURZWELLE ZU WEIHNACHTEN Dieses Jahr strahlen wir unser Weihnachtsprogramm am 24., 25 und 26. Dezember 2013 durchgehend 24 Stunden auf der Frequenz 6305 kHz aus. Dar\u00fcber hinaus sind wir am 25. und 26. Dezember 2013 von 20.00 bis 24.00 Uhr auf 6070 kHz zu h\u00f6ren.<\/p>\n","protected":false},"author":1,"featured_media":0,"comment_status":"open","ping_status":"open","sticky":false,"template":"","format":"standard","meta":{"_jetpack_memberships_contains_paid_content":false,"footnotes":"","jetpack_publicize_message":"","jetpack_publicize_feature_enabled":true,"jetpack_social_post_already_shared":false,"jetpack_social_options":{"image_generator_settings":{"template":"highway","default_image_id":0,"font":"","enabled":false},"version":2}},"categories":[1],"tags":[22],"class_list":["post-29809","post","type-post","status-publish","format-standard","hentry","category-uncategorized","tag-am"],"jetpack_publicize_connections":[],"jetpack_featured_media_url":"","jetpack_sharing_enabled":true,"jetpack_shortlink":"https:\/\/wp.me\/p5CD59-7KN","jetpack-related-posts":[{"id":37079,"url":"https:\/\/www.achimbrueckner.de\/freeradio\/php\/wordpress\/?p=37079","url_meta":{"origin":29809,"position":0},"title":"MARABU AUF KURZWELLE","author":"Administrator","date":"November 27, 2014 15:37","format":false,"excerpt":"MARABU AUF KURZWELLE Unsere n\u00e4chsten Sendetermine auf Kurzwelle sind wie folgt: Wochenende 29.\/30. November 2014, Weihnachten 23, 24,25. Dezember 2014 jeweils auf der Frequenz 6240 kHz. \u00dcber Empfangsberichte w\u00fcrden wir uns sehr freuen. Our next transmission dates on shortwave are on the weekend 29th\/30th of November 2014 and Christmas 22nd,\u2026","rel":"","context":"In &quot;English&quot;","block_context":{"text":"English","link":"https:\/\/www.achimbrueckner.de\/freeradio\/php\/wordpress\/?cat=2"},"img":{"alt_text":"","src":"","width":0,"height":0},"classes":[]},{"id":37524,"url":"https:\/\/www.achimbrueckner.de\/freeradio\/php\/wordpress\/?p=37524","url_meta":{"origin":29809,"position":1},"title":"DER MARABU WEIHNACHTS-SENDEPLAN 2014 F\u00dcR DIE KURZWELLE","author":"Administrator","date":"December 20, 2014 17:35","format":false,"excerpt":"+++DER MARABU WEIHNACHTS-SENDEPLAN 2014 F\u00dcR DIE KURZWELLE Unsere n\u00e4chsten Sendetermine auf Kurzwelle sind wie folgt: 23, 24,25. Dezember 2014 durchgehend auf der Frequenz 6240 kHz. 25. Dezember 2014 von 08.00 bis 12.00 Uhr auf der Frequenz 7310 kHz 26. Dezember 2014 von 08.00 bis 12.00 Uhr auf der Frequenz 7310\u2026","rel":"","context":"In \"AM\"","block_context":{"text":"AM","link":"https:\/\/www.achimbrueckner.de\/freeradio\/php\/wordpress\/?tag=am"},"img":{"alt_text":"","src":"","width":0,"height":0},"classes":[]},{"id":15903,"url":"https:\/\/www.achimbrueckner.de\/freeradio\/php\/wordpress\/?p=15903","url_meta":{"origin":29809,"position":2},"title":"Radio Marabu 6220 Khz","author":"Administrator","date":"December 25, 2009 10:10","format":false,"excerpt":"MARABU X-MAS Special Am 25. Dezember 2009 von 16.00 Uhr bis 22.00 Uhr und am 27. Dezember 2009 von 10.00 bis 16.00 Uhr auf Kurzwelle 6220 kHz. 25.12.2009 16-18 UHR- MARABU Weihnachtsfeier mit DONATA 18-20 UHR- MARABU- Weihnachtsshow mit NICK BARKER und seinen Weihnachtsgeschichten 20-22 UHR - MARABU Weihnachten mit\u2026","rel":"","context":"In \"AM\"","block_context":{"text":"AM","link":"https:\/\/www.achimbrueckner.de\/freeradio\/php\/wordpress\/?tag=am"},"img":{"alt_text":"","src":"","width":0,"height":0},"classes":[]},{"id":184,"url":"https:\/\/www.achimbrueckner.de\/freeradio\/php\/wordpress\/?p=184","url_meta":{"origin":29809,"position":3},"title":"Radio Marabu X-mas Day on 9290 Khz","author":"Administrator","date":"December 18, 2005 09:11","format":false,"excerpt":"Radio Marabu sendet am Weihnachtstag, dem 24. Dezember 2005, von 11.00 bis 17.00 Uhr MEZ auf Kurzwelle 9290 kHz ein Weihnachtssonderprogramm mit EuropesAlternativeMusic und handverlesenen Weihnachtsklassikern. Das Programm pr\u00e4sentieren Marcel Fischer, Frank G\u00f6bel und Julia B. Zu gewinnen gibt es wie jedes Jahr eine Menge CD\u00c2\u00b4s. Unser Weihnachtsprogramm ist des\u2026","rel":"","context":"In \"AM\"","block_context":{"text":"AM","link":"https:\/\/www.achimbrueckner.de\/freeradio\/php\/wordpress\/?tag=am"},"img":{"alt_text":"","src":"","width":0,"height":0},"classes":[]},{"id":37506,"url":"https:\/\/www.achimbrueckner.de\/freeradio\/php\/wordpress\/?p=37506","url_meta":{"origin":29809,"position":4},"title":"Radio Marabu &#8211; WEIHNACHTEN AUF KURZWELLE","author":"Administrator","date":"December 20, 2014 14:04","format":false,"excerpt":"http:\/\/radio-marabu.de\/wordpress\/weihnachten-auf-kurzwelle\/","rel":"","context":"Similar post","block_context":{"text":"Similar post","link":""},"img":{"alt_text":"","src":"","width":0,"height":0},"classes":[]},{"id":22938,"url":"https:\/\/www.achimbrueckner.de\/freeradio\/php\/wordpress\/?p=22938","url_meta":{"origin":29809,"position":5},"title":"Radio Marabu 6085 KHz","author":"Administrator","date":"September 17, 2011 10:50","format":false,"excerpt":"Jetzt auf 6085 kHz Zum RADIOTAG ERKRATH gibt es 6 Stunden RADIO MARABU auf KURZWELLE 6085. Es moderiert MARCEL FISCHER, zu h\u00f6ren sind legend\u00e4re Radiomitschnitte u.a.von RNI, BERLINER RUNDFUNK 1988, AFN FRANKFURT 1976, RADIO LUXEMBOURG 1992 und nat\u00fcrlich brandneue Musik, gemischt mit handverlesenen Retrocuts. Von 12-18 UHR sind wir auf\u2026","rel":"","context":"Similar post","block_context":{"text":"Similar post","link":""},"img":{"alt_text":"","src":"","width":0,"height":0},"classes":[]}],"_links":{"self":[{"href":"https:\/\/www.achimbrueckner.de\/freeradio\/php\/wordpress\/index.php?rest_route=\/wp\/v2\/posts\/29809","targetHints":{"allow":["GET"]}}],"collection":[{"href":"https:\/\/www.achimbrueckner.de\/freeradio\/php\/wordpress\/index.php?rest_route=\/wp\/v2\/posts"}],"about":[{"href":"https:\/\/www.achimbrueckner.de\/freeradio\/php\/wordpress\/index.php?rest_route=\/wp\/v2\/types\/post"}],"author":[{"embeddable":true,"href":"https:\/\/www.achimbrueckner.de\/freeradio\/php\/wordpress\/index.php?rest_route=\/wp\/v2\/users\/1"}],"replies":[{"embeddable":true,"href":"https:\/\/www.achimbrueckner.de\/freeradio\/php\/wordpress\/index.php?rest_route=%2Fwp%2Fv2%2Fcomments&post=29809"}],"version-history":[{"count":0,"href":"https:\/\/www.achimbrueckner.de\/freeradio\/php\/wordpress\/index.php?rest_route=\/wp\/v2\/posts\/29809\/revisions"}],"wp:attachment":[{"href":"https:\/\/www.achimbrueckner.de\/freeradio\/php\/wordpress\/index.php?rest_route=%2Fwp%2Fv2%2Fmedia&parent=29809"}],"wp:term":[{"taxonomy":"category","embeddable":true,"href":"https:\/\/www.achimbrueckner.de\/freeradio\/php\/wordpress\/index.php?rest_route=%2Fwp%2Fv2%2Fcategories&post=29809"},{"taxonomy":"post_tag","embeddable":true,"href":"https:\/\/www.achimbrueckner.de\/freeradio\/php\/wordpress\/index.php?rest_route=%2Fwp%2Fv2%2Ftags&post=29809"}],"curies":[{"name":"wp","href":"https:\/\/api.w.org\/{rel}","templated":true}]}}