{"id":30018,"date":"2013-12-25T07:49:40","date_gmt":"2013-12-25T07:49:40","guid":{"rendered":"https:\/\/www.achimbrueckner.de\/freeradio\/php\/wordpress\/?p=30018"},"modified":"2013-12-25T07:49:40","modified_gmt":"2013-12-25T07:49:40","slug":"radio-marabu-6070-khz-weihnachten-2013","status":"publish","type":"post","link":"https:\/\/www.achimbrueckner.de\/freeradio\/php\/wordpress\/?p=30018","title":{"rendered":"Radio Marabu 6070 Khz Weihnachten 2013"},"content":{"rendered":"<p>Am 25. und 26. 12. l\u00e4uft auf 6070 kHz jeweils von<br \/>\n20 bis 24 Uhr MEZ das Programm von Radio Marabu.<br \/>\n\u00dcber Empfangsberichte w\u00fcrden sich die Macher sicher<br \/>\nfreuen!<br \/>\ninfo@radiomarabu.de<\/p>\n","protected":false},"excerpt":{"rendered":"<p>Am 25. und 26. 12. l\u00e4uft auf 6070 kHz jeweils von 20 bis 24 Uhr MEZ das Programm von Radio Marabu. \u00dcber Empfangsberichte w\u00fcrden sich die Macher sicher freuen! info@radiomarabu.de<\/p>\n","protected":false},"author":1,"featured_media":0,"comment_status":"open","ping_status":"open","sticky":false,"template":"","format":"standard","meta":{"_jetpack_memberships_contains_paid_content":false,"footnotes":"","jetpack_publicize_message":"","jetpack_publicize_feature_enabled":true,"jetpack_social_post_already_shared":false,"jetpack_social_options":{"image_generator_settings":{"template":"highway","default_image_id":0,"font":"","enabled":false},"version":2}},"categories":[1],"tags":[22],"class_list":["post-30018","post","type-post","status-publish","format-standard","hentry","category-uncategorized","tag-am"],"jetpack_publicize_connections":[],"jetpack_featured_media_url":"","jetpack_sharing_enabled":true,"jetpack_shortlink":"https:\/\/wp.me\/p5CD59-7Oa","jetpack-related-posts":[{"id":37524,"url":"https:\/\/www.achimbrueckner.de\/freeradio\/php\/wordpress\/?p=37524","url_meta":{"origin":30018,"position":0},"title":"DER MARABU WEIHNACHTS-SENDEPLAN 2014 F\u00dcR DIE KURZWELLE","author":"Administrator","date":"December 20, 2014 17:35","format":false,"excerpt":"+++DER MARABU WEIHNACHTS-SENDEPLAN 2014 F\u00dcR DIE KURZWELLE Unsere n\u00e4chsten Sendetermine auf Kurzwelle sind wie folgt: 23, 24,25. Dezember 2014 durchgehend auf der Frequenz 6240 kHz. 25. Dezember 2014 von 08.00 bis 12.00 Uhr auf der Frequenz 7310 kHz 26. Dezember 2014 von 08.00 bis 12.00 Uhr auf der Frequenz 7310\u2026","rel":"","context":"In \"AM\"","block_context":{"text":"AM","link":"https:\/\/www.achimbrueckner.de\/freeradio\/php\/wordpress\/?tag=am"},"img":{"alt_text":"","src":"","width":0,"height":0},"classes":[]},{"id":40468,"url":"https:\/\/www.achimbrueckner.de\/freeradio\/php\/wordpress\/?p=40468","url_meta":{"origin":30018,"position":1},"title":"Radio Marabu 6070 Khz","author":"Administrator","date":"May 9, 2015 17:01","format":false,"excerpt":"Radio Marabu is on 6070 Khz at 1645 Utc with SINPO 44444.","rel":"","context":"In &quot;reception&quot;","block_context":{"text":"reception","link":"https:\/\/www.achimbrueckner.de\/freeradio\/php\/wordpress\/?cat=4"},"img":{"alt_text":"","src":"","width":0,"height":0},"classes":[]},{"id":37688,"url":"https:\/\/www.achimbrueckner.de\/freeradio\/php\/wordpress\/?p=37688","url_meta":{"origin":30018,"position":2},"title":"Radio Marabu 6070 Khz","author":"Administrator","date":"December 27, 2014 09:36","format":false,"excerpt":"Radio Marabu is on 6070 Khz at 0902 Utc with SINPO 34433.","rel":"","context":"In &quot;reception&quot;","block_context":{"text":"reception","link":"https:\/\/www.achimbrueckner.de\/freeradio\/php\/wordpress\/?cat=4"},"img":{"alt_text":"","src":"","width":0,"height":0},"classes":[]},{"id":37719,"url":"https:\/\/www.achimbrueckner.de\/freeradio\/php\/wordpress\/?p=37719","url_meta":{"origin":30018,"position":3},"title":"Radio Marabu 6070 Khz","author":"Administrator","date":"December 28, 2014 09:10","format":false,"excerpt":"Radio Marabu is on 6070 Khz at 0908 Utc with SINPO 34433.","rel":"","context":"In &quot;reception&quot;","block_context":{"text":"reception","link":"https:\/\/www.achimbrueckner.de\/freeradio\/php\/wordpress\/?cat=4"},"img":{"alt_text":"","src":"","width":0,"height":0},"classes":[]},{"id":30038,"url":"https:\/\/www.achimbrueckner.de\/freeradio\/php\/wordpress\/?p=30038","url_meta":{"origin":30018,"position":4},"title":"Radio Marabu 6070 Khz","author":"Administrator","date":"December 25, 2013 20:16","format":false,"excerpt":"Radio Marabu is on 6070 Khz at 2010 Utc with SINPO 23333 in the Netherlands.","rel":"","context":"In &quot;dxtuners&quot;","block_context":{"text":"dxtuners","link":"https:\/\/www.achimbrueckner.de\/freeradio\/php\/wordpress\/?cat=10"},"img":{"alt_text":"","src":"","width":0,"height":0},"classes":[]},{"id":473319,"url":"https:\/\/www.achimbrueckner.de\/freeradio\/php\/wordpress\/?p=473319","url_meta":{"origin":30018,"position":5},"title":"Radio Marabu Pfingsten 2024","author":"Administrator","date":"May 18, 2024 11:25","format":false,"excerpt":"RADIO MARABU zu PFINGSTEN 2024. 3955 kHZ- 18.Mai- 23Bis01UHR- 19.Mai- 23Bis01UHR- 20.Mai- 18Bis20UHR 6070 KHz- 18.Mai- 10Bis12UHR- 19.Mai- 12Bis14UHR- 20.Mai- 10Bis12UHR 9670 KHz- 18.Mai- 15Bis17UHR- 19.Mai- 13Bis15UHR- 20.Mai- 11Bis13UHR Wir feiern Pfingstfreundschaft. Im Studio Alexander Volgin aus ROSTOW am DON, Gastmoderator der JOURNALIST Ivan Rodionov. Er w\u00e4hlt Musik aus seiner\u2026","rel":"","context":"Similar post","block_context":{"text":"Similar post","link":""},"img":{"alt_text":"","src":"","width":0,"height":0},"classes":[]}],"_links":{"self":[{"href":"https:\/\/www.achimbrueckner.de\/freeradio\/php\/wordpress\/index.php?rest_route=\/wp\/v2\/posts\/30018","targetHints":{"allow":["GET"]}}],"collection":[{"href":"https:\/\/www.achimbrueckner.de\/freeradio\/php\/wordpress\/index.php?rest_route=\/wp\/v2\/posts"}],"about":[{"href":"https:\/\/www.achimbrueckner.de\/freeradio\/php\/wordpress\/index.php?rest_route=\/wp\/v2\/types\/post"}],"author":[{"embeddable":true,"href":"https:\/\/www.achimbrueckner.de\/freeradio\/php\/wordpress\/index.php?rest_route=\/wp\/v2\/users\/1"}],"replies":[{"embeddable":true,"href":"https:\/\/www.achimbrueckner.de\/freeradio\/php\/wordpress\/index.php?rest_route=%2Fwp%2Fv2%2Fcomments&post=30018"}],"version-history":[{"count":0,"href":"https:\/\/www.achimbrueckner.de\/freeradio\/php\/wordpress\/index.php?rest_route=\/wp\/v2\/posts\/30018\/revisions"}],"wp:attachment":[{"href":"https:\/\/www.achimbrueckner.de\/freeradio\/php\/wordpress\/index.php?rest_route=%2Fwp%2Fv2%2Fmedia&parent=30018"}],"wp:term":[{"taxonomy":"category","embeddable":true,"href":"https:\/\/www.achimbrueckner.de\/freeradio\/php\/wordpress\/index.php?rest_route=%2Fwp%2Fv2%2Fcategories&post=30018"},{"taxonomy":"post_tag","embeddable":true,"href":"https:\/\/www.achimbrueckner.de\/freeradio\/php\/wordpress\/index.php?rest_route=%2Fwp%2Fv2%2Ftags&post=30018"}],"curies":[{"name":"wp","href":"https:\/\/api.w.org\/{rel}","templated":true}]}}