{"id":30357,"date":"2014-01-15T18:46:11","date_gmt":"2014-01-15T18:46:11","guid":{"rendered":"https:\/\/www.achimbrueckner.de\/freeradio\/php\/wordpress\/?p=30357"},"modified":"2014-01-15T18:46:11","modified_gmt":"2014-01-15T18:46:11","slug":"german-tv-doku-voice-of-peace","status":"publish","type":"post","link":"https:\/\/www.achimbrueckner.de\/freeradio\/php\/wordpress\/?p=30357","title":{"rendered":"German TV Doku Voice of Peace"},"content":{"rendered":"<p><a href=\"http:\/\/www.daserste.de\/information\/reportage-dokumentation\/dokus\/sendung\/ndr\/the-voice-of-peace-100.html\" target=\"_blank\">http:\/\/www.daserste.de\/information\/reportage-dokumentation\/dokus\/sendung\/ndr\/the-voice-of-peace-100.html<\/a> <\/p>\n<p><a href=\"http:\/\/www.ndr.de\/kultur\/kino_und_film\/ndr_produktionen\/abienathan101.html\" target=\"_blank\">http:\/\/www.ndr.de\/kultur\/kino_und_film\/ndr_produktionen\/abienathan101.html<\/a> <\/p>\n<p><a href=\"http:\/\/www.spiegel.de\/kultur\/tv\/the-voice-of-peace-dokumentation-von-eric-fiedler-ueber-abie-nathans-a-939008.html\" target=\"_blank\">http:\/\/www.spiegel.de\/kultur\/tv\/the-voice-of-peace-dokumentation-von-eric-fiedler-ueber-abie-nathans-a-939008.html<\/a> <\/p>\n<p><a href=\"http:\/\/www.taz.de\/TV-Doku-ueber-Abie-Nathan\/!130465\/\" target=\"_blank\">http:\/\/www.taz.de\/TV-Doku-ueber-Abie-Nathan\/!130465\/<\/a> <\/p>\n<p><a href=\"http:\/\/www.fr-online.de\/tv-kritik\/tv-kritik--the-voice-of-peace---der-traum-des-abie-nathan-nathan-der-weise,1473344,25811326.html\" target=\"_blank\">http:\/\/www.fr-online.de\/tv-kritik\/tv-kritik&#8211;the-voice-of-peace&#8212;der-traum-des-abie-nathan-nathan-der-weise,1473344,25811326.html<\/a> <\/p>\n<p><a href=\"http:\/\/www.noz.de\/deutschland-welt\/medien\/artikel\/440676\/ard-doku-uber-friedensaktivist-abi-nathan\" target=\"_blank\">http:\/\/www.noz.de\/deutschland-welt\/medien\/artikel\/440676\/ard-doku-uber-friedensaktivist-abi-nathan<\/a> <\/p>\n<p><a href=\"http:\/\/www.welt.de\/kultur\/medien\/article123621040\/Er-brachte-Israel-Coolness-Burger-und-Peace.html\" target=\"_blank\">http:\/\/www.welt.de\/kultur\/medien\/article123621040\/Er-brachte-Israel-Coolness-Burger-und-Peace.html<\/a> <\/p>\n<p><a href=\"http:\/\/www.sueddeutsche.de\/medien\/the-voice-of-peace-in-der-ard-vom-frieden-besessen-1.1856968\" target=\"_blank\">http:\/\/www.sueddeutsche.de\/medien\/the-voice-of-peace-in-der-ard-vom-frieden-besessen-1.1856968<\/a> <\/p>\n<p><a href=\"http:\/\/www.tagesspiegel.de\/medien\/polit-doku-frieden-ist-eine-coole-sache\/9294622.html\" target=\"_blank\">http:\/\/www.tagesspiegel.de\/medien\/polit-doku-frieden-ist-eine-coole-sache\/9294622.html<\/a> <\/p>\n<p><a href=\"http:\/\/www.weser-kurier.de\/startseite_artikel,-Der-Mann-den-John-Lennon-bewunderte-_arid,743065.html\" target=\"_blank\">http:\/\/www.weser-kurier.de\/startseite_artikel,-Der-Mann-den-John-Lennon-bewunderte-_arid,743065.html<\/a> <\/p>\n<p><a href=\"http:\/\/www.faz.net\/aktuell\/feuilleton\/medien\/the-voice-of-peace-im-ersten-der-pirat-der-unter-der-friedensflagge-segelte-12739884.html\" target=\"_blank\">http:\/\/www.faz.net\/aktuell\/feuilleton\/medien\/the-voice-of-peace-im-ersten-der-pirat-der-unter-der-friedensflagge-segelte-12739884.html<\/a> <\/p>\n<p><a href=\"http:\/\/www.rp-online.de\/app\/tv\/prisma\/index\/tipp\/2014-01-07\/20140107_Ard_the_voice_of_peace\" target=\"_blank\">http:\/\/www.rp-online.de\/app\/tv\/prisma\/index\/tipp\/2014-01-07\/20140107_Ard_the_voice_of_peace<\/a><\/p>\n<p>Info via <a href=\"http:\/\/groups.yahoo.com\/group\/RadioCarolineMailinglist\" target=\"_blank\">RadioCarolineMailinglist<\/a><\/p>\n","protected":false},"excerpt":{"rendered":"<p>http:\/\/www.daserste.de\/information\/reportage-dokumentation\/dokus\/sendung\/ndr\/the-voice-of-peace-100.html http:\/\/www.ndr.de\/kultur\/kino_und_film\/ndr_produktionen\/abienathan101.html http:\/\/www.spiegel.de\/kultur\/tv\/the-voice-of-peace-dokumentation-von-eric-fiedler-ueber-abie-nathans-a-939008.html http:\/\/www.taz.de\/TV-Doku-ueber-Abie-Nathan\/!130465\/ http:\/\/www.fr-online.de\/tv-kritik\/tv-kritik&#8211;the-voice-of-peace&#8212;der-traum-des-abie-nathan-nathan-der-weise,1473344,25811326.html http:\/\/www.noz.de\/deutschland-welt\/medien\/artikel\/440676\/ard-doku-uber-friedensaktivist-abi-nathan http:\/\/www.welt.de\/kultur\/medien\/article123621040\/Er-brachte-Israel-Coolness-Burger-und-Peace.html http:\/\/www.sueddeutsche.de\/medien\/the-voice-of-peace-in-der-ard-vom-frieden-besessen-1.1856968 http:\/\/www.tagesspiegel.de\/medien\/polit-doku-frieden-ist-eine-coole-sache\/9294622.html http:\/\/www.weser-kurier.de\/startseite_artikel,-Der-Mann-den-John-Lennon-bewunderte-_arid,743065.html http:\/\/www.faz.net\/aktuell\/feuilleton\/medien\/the-voice-of-peace-im-ersten-der-pirat-der-unter-der-friedensflagge-segelte-12739884.html http:\/\/www.rp-online.de\/app\/tv\/prisma\/index\/tipp\/2014-01-07\/20140107_Ard_the_voice_of_peace Info via RadioCarolineMailinglist<\/p>\n","protected":false},"author":1,"featured_media":0,"comment_status":"open","ping_status":"open","sticky":false,"template":"","format":"standard","meta":{"_jetpack_memberships_contains_paid_content":false,"footnotes":"","jetpack_publicize_message":"","jetpack_publicize_feature_enabled":true,"jetpack_social_post_already_shared":false,"jetpack_social_options":{"image_generator_settings":{"template":"highway","default_image_id":0,"font":"","enabled":false},"version":2}},"categories":[1],"tags":[21,30],"class_list":["post-30357","post","type-post","status-publish","format-standard","hentry","category-uncategorized","tag-email","tag-medien"],"jetpack_publicize_connections":[],"jetpack_featured_media_url":"","jetpack_sharing_enabled":true,"jetpack_shortlink":"https:\/\/wp.me\/p5CD59-7TD","jetpack-related-posts":[{"id":30254,"url":"https:\/\/www.achimbrueckner.de\/freeradio\/php\/wordpress\/?p=30254","url_meta":{"origin":30357,"position":0},"title":"TV-Tipp: The Voice Of Peace \u2013 Der Traum des Abie Nathan","author":"Administrator","date":"January 7, 2014 11:10","format":false,"excerpt":"http:\/\/www.rollingstone.de\/news\/meldungen\/article517956\/tv-tipp-the-voice-of-peace-der-traum-des-abie-nathan.html","rel":"","context":"Similar post","block_context":{"text":"Similar post","link":""},"img":{"alt_text":"","src":"","width":0,"height":0},"classes":[]},{"id":29713,"url":"https:\/\/www.achimbrueckner.de\/freeradio\/php\/wordpress\/?p=29713","url_meta":{"origin":30357,"position":1},"title":"The Voice of Peace &#8211; Der Traum des Abie Nathan","author":"Administrator","date":"December 7, 2013 19:11","format":false,"excerpt":"http:\/\/www.ndr.de\/kultur\/kino_und_film\/ndr_produktionen\/abienathan101.html","rel":"","context":"Similar post","block_context":{"text":"Similar post","link":""},"img":{"alt_text":"","src":"","width":0,"height":0},"classes":[]},{"id":458598,"url":"https:\/\/www.achimbrueckner.de\/freeradio\/php\/wordpress\/?p=458598","url_meta":{"origin":30357,"position":2},"title":"From somewhere in the mediterranean &#8211; Abie Nathan","author":"Administrator","date":"April 2, 2018 14:05","format":false,"excerpt":"zuf\u00e4llig geh\u00f6rt. Auf NDR Info gab es heute eine 52min\u00fctige Sendung \u00fcber Abie Nathans Sendeschiff \"The Voice of Peace\". Inzwischen ist die Sendung in der Mediathek von NDR Info verf\u00fcgbar. https:\/\/www.ndr.de\/info\/From-somewhere-in-the-mediterranean-Abie-Nathan,audio393024.html","rel":"","context":"In \"Audio\"","block_context":{"text":"Audio","link":"https:\/\/www.achimbrueckner.de\/freeradio\/php\/wordpress\/?tag=audio"},"img":{"alt_text":"","src":"","width":0,"height":0},"classes":[]},{"id":8190,"url":"https:\/\/www.achimbrueckner.de\/freeradio\/php\/wordpress\/?p=8190","url_meta":{"origin":30357,"position":3},"title":"Abie Nathan (Voice of Peace) im TV","author":"Administrator","date":"September 9, 2008 13:42","format":false,"excerpt":"Abie \u00e2\u20ac\u201c Der Friedenspirat Die Ballade vom braven B\u00fcrger Bayern Alpha 13.09.2008, 23:50 Uhr Showview: 76-941-232 Info FAZ.NET via Paul Gager auf A-DX","rel":"","context":"In \"dx\"","block_context":{"text":"dx","link":"https:\/\/www.achimbrueckner.de\/freeradio\/php\/wordpress\/?tag=dx"},"img":{"alt_text":"","src":"","width":0,"height":0},"classes":[]},{"id":460916,"url":"https:\/\/www.achimbrueckner.de\/freeradio\/php\/wordpress\/?p=460916","url_meta":{"origin":30357,"position":4},"title":"Voice Of Peace &#8211; Abie Nathan &#8211; Fast For Peace &#8211; 1978.05.17","author":"Administrator","date":"July 3, 2019 14:07","format":false,"excerpt":"https:\/\/www.mixcloud.com\/bitsnpieces\/voice-of-peace-abie-nathan-fast-for-peace-19780517\/","rel":"","context":"In &quot;English&quot;","block_context":{"text":"English","link":"https:\/\/www.achimbrueckner.de\/freeradio\/php\/wordpress\/?cat=2"},"img":{"alt_text":"","src":"","width":0,"height":0},"classes":[]},{"id":29527,"url":"https:\/\/www.achimbrueckner.de\/freeradio\/php\/wordpress\/?p=29527","url_meta":{"origin":30357,"position":5},"title":"VOICE OF PEACE: DROOM VAN ABIE NATHAN","author":"Administrator","date":"November 19, 2013 17:29","format":false,"excerpt":"http:\/\/www.mediapages.nl\/nieuws-actueel\/2493-voice-of-peace-droom-van-abie-nathan","rel":"","context":"In \"media\"","block_context":{"text":"media","link":"https:\/\/www.achimbrueckner.de\/freeradio\/php\/wordpress\/?tag=media"},"img":{"alt_text":"","src":"","width":0,"height":0},"classes":[]}],"_links":{"self":[{"href":"https:\/\/www.achimbrueckner.de\/freeradio\/php\/wordpress\/index.php?rest_route=\/wp\/v2\/posts\/30357","targetHints":{"allow":["GET"]}}],"collection":[{"href":"https:\/\/www.achimbrueckner.de\/freeradio\/php\/wordpress\/index.php?rest_route=\/wp\/v2\/posts"}],"about":[{"href":"https:\/\/www.achimbrueckner.de\/freeradio\/php\/wordpress\/index.php?rest_route=\/wp\/v2\/types\/post"}],"author":[{"embeddable":true,"href":"https:\/\/www.achimbrueckner.de\/freeradio\/php\/wordpress\/index.php?rest_route=\/wp\/v2\/users\/1"}],"replies":[{"embeddable":true,"href":"https:\/\/www.achimbrueckner.de\/freeradio\/php\/wordpress\/index.php?rest_route=%2Fwp%2Fv2%2Fcomments&post=30357"}],"version-history":[{"count":0,"href":"https:\/\/www.achimbrueckner.de\/freeradio\/php\/wordpress\/index.php?rest_route=\/wp\/v2\/posts\/30357\/revisions"}],"wp:attachment":[{"href":"https:\/\/www.achimbrueckner.de\/freeradio\/php\/wordpress\/index.php?rest_route=%2Fwp%2Fv2%2Fmedia&parent=30357"}],"wp:term":[{"taxonomy":"category","embeddable":true,"href":"https:\/\/www.achimbrueckner.de\/freeradio\/php\/wordpress\/index.php?rest_route=%2Fwp%2Fv2%2Fcategories&post=30357"},{"taxonomy":"post_tag","embeddable":true,"href":"https:\/\/www.achimbrueckner.de\/freeradio\/php\/wordpress\/index.php?rest_route=%2Fwp%2Fv2%2Ftags&post=30357"}],"curies":[{"name":"wp","href":"https:\/\/api.w.org\/{rel}","templated":true}]}}