{"id":32571,"date":"2014-04-23T19:40:11","date_gmt":"2014-04-23T19:40:11","guid":{"rendered":"https:\/\/www.achimbrueckner.de\/freeradio\/php\/wordpress\/?p=32571"},"modified":"2014-04-23T19:40:11","modified_gmt":"2014-04-23T19:40:11","slug":"der-alpen-revolutionar-und-die-mattscheibe","status":"publish","type":"post","link":"https:\/\/www.achimbrueckner.de\/freeradio\/php\/wordpress\/?p=32571","title":{"rendered":"Der Alpen-Revolution\u00e4r und die Mattscheibe"},"content":{"rendered":"<p><a href=\"http:\/\/www.welt.de\/kultur\/medien\/article126864053\/Der-Alpen-Revolutionaer-und-die-Mattscheibe.html\" target=\"_blank\">http:\/\/www.welt.de\/kultur\/medien\/article126864053\/Der-Alpen-Revolutionaer-und-die-Mattscheibe.html<\/a><\/p>\n","protected":false},"excerpt":{"rendered":"<p>http:\/\/www.welt.de\/kultur\/medien\/article126864053\/Der-Alpen-Revolutionaer-und-die-Mattscheibe.html<\/p>\n","protected":false},"author":1,"featured_media":0,"comment_status":"open","ping_status":"open","sticky":false,"template":"","format":"standard","meta":{"_jetpack_memberships_contains_paid_content":false,"footnotes":"","jetpack_publicize_message":"","jetpack_publicize_feature_enabled":true,"jetpack_social_post_already_shared":false,"jetpack_social_options":{"image_generator_settings":{"template":"highway","default_image_id":0,"font":"","enabled":false},"version":2}},"categories":[1],"tags":[30],"class_list":["post-32571","post","type-post","status-publish","format-standard","hentry","category-uncategorized","tag-medien"],"jetpack_publicize_connections":[],"jetpack_featured_media_url":"","jetpack_sharing_enabled":true,"jetpack_shortlink":"https:\/\/wp.me\/p5CD59-8tl","jetpack-related-posts":[{"id":20710,"url":"https:\/\/www.achimbrueckner.de\/freeradio\/php\/wordpress\/?p=20710","url_meta":{"origin":32571,"position":0},"title":"Radio Marabu","author":"Administrator","date":"December 8, 2010 17:00","format":false,"excerpt":"+++T\u00c4GLICH MARABU LIVE IN 2011+++ Zum 01.Januar 2011 werden wir uns wie in guten alten Piratenradiozeiten mit RADIO MiAmigo die Frequenzen teilen. T\u00e4glich ab 21 UHR werden wir 4 Stunden lang auf den UKW und Kabelfrequenzen von RadioMiAmigo zu h\u00f6ren sein(nat\u00fcrlich auch www.radiomiamigo.es). Ein Programmschema ver\u00f6ffentlichen wir hier in K\u00fcrze.\u2026","rel":"","context":"In \"AM\"","block_context":{"text":"AM","link":"https:\/\/www.achimbrueckner.de\/freeradio\/php\/wordpress\/?tag=am"},"img":{"alt_text":"","src":"","width":0,"height":0},"classes":[]},{"id":30357,"url":"https:\/\/www.achimbrueckner.de\/freeradio\/php\/wordpress\/?p=30357","url_meta":{"origin":32571,"position":1},"title":"German TV Doku Voice of Peace","author":"Administrator","date":"January 15, 2014 18:46","format":false,"excerpt":"http:\/\/www.daserste.de\/information\/reportage-dokumentation\/dokus\/sendung\/ndr\/the-voice-of-peace-100.html http:\/\/www.ndr.de\/kultur\/kino_und_film\/ndr_produktionen\/abienathan101.html http:\/\/www.spiegel.de\/kultur\/tv\/the-voice-of-peace-dokumentation-von-eric-fiedler-ueber-abie-nathans-a-939008.html http:\/\/www.taz.de\/TV-Doku-ueber-Abie-Nathan\/!130465\/ http:\/\/www.fr-online.de\/tv-kritik\/tv-kritik--the-voice-of-peace---der-traum-des-abie-nathan-nathan-der-weise,1473344,25811326.html http:\/\/www.noz.de\/deutschland-welt\/medien\/artikel\/440676\/ard-doku-uber-friedensaktivist-abi-nathan http:\/\/www.welt.de\/kultur\/medien\/article123621040\/Er-brachte-Israel-Coolness-Burger-und-Peace.html http:\/\/www.sueddeutsche.de\/medien\/the-voice-of-peace-in-der-ard-vom-frieden-besessen-1.1856968 http:\/\/www.tagesspiegel.de\/medien\/polit-doku-frieden-ist-eine-coole-sache\/9294622.html http:\/\/www.weser-kurier.de\/startseite_artikel,-Der-Mann-den-John-Lennon-bewunderte-_arid,743065.html http:\/\/www.faz.net\/aktuell\/feuilleton\/medien\/the-voice-of-peace-im-ersten-der-pirat-der-unter-der-friedensflagge-segelte-12739884.html http:\/\/www.rp-online.de\/app\/tv\/prisma\/index\/tipp\/2014-01-07\/20140107_Ard_the_voice_of_peace Info via RadioCarolineMailinglist","rel":"","context":"In \"email\"","block_context":{"text":"email","link":"https:\/\/www.achimbrueckner.de\/freeradio\/php\/wordpress\/?tag=email"},"img":{"alt_text":"","src":"","width":0,"height":0},"classes":[]},{"id":26715,"url":"https:\/\/www.achimbrueckner.de\/freeradio\/php\/wordpress\/?p=26715","url_meta":{"origin":32571,"position":2},"title":"Radio Joystick 7330 Khz","author":"Administrator","date":"January 16, 2013 15:23","format":false,"excerpt":"Seit 25 Jahren gibt es sie monatlich auf Kurzwelle: Funky Sounds 4 Central Europe! Themen an jedem ersten Wochenende eines jeden Monats: Malta, Medien, Musik \u00e2\u20ac\u201c und mehr! Im neuen Jahr wird RADIO JOYSTICK mit 100 kW Sendeleistung aus Issoudun (F) mehr H\u00f6rer erreichen. Auch die Frequenz verspricht besseren Empfang:\u2026","rel":"","context":"In \"AM\"","block_context":{"text":"AM","link":"https:\/\/www.achimbrueckner.de\/freeradio\/php\/wordpress\/?tag=am"},"img":{"alt_text":"","src":"","width":0,"height":0},"classes":[]},{"id":31812,"url":"https:\/\/www.achimbrueckner.de\/freeradio\/php\/wordpress\/?p=31812","url_meta":{"origin":32571,"position":3},"title":"Markt und Medien zu 50 Jahre Radio Caroline","author":"Administrator","date":"March 29, 2014 08:25","format":false,"excerpt":"http:\/\/www.deutschlandfunk.de\/markt-und-medien.760.de.html Info via Twitter","rel":"","context":"In \"Medien\"","block_context":{"text":"Medien","link":"https:\/\/www.achimbrueckner.de\/freeradio\/php\/wordpress\/?tag=medien"},"img":{"alt_text":"","src":"","width":0,"height":0},"classes":[]},{"id":462807,"url":"https:\/\/www.achimbrueckner.de\/freeradio\/php\/wordpress\/?p=462807","url_meta":{"origin":32571,"position":4},"title":"Bis zum 30. April ist die Ausstellung \u201eROTSTIFT. Medienmacht, Zensur und \u00d6ffentlichkeit in der DDR\u201c im Archiv B\u00fcrgerbewegung zu besichtigen","author":"Administrator","date":"March 17, 2020 16:19","format":false,"excerpt":"Ua \u00fcber Radio Glasnost: https:\/\/www.l-iz.de\/kultur\/ausstellungen\/2020\/03\/Bis-zum-30-April-ist-die-Ausstellung-ROTSTIFT-Medienmacht-Zensur-und-Oeffentlichkeit-in-der-DDR-im-Archiv-Buergerbewegung-zu-besichtigen-321215","rel":"","context":"In \"Medien\"","block_context":{"text":"Medien","link":"https:\/\/www.achimbrueckner.de\/freeradio\/php\/wordpress\/?tag=medien"},"img":{"alt_text":"","src":"","width":0,"height":0},"classes":[]},{"id":443712,"url":"https:\/\/www.achimbrueckner.de\/freeradio\/php\/wordpress\/?p=443712","url_meta":{"origin":32571,"position":5},"title":"ARD und ZDF unter Verdacht Alle Bef\u00fcrchtungen best\u00e4tigt","author":"Administrator","date":"August 4, 2015 14:29","format":false,"excerpt":"http:\/\/www.faz.net\/aktuell\/feuilleton\/medien\/verstrickungen-von-sendern-und-produktionsfirmen-13727338-p2.html?printPagedArticle=true#pageIndex_2","rel":"","context":"In \"Medien\"","block_context":{"text":"Medien","link":"https:\/\/www.achimbrueckner.de\/freeradio\/php\/wordpress\/?tag=medien"},"img":{"alt_text":"","src":"","width":0,"height":0},"classes":[]}],"_links":{"self":[{"href":"https:\/\/www.achimbrueckner.de\/freeradio\/php\/wordpress\/index.php?rest_route=\/wp\/v2\/posts\/32571","targetHints":{"allow":["GET"]}}],"collection":[{"href":"https:\/\/www.achimbrueckner.de\/freeradio\/php\/wordpress\/index.php?rest_route=\/wp\/v2\/posts"}],"about":[{"href":"https:\/\/www.achimbrueckner.de\/freeradio\/php\/wordpress\/index.php?rest_route=\/wp\/v2\/types\/post"}],"author":[{"embeddable":true,"href":"https:\/\/www.achimbrueckner.de\/freeradio\/php\/wordpress\/index.php?rest_route=\/wp\/v2\/users\/1"}],"replies":[{"embeddable":true,"href":"https:\/\/www.achimbrueckner.de\/freeradio\/php\/wordpress\/index.php?rest_route=%2Fwp%2Fv2%2Fcomments&post=32571"}],"version-history":[{"count":0,"href":"https:\/\/www.achimbrueckner.de\/freeradio\/php\/wordpress\/index.php?rest_route=\/wp\/v2\/posts\/32571\/revisions"}],"wp:attachment":[{"href":"https:\/\/www.achimbrueckner.de\/freeradio\/php\/wordpress\/index.php?rest_route=%2Fwp%2Fv2%2Fmedia&parent=32571"}],"wp:term":[{"taxonomy":"category","embeddable":true,"href":"https:\/\/www.achimbrueckner.de\/freeradio\/php\/wordpress\/index.php?rest_route=%2Fwp%2Fv2%2Fcategories&post=32571"},{"taxonomy":"post_tag","embeddable":true,"href":"https:\/\/www.achimbrueckner.de\/freeradio\/php\/wordpress\/index.php?rest_route=%2Fwp%2Fv2%2Ftags&post=32571"}],"curies":[{"name":"wp","href":"https:\/\/api.w.org\/{rel}","templated":true}]}}