{"id":340,"date":"2006-02-02T18:40:07","date_gmt":"2006-02-02T18:40:07","guid":{"rendered":"https:\/\/www.achimbrueckner.de\/freeradio\/php\/wordpress\/?p=340"},"modified":"2007-02-03T08:30:52","modified_gmt":"2007-02-03T08:30:52","slug":"radio-vanessa-19901991","status":"publish","type":"post","link":"https:\/\/www.achimbrueckner.de\/freeradio\/php\/wordpress\/?p=340","title":{"rendered":"Radio Vanessa 1990\/1991"},"content":{"rendered":"<p>Die heutige Studioaufnahme f\u00fchrt uns zur\u00fcck in das Jahr 1990 \/ 1991. Radio Vanessa, damals mit eigenem Sender im 41m Band unterwegs. Michael Scott f\u00fchrt durchs Programm, das aus Freeradio-news und auch allgemeinen DX-news besteht. Au\u00dferdem wird auf H\u00f6rerzuschriften eingegangen, als Stationsadresse wurde damals das Postfach in Venlo verwendet. Mit Gast-DJ Charlie Crokett gibt es noch eine Oldie-show in der Mitte des Programms.<br \/>\nDer download ist erreichbar im Club-Bereich unter <a href=\"https:\/\/www.achimbrueckner.de\/freeradio\/club\/audio\/upload\/\">Radio Vanessa<\/a>. Das Passwort gibt es via <a href=\"https:\/\/www.achimbrueckner.de\/freeradio\/deutsch\/login\/anmeldung\/\">Passwort<\/a>.<\/p>\n","protected":false},"excerpt":{"rendered":"<p>Die heutige Studioaufnahme f\u00fchrt uns zur\u00fcck in das Jahr 1990 \/ 1991. Radio Vanessa, damals mit eigenem Sender im 41m Band unterwegs. Michael Scott f\u00fchrt durchs Programm, das aus Freeradio-news und auch allgemeinen DX-news besteht. Au\u00dferdem wird auf H\u00f6rerzuschriften eingegangen, als Stationsadresse wurde damals das Postfach in Venlo verwendet. Mit Gast-DJ Charlie Crokett gibt es &hellip; <a href=\"https:\/\/www.achimbrueckner.de\/freeradio\/php\/wordpress\/?p=340\" class=\"more-link\">Continue reading <span class=\"screen-reader-text\">Radio Vanessa 1990\/1991<\/span><\/a><\/p>\n","protected":false},"author":1,"featured_media":0,"comment_status":"open","ping_status":"closed","sticky":false,"template":"","format":"standard","meta":{"_jetpack_memberships_contains_paid_content":false,"footnotes":"","jetpack_publicize_message":"","jetpack_publicize_feature_enabled":true,"jetpack_social_post_already_shared":false,"jetpack_social_options":{"image_generator_settings":{"template":"highway","default_image_id":0,"font":"","enabled":false},"version":2}},"categories":[7],"tags":[22,28],"class_list":["post-340","post","type-post","status-publish","format-standard","hentry","category-download","tag-am","tag-dx"],"jetpack_publicize_connections":[],"jetpack_featured_media_url":"","jetpack_sharing_enabled":true,"jetpack_shortlink":"https:\/\/wp.me\/p5CD59-5u","jetpack-related-posts":[{"id":322,"url":"https:\/\/www.achimbrueckner.de\/freeradio\/php\/wordpress\/?p=322","url_meta":{"origin":340,"position":0},"title":"Radio Galaxy 19-03-1989","author":"Administrator","date":"January 27, 2006 15:45","format":false,"excerpt":"Die heutige Zeitreise f\u00fchrt uns zur\u00fcck ins Jahr 1989. Die final hour von Radio Galaxy mit Conny Ferrin, Paul Huber, Mike Ef, Jenny T, Danny Kay und JB. Im Programm wird auf die 30 Anrufer eingegangen, am Ende des zweiten Teils sind ein paar Werbespots zu h\u00f6ren. Radio Galaxy war\u2026","rel":"","context":"In &quot;download&quot;","block_context":{"text":"download","link":"https:\/\/www.achimbrueckner.de\/freeradio\/php\/wordpress\/?cat=7"},"img":{"alt_text":"","src":"","width":0,"height":0},"classes":[]},{"id":320,"url":"https:\/\/www.achimbrueckner.de\/freeradio\/php\/wordpress\/?p=320","url_meta":{"origin":340,"position":1},"title":"Rainbow Radio Germany 18-03-1991","author":"Administrator","date":"January 26, 2006 17:16","format":false,"excerpt":"In loser Folge gibt es ab sofort Free-Radio Programme aus den 80er und 90er Jahren auf die Ohren. Download des Monats Januar ist Rainbow Radio Germany. Das Programm ist vom 18-03-1991. Jo Licher l\u00e4stert \u00fcber Radio Galaxy und das PIN-Magazin. Rainbow Radio Germany war damals sehr aktiv und oft auf\u2026","rel":"","context":"In &quot;download&quot;","block_context":{"text":"download","link":"https:\/\/www.achimbrueckner.de\/freeradio\/php\/wordpress\/?cat=7"},"img":{"alt_text":"","src":"","width":0,"height":0},"classes":[]},{"id":25965,"url":"https:\/\/www.achimbrueckner.de\/freeradio\/php\/wordpress\/?p=25965","url_meta":{"origin":340,"position":2},"title":"H\u00f6rfunktip: Eine andere Art von Rundfunk","author":"Administrator","date":"October 14, 2012 17:15","format":false,"excerpt":"Hallo allerseits, diese Nacht steht beim Deutschlandradio Kultur auf dem Programm: Freispiel 15.10.2012 \u00c2\u00b7 00:05 Uhr Eine andere Art von Rundfunk Reihe \"Formatwandel\" (Ursendung) Feature von Maximilian Netter Piratenradio - das klingt nach selbst zusammengezimmerten Baus\u00e4tzen und heimlicher Aktion. In den 70er-Jahren und zur Zeit der Anti-AKW-Bewegung gab es vielerorts\u2026","rel":"","context":"In \"AM\"","block_context":{"text":"AM","link":"https:\/\/www.achimbrueckner.de\/freeradio\/php\/wordpress\/?tag=am"},"img":{"alt_text":"","src":"","width":0,"height":0},"classes":[]},{"id":35177,"url":"https:\/\/www.achimbrueckner.de\/freeradio\/php\/wordpress\/?p=35177","url_meta":{"origin":340,"position":3},"title":"3. Seepiraten-Nacht am Samstag, 30. August ab 20 Uhr","author":"Administrator","date":"August 30, 2014 13:32","format":false,"excerpt":"3. Seepiraten-Nacht am Samstag, 30. August ab 20 Uhr: Sondersendung zum 40. Jahrestag des Verbots von Seesendern vor der niederl\u00e4ndischen K\u00fcste von Gunnar Leohnard (Eisenach). Am 31. August 1974 verstummten die ber\u00fchmt-ber\u00fcchtigten Piraten-Radiosender vor der holl\u00e4ndischen K\u00fcste. Radio Veronica, Radio Atlantis und Radio Nordsee International wurden abgeschaltet, Radio Caroline verlagerte\u2026","rel":"","context":"In \"AM\"","block_context":{"text":"AM","link":"https:\/\/www.achimbrueckner.de\/freeradio\/php\/wordpress\/?tag=am"},"img":{"alt_text":"","src":"","width":0,"height":0},"classes":[]},{"id":1003,"url":"https:\/\/www.achimbrueckner.de\/freeradio\/php\/wordpress\/?p=1003","url_meta":{"origin":340,"position":4},"title":"Radio aus S\u00fcdtirol","author":"Administrator","date":"October 18, 2006 15:57","format":false,"excerpt":"Radio in den Achtzigern aus S\u00fcdtirol, vom Gardasee und in der s\u00fcdbayerischen Region Unter http:\/\/home.arcor.de\/vito-online\/radio.htm gibt es viele Zeitungsartikel \u00fcber die damalige Radiogeschichte. Interessant zu lesen. Die S\u00fcdtiroler Sender sendeten damals nicht lizensiert nach S\u00fcddeutschland und berreicherten das Radioangebot mit frischen Privatfunk zu einer Zeit, wo es in Deutschland noch\u2026","rel":"","context":"In &quot;links&quot;","block_context":{"text":"links","link":"https:\/\/www.achimbrueckner.de\/freeradio\/php\/wordpress\/?cat=9"},"img":{"alt_text":"","src":"","width":0,"height":0},"classes":[]},{"id":134,"url":"https:\/\/www.achimbrueckner.de\/freeradio\/php\/wordpress\/?p=134","url_meta":{"origin":340,"position":5},"title":"KWRN Radio Nordland","author":"Administrator","date":"November 19, 2005 09:39","format":false,"excerpt":"KWRN Radio Nordland ist via Lettland auf der 9290 Khz um 0930 UTC mit O=4\/5 zu empfangen. Felix Stein f\u00fchrt durch das Programm, in dem es vielseitige Musik von Herbert Gr\u00f6nemeyer \u00fcber algerischer Musik bis zu Rock-Klassikern gibt. Die Station hat eine Hotline unter 0163 6227837 eingerichtet. Als email-Adresse wird\u2026","rel":"","context":"In &quot;Empfang&quot;","block_context":{"text":"Empfang","link":"https:\/\/www.achimbrueckner.de\/freeradio\/php\/wordpress\/?cat=3"},"img":{"alt_text":"","src":"","width":0,"height":0},"classes":[]}],"_links":{"self":[{"href":"https:\/\/www.achimbrueckner.de\/freeradio\/php\/wordpress\/index.php?rest_route=\/wp\/v2\/posts\/340","targetHints":{"allow":["GET"]}}],"collection":[{"href":"https:\/\/www.achimbrueckner.de\/freeradio\/php\/wordpress\/index.php?rest_route=\/wp\/v2\/posts"}],"about":[{"href":"https:\/\/www.achimbrueckner.de\/freeradio\/php\/wordpress\/index.php?rest_route=\/wp\/v2\/types\/post"}],"author":[{"embeddable":true,"href":"https:\/\/www.achimbrueckner.de\/freeradio\/php\/wordpress\/index.php?rest_route=\/wp\/v2\/users\/1"}],"replies":[{"embeddable":true,"href":"https:\/\/www.achimbrueckner.de\/freeradio\/php\/wordpress\/index.php?rest_route=%2Fwp%2Fv2%2Fcomments&post=340"}],"version-history":[{"count":0,"href":"https:\/\/www.achimbrueckner.de\/freeradio\/php\/wordpress\/index.php?rest_route=\/wp\/v2\/posts\/340\/revisions"}],"wp:attachment":[{"href":"https:\/\/www.achimbrueckner.de\/freeradio\/php\/wordpress\/index.php?rest_route=%2Fwp%2Fv2%2Fmedia&parent=340"}],"wp:term":[{"taxonomy":"category","embeddable":true,"href":"https:\/\/www.achimbrueckner.de\/freeradio\/php\/wordpress\/index.php?rest_route=%2Fwp%2Fv2%2Fcategories&post=340"},{"taxonomy":"post_tag","embeddable":true,"href":"https:\/\/www.achimbrueckner.de\/freeradio\/php\/wordpress\/index.php?rest_route=%2Fwp%2Fv2%2Ftags&post=340"}],"curies":[{"name":"wp","href":"https:\/\/api.w.org\/{rel}","templated":true}]}}