{"id":341,"date":"2006-02-03T15:46:18","date_gmt":"2006-02-03T15:46:18","guid":{"rendered":"https:\/\/www.achimbrueckner.de\/freeradio\/php\/wordpress\/?p=341"},"modified":"2006-02-03T15:46:18","modified_gmt":"2006-02-03T15:46:18","slug":"mv-baltic-radio-2","status":"publish","type":"post","link":"https:\/\/www.achimbrueckner.de\/freeradio\/php\/wordpress\/?p=341","title":{"rendered":"MV Baltic Radio"},"content":{"rendered":"<p>MV Baltic Radio ist am Sonntag, dem 5. Februar 2006, um 13 Uhr UTC<br \/>\nim 49 m-Europa-Band, 6130 KHz wieder auf Sendung.<\/p>\n<p>Im Programm diesmal u.a. Konzert der BluesCaravan in Schwerin, die Band 4LYN<br \/>\nauf<br \/>\nEuropatour und nat\u00fcrlich wieder Infos aus Mecklenburg-Vorpommern.<\/p>\n<p>Quelle: Klaus F\u00fchrlich in <a href=\"http:\/\/www.ratzer.at\">A-DX<\/a>.<\/p>\n","protected":false},"excerpt":{"rendered":"<p>MV Baltic Radio ist am Sonntag, dem 5. Februar 2006, um 13 Uhr UTC im 49 m-Europa-Band, 6130 KHz wieder auf Sendung. Im Programm diesmal u.a. Konzert der BluesCaravan in Schwerin, die Band 4LYN auf Europatour und nat\u00fcrlich wieder Infos aus Mecklenburg-Vorpommern. Quelle: Klaus F\u00fchrlich in A-DX.<\/p>\n","protected":false},"author":1,"featured_media":0,"comment_status":"open","ping_status":"closed","sticky":false,"template":"","format":"standard","meta":{"_jetpack_memberships_contains_paid_content":false,"footnotes":"","jetpack_publicize_message":"","jetpack_publicize_feature_enabled":true,"jetpack_social_post_already_shared":false,"jetpack_social_options":{"image_generator_settings":{"template":"highway","default_image_id":0,"font":"","enabled":false},"version":2}},"categories":[1],"tags":[22,28],"class_list":["post-341","post","type-post","status-publish","format-standard","hentry","category-uncategorized","tag-am","tag-dx"],"jetpack_publicize_connections":[],"jetpack_featured_media_url":"","jetpack_sharing_enabled":true,"jetpack_shortlink":"https:\/\/wp.me\/p5CD59-5v","jetpack-related-posts":[{"id":572,"url":"https:\/\/www.achimbrueckner.de\/freeradio\/php\/wordpress\/?p=572","url_meta":{"origin":341,"position":0},"title":"MV Baltic Radio","author":"Administrator","date":"May 5, 2006 15:39","format":false,"excerpt":"MV Baltic Radio ist am Sonntag, dem 7. Mai 2006, um 12 UTC im 49-m-Europa-Band, 6045 KHz wieder auf Sendung. MV Baltic Radio is on air again on sunday, 7 May, at 12:00 UTCin 49m-Europe-band, 6045 kHz. The programmes of MV Baltic Radio are produced in Mecklenburg \/Western Pomerania, close\u2026","rel":"","context":"In \"AM\"","block_context":{"text":"AM","link":"https:\/\/www.achimbrueckner.de\/freeradio\/php\/wordpress\/?tag=am"},"img":{"alt_text":"","src":"","width":0,"height":0},"classes":[]},{"id":1279,"url":"https:\/\/www.achimbrueckner.de\/freeradio\/php\/wordpress\/?p=1279","url_meta":{"origin":341,"position":1},"title":"MV Baltic Radio","author":"Administrator","date":"November 30, 2006 17:20","format":false,"excerpt":"MV Baltic Radio ist am Sonntag, dem 3. Dezember 2006, um 13 Uhr Utc im 49-m-Europa-Band, 5965 KHz wieder auf Sendung. MV Baltic Radio is on Sunday, 3rd of December 2006, at 13 o'clock UTC in the 49-m-European-Shortwave-Band, 5965 kHz on air again. Vorschau\/Preview: MV Baltic Radio geht am kommenden\u2026","rel":"","context":"In \"AM\"","block_context":{"text":"AM","link":"https:\/\/www.achimbrueckner.de\/freeradio\/php\/wordpress\/?tag=am"},"img":{"alt_text":"","src":"","width":0,"height":0},"classes":[]},{"id":2302,"url":"https:\/\/www.achimbrueckner.de\/freeradio\/php\/wordpress\/?p=2302","url_meta":{"origin":341,"position":2},"title":"MV Baltic Radio","author":"Administrator","date":"March 29, 2007 17:09","format":false,"excerpt":"MV Baltic Radio ist am Sonntag, dem 1. April 2007, um 14 Uhr MESZ im 49-m-Europa-Band, 6045 KHz wieder auf Sendung. Vorschau: MV Baltic Radio ist am kommenden Sonntag, dem 1. April 2007, ab 14 Uhr wieder auf jedem Kurzwellenradio zu empfangen. Unsere H\u00f6rer k\u00f6nnen sich auf Musik abseits des\u2026","rel":"","context":"In \"AM\"","block_context":{"text":"AM","link":"https:\/\/www.achimbrueckner.de\/freeradio\/php\/wordpress\/?tag=am"},"img":{"alt_text":"","src":"","width":0,"height":0},"classes":[]},{"id":21850,"url":"https:\/\/www.achimbrueckner.de\/freeradio\/php\/wordpress\/?p=21850","url_meta":{"origin":341,"position":3},"title":"MV Baltic Radio 9481 Khz","author":"Administrator","date":"March 13, 2011 09:15","format":false,"excerpt":"Musik wird auf 9481,12 Khz in \u00d6sterreich geh\u00f6rt um 0855 Utc. Dabei k\u00f6nnte es sich um die Tests von MV Baltic Radio handeln. Ansonsten ist es heute sehr ruhig im 48m Piratenband. Info via A-DX","rel":"","context":"In \"dx\"","block_context":{"text":"dx","link":"https:\/\/www.achimbrueckner.de\/freeradio\/php\/wordpress\/?tag=dx"},"img":{"alt_text":"","src":"","width":0,"height":0},"classes":[]},{"id":65,"url":"https:\/\/www.achimbrueckner.de\/freeradio\/php\/wordpress\/?p=65","url_meta":{"origin":341,"position":4},"title":"MV Baltic Radio auf 6045 Khz","author":"Administrator","date":"September 30, 2005 15:12","format":false,"excerpt":"MV Baltic Radio sendet jeden ersten Sonntag im Monat via J\u00fclich auf 6045 Khz von 12.00 Utc bis 13.00 Utc. So wird am 2. Oktober auch wieder das Sendeschiff in See stechen. Die Station hat eine interessante website unter http:\/\/www.mvbalticradio.de\/.","rel":"","context":"In \"AM\"","block_context":{"text":"AM","link":"https:\/\/www.achimbrueckner.de\/freeradio\/php\/wordpress\/?tag=am"},"img":{"alt_text":"","src":"","width":0,"height":0},"classes":[]},{"id":923,"url":"https:\/\/www.achimbrueckner.de\/freeradio\/php\/wordpress\/?p=923","url_meta":{"origin":341,"position":5},"title":"MV Baltic Radio","author":"Administrator","date":"September 30, 2006 12:49","format":false,"excerpt":"MV Baltic Radio is on Sunday 1st of October 2006, at 1200 UTC in the 49-m-European-Shortwave-Band, 6045 kHz to Europe. Good Listening Some additional information from Klaus F\u00fchrlich in A-DX list: MV Baltic Radio present information from the baltic region of Germany and a lot of music. In our program\u2026","rel":"","context":"In &quot;English&quot;","block_context":{"text":"English","link":"https:\/\/www.achimbrueckner.de\/freeradio\/php\/wordpress\/?cat=2"},"img":{"alt_text":"","src":"","width":0,"height":0},"classes":[]}],"_links":{"self":[{"href":"https:\/\/www.achimbrueckner.de\/freeradio\/php\/wordpress\/index.php?rest_route=\/wp\/v2\/posts\/341","targetHints":{"allow":["GET"]}}],"collection":[{"href":"https:\/\/www.achimbrueckner.de\/freeradio\/php\/wordpress\/index.php?rest_route=\/wp\/v2\/posts"}],"about":[{"href":"https:\/\/www.achimbrueckner.de\/freeradio\/php\/wordpress\/index.php?rest_route=\/wp\/v2\/types\/post"}],"author":[{"embeddable":true,"href":"https:\/\/www.achimbrueckner.de\/freeradio\/php\/wordpress\/index.php?rest_route=\/wp\/v2\/users\/1"}],"replies":[{"embeddable":true,"href":"https:\/\/www.achimbrueckner.de\/freeradio\/php\/wordpress\/index.php?rest_route=%2Fwp%2Fv2%2Fcomments&post=341"}],"version-history":[{"count":0,"href":"https:\/\/www.achimbrueckner.de\/freeradio\/php\/wordpress\/index.php?rest_route=\/wp\/v2\/posts\/341\/revisions"}],"wp:attachment":[{"href":"https:\/\/www.achimbrueckner.de\/freeradio\/php\/wordpress\/index.php?rest_route=%2Fwp%2Fv2%2Fmedia&parent=341"}],"wp:term":[{"taxonomy":"category","embeddable":true,"href":"https:\/\/www.achimbrueckner.de\/freeradio\/php\/wordpress\/index.php?rest_route=%2Fwp%2Fv2%2Fcategories&post=341"},{"taxonomy":"post_tag","embeddable":true,"href":"https:\/\/www.achimbrueckner.de\/freeradio\/php\/wordpress\/index.php?rest_route=%2Fwp%2Fv2%2Ftags&post=341"}],"curies":[{"name":"wp","href":"https:\/\/api.w.org\/{rel}","templated":true}]}}