{"id":34788,"date":"2014-06-10T15:43:42","date_gmt":"2014-06-10T14:43:42","guid":{"rendered":"https:\/\/www.achimbrueckner.de\/php\/wordpress\/?p=227"},"modified":"2014-06-10T15:43:42","modified_gmt":"2014-06-10T14:43:42","slug":"geseke-2014","status":"publish","type":"post","link":"https:\/\/www.achimbrueckner.de\/freeradio\/php\/wordpress\/?p=34788","title":{"rendered":"Geseke 2014"},"content":{"rendered":"<p>Bilder aus Geseke 2014:<\/p>\n<p><a href=\"https:\/\/www.achimbrueckner.de\/private\/gallery\/thumbnails.php?album=55\" target=\"_blank\">https:\/\/www.achimbrueckner.de\/private\/gallery\/thumbnails.php?album=55<\/a><\/p>\n<p>Bilder Goesselkirmes Geseke 2014:<\/p>\n<p><a href=\"https:\/\/www.achimbrueckner.de\/private\/gallery\/thumbnails.php?album=54\" target=\"_blank\">https:\/\/www.achimbrueckner.de\/private\/gallery\/thumbnails.php?album=54<\/a><\/p>\n","protected":false},"excerpt":{"rendered":"<p>Bilder aus Geseke 2014: https:\/\/www.achimbrueckner.de\/private\/gallery\/thumbnails.php?album=55 Bilder Goesselkirmes Geseke 2014: https:\/\/www.achimbrueckner.de\/private\/gallery\/thumbnails.php?album=54<\/p>\n","protected":false},"author":1,"featured_media":0,"comment_status":"open","ping_status":"closed","sticky":false,"template":"","format":"standard","meta":{"_jetpack_memberships_contains_paid_content":false,"footnotes":"","jetpack_publicize_message":"","jetpack_publicize_feature_enabled":true,"jetpack_social_post_already_shared":false,"jetpack_social_options":{"image_generator_settings":{"template":"highway","default_image_id":0,"font":"","enabled":false},"version":2}},"categories":[37],"tags":[39],"class_list":["post-34788","post","type-post","status-publish","format-standard","hentry","category-privat","tag-privat-2"],"jetpack_publicize_connections":[],"jetpack_featured_media_url":"","jetpack_sharing_enabled":true,"jetpack_shortlink":"https:\/\/wp.me\/p5CD59-936","jetpack-related-posts":[{"id":154576,"url":"https:\/\/www.achimbrueckner.de\/freeradio\/php\/wordpress\/?p=154576","url_meta":{"origin":34788,"position":0},"title":"Lemgo Oldtimer 2015","author":"Administrator","date":"June 21, 2015 18:14","format":false,"excerpt":"Heute Mittag bei den Oldtimern in Lemgo gewesen: https:\/\/www.achimbrueckner.de\/private\/gallery\/thumbnails.php?album=80","rel":"","context":"In &quot;privat&quot;","block_context":{"text":"privat","link":"https:\/\/www.achimbrueckner.de\/freeradio\/php\/wordpress\/?cat=37"},"img":{"alt_text":"","src":"","width":0,"height":0},"classes":[]},{"id":101278,"url":"https:\/\/www.achimbrueckner.de\/freeradio\/php\/wordpress\/?p=101278","url_meta":{"origin":34788,"position":1},"title":"Lage Oldtimer Ausfahrt 2015","author":"Administrator","date":"June 14, 2015 15:41","format":false,"excerpt":"Heute morgen bei der Oldtimerausfahrt in Lage gewesen. https:\/\/www.achimbrueckner.de\/private\/gallery\/thumbnails.php?album=79","rel":"","context":"In &quot;privat&quot;","block_context":{"text":"privat","link":"https:\/\/www.achimbrueckner.de\/freeradio\/php\/wordpress\/?cat=37"},"img":{"alt_text":"","src":"","width":0,"height":0},"classes":[]},{"id":393283,"url":"https:\/\/www.achimbrueckner.de\/freeradio\/php\/wordpress\/?p=393283","url_meta":{"origin":34788,"position":2},"title":"Dino Park 2015","author":"Administrator","date":"July 20, 2015 19:08","format":false,"excerpt":"Heute mal wieder im Dinosaurierpark M\u00fcnchehagen N\u00e4he Steinhuder Meer gewesen. https:\/\/www.achimbrueckner.de\/private\/gallery\/thumbnails.php?album=83","rel":"","context":"In &quot;privat&quot;","block_context":{"text":"privat","link":"https:\/\/www.achimbrueckner.de\/freeradio\/php\/wordpress\/?cat=37"},"img":{"alt_text":"","src":"","width":0,"height":0},"classes":[]},{"id":101279,"url":"https:\/\/www.achimbrueckner.de\/freeradio\/php\/wordpress\/?p=101279","url_meta":{"origin":34788,"position":3},"title":"Mittelaltermarkt L\u00fcgde 2015","author":"Administrator","date":"June 14, 2015 15:46","format":false,"excerpt":"Heute mittag bei einen sch\u00f6nen Mittelaltermarkt in L\u00fcgde an den Emmerauen gewesen. https:\/\/www.achimbrueckner.de\/private\/gallery\/thumbnails.php?album=78","rel":"","context":"In &quot;privat&quot;","block_context":{"text":"privat","link":"https:\/\/www.achimbrueckner.de\/freeradio\/php\/wordpress\/?cat=37"},"img":{"alt_text":"","src":"","width":0,"height":0},"classes":[]},{"id":34783,"url":"https:\/\/www.achimbrueckner.de\/freeradio\/php\/wordpress\/?p=34783","url_meta":{"origin":34788,"position":4},"title":"Lage Classics 2014","author":"Administrator","date":"April 30, 2014 21:55","format":false,"excerpt":"Bilder der Lage Classics 2014 Oldtimer: https:\/\/www.achimbrueckner.de\/private\/gallery\/thumbnails.php?album=47","rel":"","context":"In &quot;privat&quot;","block_context":{"text":"privat","link":"https:\/\/www.achimbrueckner.de\/freeradio\/php\/wordpress\/?cat=37"},"img":{"alt_text":"","src":"","width":0,"height":0},"classes":[]},{"id":34793,"url":"https:\/\/www.achimbrueckner.de\/freeradio\/php\/wordpress\/?p=34793","url_meta":{"origin":34788,"position":5},"title":"Mittelalter Sparrenburg 2014","author":"Administrator","date":"July 26, 2014 10:11","format":false,"excerpt":"Bilder Mittelalterfest Sparrenburg Bielefeld 2014 https:\/\/www.achimbrueckner.de\/private\/gallery\/thumbnails.php?album=62","rel":"","context":"In &quot;privat&quot;","block_context":{"text":"privat","link":"https:\/\/www.achimbrueckner.de\/freeradio\/php\/wordpress\/?cat=37"},"img":{"alt_text":"","src":"","width":0,"height":0},"classes":[]}],"_links":{"self":[{"href":"https:\/\/www.achimbrueckner.de\/freeradio\/php\/wordpress\/index.php?rest_route=\/wp\/v2\/posts\/34788","targetHints":{"allow":["GET"]}}],"collection":[{"href":"https:\/\/www.achimbrueckner.de\/freeradio\/php\/wordpress\/index.php?rest_route=\/wp\/v2\/posts"}],"about":[{"href":"https:\/\/www.achimbrueckner.de\/freeradio\/php\/wordpress\/index.php?rest_route=\/wp\/v2\/types\/post"}],"author":[{"embeddable":true,"href":"https:\/\/www.achimbrueckner.de\/freeradio\/php\/wordpress\/index.php?rest_route=\/wp\/v2\/users\/1"}],"replies":[{"embeddable":true,"href":"https:\/\/www.achimbrueckner.de\/freeradio\/php\/wordpress\/index.php?rest_route=%2Fwp%2Fv2%2Fcomments&post=34788"}],"version-history":[{"count":0,"href":"https:\/\/www.achimbrueckner.de\/freeradio\/php\/wordpress\/index.php?rest_route=\/wp\/v2\/posts\/34788\/revisions"}],"wp:attachment":[{"href":"https:\/\/www.achimbrueckner.de\/freeradio\/php\/wordpress\/index.php?rest_route=%2Fwp%2Fv2%2Fmedia&parent=34788"}],"wp:term":[{"taxonomy":"category","embeddable":true,"href":"https:\/\/www.achimbrueckner.de\/freeradio\/php\/wordpress\/index.php?rest_route=%2Fwp%2Fv2%2Fcategories&post=34788"},{"taxonomy":"post_tag","embeddable":true,"href":"https:\/\/www.achimbrueckner.de\/freeradio\/php\/wordpress\/index.php?rest_route=%2Fwp%2Fv2%2Ftags&post=34788"}],"curies":[{"name":"wp","href":"https:\/\/api.w.org\/{rel}","templated":true}]}}