{"id":35535,"date":"2014-05-20T09:33:23","date_gmt":"2014-05-20T08:33:23","guid":{"rendered":"https:\/\/www.achimbrueckner.de\/php\/wordpress\/?p=219"},"modified":"2014-05-20T09:33:23","modified_gmt":"2014-05-20T08:33:23","slug":"arminia-steigt-in-die-3-liga-ab-reaktionen-nach-dem-24","status":"publish","type":"post","link":"https:\/\/www.achimbrueckner.de\/freeradio\/php\/wordpress\/?p=35535","title":{"rendered":"Arminia steigt in die 3. Liga ab: Reaktionen nach dem 2:4"},"content":{"rendered":"<p><a href=\"https:\/\/www.youtube.com\/watch?v=7CJEtMf2kLQ&#038;feature=youtu.be\" target=\"_blank\">https:\/\/www.youtube.com\/watch?v=7CJEtMf2kLQ&#038;feature=youtu.be<\/a><\/p>\n<p><a href=\"http:\/\/www.sueddeutsche.de\/sport\/-bundesliga-darmstadt-schafft-aufstiegswunder-in-bielefeld-1.1969913\" target=\"_blank\">http:\/\/www.sueddeutsche.de\/sport\/-bundesliga-darmstadt-schafft-aufstiegswunder-in-bielefeld-1.1969913<\/a><\/p>\n<p><a href=\"http:\/\/www.westfalen-blatt.de\/lokalnachrichten\/bildergalerien\/bielefeld\/1\/#c3068\" target=\"_blank\">http:\/\/www.westfalen-blatt.de\/lokalnachrichten\/bildergalerien\/bielefeld\/1\/#c3068<\/a><\/p>\n<p><a href=\"http:\/\/www.westfalen-blatt.de\/lokalnachrichten\/bildergalerien\/bielefeld\/2\/#c3068\" target=\"_blank\">http:\/\/www.westfalen-blatt.de\/lokalnachrichten\/bildergalerien\/bielefeld\/2\/#c3068<\/a><\/p>\n","protected":false},"excerpt":{"rendered":"<p>https:\/\/www.youtube.com\/watch?v=7CJEtMf2kLQ&#038;feature=youtu.be http:\/\/www.sueddeutsche.de\/sport\/-bundesliga-darmstadt-schafft-aufstiegswunder-in-bielefeld-1.1969913 http:\/\/www.westfalen-blatt.de\/lokalnachrichten\/bildergalerien\/bielefeld\/1\/#c3068 http:\/\/www.westfalen-blatt.de\/lokalnachrichten\/bildergalerien\/bielefeld\/2\/#c3068<\/p>\n","protected":false},"author":1,"featured_media":0,"comment_status":"open","ping_status":"closed","sticky":false,"template":"","format":"standard","meta":{"_jetpack_memberships_contains_paid_content":false,"footnotes":"","jetpack_publicize_message":"","jetpack_publicize_feature_enabled":true,"jetpack_social_post_already_shared":false,"jetpack_social_options":{"image_generator_settings":{"template":"highway","default_image_id":0,"font":"","enabled":false},"version":2}},"categories":[44],"tags":[40],"class_list":["post-35535","post","type-post","status-publish","format-standard","hentry","category-privatdeutsch","tag-bielefeld"],"jetpack_publicize_connections":[],"jetpack_featured_media_url":"","jetpack_sharing_enabled":true,"jetpack_shortlink":"https:\/\/wp.me\/p5CD59-9f9","jetpack-related-posts":[{"id":34768,"url":"https:\/\/www.achimbrueckner.de\/freeradio\/php\/wordpress\/?p=34768","url_meta":{"origin":35535,"position":0},"title":"Unheilig Konzert Bielefeld","author":"Administrator","date":"September 2, 2011 15:13","format":false,"excerpt":"Gestern waren wir auf dem Unheilig Konzert in Bielefeld. Berichte und Fotos: http:\/\/www.nw-news.de\/owl\/4923864_Tausende_feiern_Unheilig_in_Bielefeld.html http:\/\/www.westfalen-blatt.de\/lokalnachrichten\/bildergalerien\/bielefeld","rel":"","context":"In &quot;privat&quot;","block_context":{"text":"privat","link":"https:\/\/www.achimbrueckner.de\/freeradio\/php\/wordpress\/?cat=37"},"img":{"alt_text":"","src":"","width":0,"height":0},"classes":[]},{"id":34780,"url":"https:\/\/www.achimbrueckner.de\/freeradio\/php\/wordpress\/?p=34780","url_meta":{"origin":35535,"position":1},"title":"Sparrenburgfest 2013 Bielefeld","author":"Administrator","date":"July 26, 2013 20:28","format":false,"excerpt":"Sparrenburgfest 2013 Bielefeld http:\/\/www.westfalen-blatt.de\/nachricht\/2013-07-26-sparrenburgfest-wird-heute-eroeffnet-9237441\/613\/","rel":"","context":"In &quot;privat&quot;","block_context":{"text":"privat","link":"https:\/\/www.achimbrueckner.de\/freeradio\/php\/wordpress\/?cat=37"},"img":{"alt_text":"","src":"","width":0,"height":0},"classes":[]},{"id":37724,"url":"https:\/\/www.achimbrueckner.de\/freeradio\/php\/wordpress\/?p=37724","url_meta":{"origin":35535,"position":2},"title":"&#8220;Eisheilige Nacht&#8221; im Ringlokschuppen","author":"Administrator","date":"December 28, 2014 14:07","format":false,"excerpt":"http:\/\/www.westfalen-blatt.de\/OWL\/Lokales\/Bielefeld\/Bielefeld\/1829156-2000-Besucher-feiern-Eisheilige-Nacht-im-Ringlokschuppen","rel":"","context":"In &quot;privatdeutsch&quot;","block_context":{"text":"privatdeutsch","link":"https:\/\/www.achimbrueckner.de\/freeradio\/php\/wordpress\/?cat=44"},"img":{"alt_text":"","src":"","width":0,"height":0},"classes":[]},{"id":35534,"url":"https:\/\/www.achimbrueckner.de\/freeradio\/php\/wordpress\/?p=35534","url_meta":{"origin":35535,"position":3},"title":"Paderborn siegt und ist Bundesligist! Bielefeld gewinnt in Dresden!","author":"Administrator","date":"May 11, 2014 16:58","format":false,"excerpt":"http:\/\/www.westfalen-blatt.de\/nachricht\/2014-05-11-paderborn-empfaengt-aalen-bielefeld-gastiert-in-dresden-9386875\/613\/ http:\/\/www1.wdr.de\/themen\/sport\/bilder-zum-bundesligaaufstieg-sc-paderborn100.html","rel":"","context":"In &quot;privatdeutsch&quot;","block_context":{"text":"privatdeutsch","link":"https:\/\/www.achimbrueckner.de\/freeradio\/php\/wordpress\/?cat=44"},"img":{"alt_text":"","src":"","width":0,"height":0},"classes":[]},{"id":459745,"url":"https:\/\/www.achimbrueckner.de\/freeradio\/php\/wordpress\/?p=459745","url_meta":{"origin":35535,"position":4},"title":"\u00bbSubway to Sally\u00ab feiern im Lokschuppen: Eisblumen, Feuer und Schatten","author":"Administrator","date":"December 29, 2018 16:17","format":false,"excerpt":"https:\/\/www.westfalen-blatt.de\/OWL\/Bielefeld\/Bielefeld\/3599043-1500-Mittelalter-Folk-Fans-und-viele-Bands-bei-der-zehnten-Eisheilige-Nacht-Subway-to-Sally-feiern-im-Lokschuppen-Eisblumen-Feuer-und-Schatten","rel":"","context":"In &quot;privatdeutsch&quot;","block_context":{"text":"privatdeutsch","link":"https:\/\/www.achimbrueckner.de\/freeradio\/php\/wordpress\/?cat=44"},"img":{"alt_text":"","src":"","width":0,"height":0},"classes":[]},{"id":447925,"url":"https:\/\/www.achimbrueckner.de\/freeradio\/php\/wordpress\/?p=447925","url_meta":{"origin":35535,"position":5},"title":"Arminia Bielefeld F\u00fcrth Sch\u00fcco Arena","author":"Administrator","date":"April 24, 2016 17:15","format":false,"excerpt":"Am 24. April 2016 in der Sch\u00fcco Arena gewesen. 4:2 gegen Greuther F\u00fcrth Klassenerhalt 2. Liga geschafft. Tolle Stimmung. http:\/\/www.westfalen-blatt.de\/OWL\/Fotos\/DSC-Arminia-Bielefeld\/31.-Spieltag-DSC-Arminia-vs.-SpVgg-Greuther-Fuerth","rel":"","context":"In &quot;privatdeutsch&quot;","block_context":{"text":"privatdeutsch","link":"https:\/\/www.achimbrueckner.de\/freeradio\/php\/wordpress\/?cat=44"},"img":{"alt_text":"","src":"","width":0,"height":0},"classes":[]}],"_links":{"self":[{"href":"https:\/\/www.achimbrueckner.de\/freeradio\/php\/wordpress\/index.php?rest_route=\/wp\/v2\/posts\/35535","targetHints":{"allow":["GET"]}}],"collection":[{"href":"https:\/\/www.achimbrueckner.de\/freeradio\/php\/wordpress\/index.php?rest_route=\/wp\/v2\/posts"}],"about":[{"href":"https:\/\/www.achimbrueckner.de\/freeradio\/php\/wordpress\/index.php?rest_route=\/wp\/v2\/types\/post"}],"author":[{"embeddable":true,"href":"https:\/\/www.achimbrueckner.de\/freeradio\/php\/wordpress\/index.php?rest_route=\/wp\/v2\/users\/1"}],"replies":[{"embeddable":true,"href":"https:\/\/www.achimbrueckner.de\/freeradio\/php\/wordpress\/index.php?rest_route=%2Fwp%2Fv2%2Fcomments&post=35535"}],"version-history":[{"count":0,"href":"https:\/\/www.achimbrueckner.de\/freeradio\/php\/wordpress\/index.php?rest_route=\/wp\/v2\/posts\/35535\/revisions"}],"wp:attachment":[{"href":"https:\/\/www.achimbrueckner.de\/freeradio\/php\/wordpress\/index.php?rest_route=%2Fwp%2Fv2%2Fmedia&parent=35535"}],"wp:term":[{"taxonomy":"category","embeddable":true,"href":"https:\/\/www.achimbrueckner.de\/freeradio\/php\/wordpress\/index.php?rest_route=%2Fwp%2Fv2%2Fcategories&post=35535"},{"taxonomy":"post_tag","embeddable":true,"href":"https:\/\/www.achimbrueckner.de\/freeradio\/php\/wordpress\/index.php?rest_route=%2Fwp%2Fv2%2Ftags&post=35535"}],"curies":[{"name":"wp","href":"https:\/\/api.w.org\/{rel}","templated":true}]}}