{"id":3617,"date":"2007-08-20T17:48:48","date_gmt":"2007-08-20T17:48:48","guid":{"rendered":"https:\/\/www.achimbrueckner.de\/freeradio\/php\/wordpress\/?p=3617"},"modified":"2007-08-20T17:48:48","modified_gmt":"2007-08-20T17:48:48","slug":"7-erkrather-radiotag","status":"publish","type":"post","link":"https:\/\/www.achimbrueckner.de\/freeradio\/php\/wordpress\/?p=3617","title":{"rendered":"7. Erkrather Radiotag"},"content":{"rendered":"<p>DER 7. ERKRATHER RADIOTAG<\/p>\n<p>Samstag 8. September 2007<\/p>\n<p>An diesem Samstag hat Europas freie Radioszene wieder ihren Treffpunkt: Die Veranstaltung findet von 13.00 Uhr bis 20.00 Uhr im Observatorium der Sternwarte Neanderh\u00f6he SNH, in 40699 Erkrath statt. Einlass ist ab 12.00 Uhr.<\/p>\n<p>Programmschwerpunktpunkte:<br \/>\n&#8211; Sendeformate im Radio: ein Blick in die USA<br \/>\n&#8211; Kurzwellenstationen treffen ihre H\u00f6rer<br \/>\n&#8211; B\u00fcrgerfunk NRW<br \/>\n&#8211; Ehreng\u00e4ste: Ad Roberts (Radio Mi Amigo, Radio Caroline, Radio Monique, Radio 819) und Dick Verheul (Radio Mi Amigo, Radio Monique)<\/p>\n<p>Die Firma Charly Hardt wird DRM -Empf\u00e4nger ausstellen, die getestet werden k\u00f6nnen.<\/p>\n<p>Veranstaltungsort:<br \/>\nVom D\u00fcsseldorfer Hauptbahnhof aus f\u00e4hrt man mit der S -Bahn Linie S 8 in Richtung Hagen Wuppertal bis Haltepunkt Hochdahl-Millrath, geht dann in Fahrtrichtung an der Landstra\u00dfe bis zum Hausmannsweg. An diesem liegt nach ein paar hundert Metern das Observatorium. Die Anfahrt mit dem Auto ab der Autobahn Abfahrt Haan-West der A 46 ist im Ort Erkrath ausgeschildert.<\/p>\n<p>Der Eintritt betr\u00e4gt 10.- EURO (5,- EURO f\u00fcr Mitglieder der Caroline Support Group) incl. Begr\u00fcssungsdrink. Voranmeldung oder R\u00fcckfragen bitte an:<br \/>\nJan Sundermann, Millrather Weg 74 , D-40699 Erkrath .<br \/>\ne-mail: jansundermann(@)fastmail.fm<br \/>\nTelefon : 0171 &#8211; 492 5829<\/p>\n<p>Quelle: <a href=\"http:\/\/forum.mysnip.de\/read.php?8773,519554\">Radioforum ukwtv.de<\/a><\/p>\n","protected":false},"excerpt":{"rendered":"<p>DER 7. ERKRATHER RADIOTAG Samstag 8. September 2007 An diesem Samstag hat Europas freie Radioszene wieder ihren Treffpunkt: Die Veranstaltung findet von 13.00 Uhr bis 20.00 Uhr im Observatorium der Sternwarte Neanderh\u00f6he SNH, in 40699 Erkrath statt. Einlass ist ab 12.00 Uhr. Programmschwerpunktpunkte: &#8211; Sendeformate im Radio: ein Blick in die USA &#8211; Kurzwellenstationen treffen &hellip; <a href=\"https:\/\/www.achimbrueckner.de\/freeradio\/php\/wordpress\/?p=3617\" class=\"more-link\">Continue reading <span class=\"screen-reader-text\">7. Erkrather Radiotag<\/span><\/a><\/p>\n","protected":false},"author":1,"featured_media":0,"comment_status":"open","ping_status":"open","sticky":false,"template":"","format":"standard","meta":{"_jetpack_memberships_contains_paid_content":false,"footnotes":"","jetpack_publicize_message":"","jetpack_publicize_feature_enabled":true,"jetpack_social_post_already_shared":false,"jetpack_social_options":{"image_generator_settings":{"template":"highway","default_image_id":0,"font":"","enabled":false},"version":2}},"categories":[6],"tags":[22,24,33],"class_list":["post-3617","post","type-post","status-publish","format-standard","hentry","category-camps","tag-am","tag-fm","tag-ukw"],"jetpack_publicize_connections":[],"jetpack_featured_media_url":"","jetpack_sharing_enabled":true,"jetpack_shortlink":"https:\/\/wp.me\/p5CD59-Wl","jetpack-related-posts":[{"id":13602,"url":"https:\/\/www.achimbrueckner.de\/freeradio\/php\/wordpress\/?p=13602","url_meta":{"origin":3617,"position":0},"title":"9. ERKRATHER RADIOTAG","author":"Administrator","date":"August 22, 2009 08:22","format":false,"excerpt":"Vorschau > FMK-Lesertreffen 2009 > In diesem Jahr wird es EIN Lesertreffen geben und zwar in Verbindung mit dem Radiotag in Erkrath ! DER 9. ERKRATHER RADIOTAG AM 19.SEPT. 2009 - Pr\u00e4sentationsjingle: http:\/\/fmkompakt.de\/radiotag%20erkrath%202009.mp3 An diesem Samstag hat Europas freie Radioszene wieder ihren Treffpunkt: Die Veranstaltung findet von 13.00 Uhr bis\u2026","rel":"","context":"In &quot;Camps&quot;","block_context":{"text":"Camps","link":"https:\/\/www.achimbrueckner.de\/freeradio\/php\/wordpress\/?cat=6"},"img":{"alt_text":"","src":"","width":0,"height":0},"classes":[]},{"id":474136,"url":"https:\/\/www.achimbrueckner.de\/freeradio\/php\/wordpress\/?p=474136","url_meta":{"origin":3617,"position":1},"title":"DER 23. ERKRATHER RADIOTAG Samstag , 20.September 2025","author":"Administrator","date":"May 2, 2025 15:28","format":false,"excerpt":"DER 23. ERKRATHER RADIOTAG Samstag , 20.September 2025 Der 23. Radiotag wird am 20.September 2025 an gewohnter Stelle im Technischen Museum QQTec in 40721 Hilden stattfinden. Das Tagesprogramm ist in Vorbereitung und wird sp\u00e4ter ver\u00f6ffentlicht. Die Veranstaltung findet wie \u00fcblich von 13.00 Uhr bis 19.00 Uhr statt. Der Eintritt betr\u00e4gt\u2026","rel":"","context":"In &quot;Camps&quot;","block_context":{"text":"Camps","link":"https:\/\/www.achimbrueckner.de\/freeradio\/php\/wordpress\/?cat=6"},"img":{"alt_text":"","src":"","width":0,"height":0},"classes":[]},{"id":814,"url":"https:\/\/www.achimbrueckner.de\/freeradio\/php\/wordpress\/?p=814","url_meta":{"origin":3617,"position":2},"title":"6. Erkrather Radiotag am 9. Sept. 2006","author":"Administrator","date":"August 31, 2006 17:06","format":false,"excerpt":"Der 6. Erkrather Radiotag am 9. Sept. 2006 An diesem Samstag veranstalten wir wieder das Treffen f\u00fcr Radiomacher und H\u00f6rer in den R\u00e4umen des Observatoriums. Die Veranstaltung findet von 14.00 Uhr bis 21.00 Uhr der Sternwarte Neanderh\u00f6he SNH, in 40699 Erkrath statt. Einlass ist ab 12.00 Uhr. Programmpunkte: -Kurzwelle mit\u2026","rel":"","context":"In &quot;Camps&quot;","block_context":{"text":"Camps","link":"https:\/\/www.achimbrueckner.de\/freeradio\/php\/wordpress\/?cat=6"},"img":{"alt_text":"","src":"","width":0,"height":0},"classes":[]},{"id":22892,"url":"https:\/\/www.achimbrueckner.de\/freeradio\/php\/wordpress\/?p=22892","url_meta":{"origin":3617,"position":3},"title":"11. Radiotag Erkrath 17 September 2011","author":"Administrator","date":"September 11, 2011 16:31","format":false,"excerpt":"Liebe Radiofreunde wir m\u00f6chten euch jetzt auf eine Veranstaltung aufmerksam machen: am Samstag den 17 September findet wie jedes Jahr wieder der Erkrather Radiotag statt. Unser Ehrengast ist diesmal Bert Bennet. Bert ist den Meisten bekannt geworden durch seine Sendungen auf Radio MiAmigo. Interview durch Martin vd Ven @ 15.30\u2026","rel":"","context":"In &quot;Camps&quot;","block_context":{"text":"Camps","link":"https:\/\/www.achimbrueckner.de\/freeradio\/php\/wordpress\/?cat=6"},"img":{"alt_text":"","src":"","width":0,"height":0},"classes":[]},{"id":474261,"url":"https:\/\/www.achimbrueckner.de\/freeradio\/php\/wordpress\/?p=474261","url_meta":{"origin":3617,"position":4},"title":"DER 23. ERKRATHER RADIOTAG Samstag , 20.September 2025","author":"Administrator","date":"June 23, 2025 17:49","format":false,"excerpt":"DER 23. ERKRATHER RADIOTAG Samstag , 20.September 2025 Der 23. Radiotag wird am 20.September 2025 an gewohnter Stelle im Technischen Museum QQTec in 40721 Hilden stattfinden. Das Tagesprogramm ist in Vorbereitung und wird sp\u00e4ter ver\u00f6ffentlicht. Die Veranstaltung findet wie \u00fcblich von 13.00 Uhr bis 19.00 Uhr statt. Der Eintritt betr\u00e4gt\u2026","rel":"","context":"In &quot;Camps&quot;","block_context":{"text":"Camps","link":"https:\/\/www.achimbrueckner.de\/freeradio\/php\/wordpress\/?cat=6"},"img":{"alt_text":"","src":"","width":0,"height":0},"classes":[]},{"id":458546,"url":"https:\/\/www.achimbrueckner.de\/freeradio\/php\/wordpress\/?p=458546","url_meta":{"origin":3617,"position":5},"title":"DER 18. ERKRATHER RADIOTAG Samstag , 30.Juni 2018","author":"Administrator","date":"March 25, 2018 18:11","format":false,"excerpt":"DER 18. ERKRATHER RADIOTAG Samstag , 30.Juni 2018 An diesem Samstag sind wir zum zweiten Mal Gast im Technischen Museum QQTec in Hilden! Diese Location mit ihrer umfangreichen Ausstellung war auf gro\u00dfe Begeisterung der Besucher im vorigen Jahr gestossen. Die Koordinierung mit anderen Veranstaltung f\u00fchrte zu diesem neuen und ungew\u00f6hnlichen\u2026","rel":"","context":"In &quot;Camps&quot;","block_context":{"text":"Camps","link":"https:\/\/www.achimbrueckner.de\/freeradio\/php\/wordpress\/?cat=6"},"img":{"alt_text":"","src":"","width":0,"height":0},"classes":[]}],"_links":{"self":[{"href":"https:\/\/www.achimbrueckner.de\/freeradio\/php\/wordpress\/index.php?rest_route=\/wp\/v2\/posts\/3617","targetHints":{"allow":["GET"]}}],"collection":[{"href":"https:\/\/www.achimbrueckner.de\/freeradio\/php\/wordpress\/index.php?rest_route=\/wp\/v2\/posts"}],"about":[{"href":"https:\/\/www.achimbrueckner.de\/freeradio\/php\/wordpress\/index.php?rest_route=\/wp\/v2\/types\/post"}],"author":[{"embeddable":true,"href":"https:\/\/www.achimbrueckner.de\/freeradio\/php\/wordpress\/index.php?rest_route=\/wp\/v2\/users\/1"}],"replies":[{"embeddable":true,"href":"https:\/\/www.achimbrueckner.de\/freeradio\/php\/wordpress\/index.php?rest_route=%2Fwp%2Fv2%2Fcomments&post=3617"}],"version-history":[{"count":0,"href":"https:\/\/www.achimbrueckner.de\/freeradio\/php\/wordpress\/index.php?rest_route=\/wp\/v2\/posts\/3617\/revisions"}],"wp:attachment":[{"href":"https:\/\/www.achimbrueckner.de\/freeradio\/php\/wordpress\/index.php?rest_route=%2Fwp%2Fv2%2Fmedia&parent=3617"}],"wp:term":[{"taxonomy":"category","embeddable":true,"href":"https:\/\/www.achimbrueckner.de\/freeradio\/php\/wordpress\/index.php?rest_route=%2Fwp%2Fv2%2Fcategories&post=3617"},{"taxonomy":"post_tag","embeddable":true,"href":"https:\/\/www.achimbrueckner.de\/freeradio\/php\/wordpress\/index.php?rest_route=%2Fwp%2Fv2%2Ftags&post=3617"}],"curies":[{"name":"wp","href":"https:\/\/api.w.org\/{rel}","templated":true}]}}