{"id":3637,"date":"2007-08-23T14:02:52","date_gmt":"2007-08-23T14:02:52","guid":{"rendered":"https:\/\/www.achimbrueckner.de\/freeradio\/php\/wordpress\/?p=3637"},"modified":"2007-08-23T14:02:52","modified_gmt":"2007-08-23T14:02:52","slug":"playfm-auf-6220-khz","status":"publish","type":"post","link":"https:\/\/www.achimbrueckner.de\/freeradio\/php\/wordpress\/?p=3637","title":{"rendered":"Play.FM auf 6220 Khz"},"content":{"rendered":"<p>Play.fm, das webradio aus Wien wird am Sonntag den 26.8.2007 ab 0 Uhr zum zweiten mal auf 6220kHz zu h\u00f6ren sein. Dabei handelt es sich wohl um 0000 Lokalzeit, also 2200 Utc.<\/p>\n","protected":false},"excerpt":{"rendered":"<p>Play.fm, das webradio aus Wien wird am Sonntag den 26.8.2007 ab 0 Uhr zum zweiten mal auf 6220kHz zu h\u00f6ren sein. Dabei handelt es sich wohl um 0000 Lokalzeit, also 2200 Utc.<\/p>\n","protected":false},"author":1,"featured_media":0,"comment_status":"open","ping_status":"open","sticky":false,"template":"","format":"standard","meta":{"_jetpack_memberships_contains_paid_content":false,"footnotes":"","jetpack_publicize_message":"","jetpack_publicize_feature_enabled":true,"jetpack_social_post_already_shared":false,"jetpack_social_options":{"image_generator_settings":{"template":"highway","default_image_id":0,"font":"","enabled":false},"version":2}},"categories":[1],"tags":[22,24,26],"class_list":["post-3637","post","type-post","status-publish","format-standard","hentry","category-uncategorized","tag-am","tag-fm","tag-web"],"jetpack_publicize_connections":[],"jetpack_featured_media_url":"","jetpack_sharing_enabled":true,"jetpack_shortlink":"https:\/\/wp.me\/p5CD59-WF","jetpack-related-posts":[{"id":423,"url":"https:\/\/www.achimbrueckner.de\/freeradio\/php\/wordpress\/?p=423","url_meta":{"origin":3637,"position":0},"title":"Delta Radio","author":"Administrator","date":"February 19, 2006 11:10","format":false,"excerpt":"Nachdem Pirate Wintermeeting auf der 6300 Khz Sendeschlu\u00df hat, ist Radio Delta aus Gelderland auf 6300 Khz um 1110 Utc mit O=4 zu h\u00f6ren. Auf den CQ-Ruf antworten Westcoast Radio auf 6300 Khz und Zender Robbie auf 6302 Khz, beide kommen mit O=2\/3 an, st\u00f6ren sich nur gegenseitig. Sp\u00e4ter st\u00f6\u00dft\u2026","rel":"","context":"In &quot;Empfang&quot;","block_context":{"text":"Empfang","link":"https:\/\/www.achimbrueckner.de\/freeradio\/php\/wordpress\/?cat=3"},"img":{"alt_text":"","src":"","width":0,"height":0},"classes":[]},{"id":22528,"url":"https:\/\/www.achimbrueckner.de\/freeradio\/php\/wordpress\/?p=22528","url_meta":{"origin":3637,"position":1},"title":"Radio Gloria 26 Juni 2011","author":"Administrator","date":"June 26, 2011 06:53","format":false,"excerpt":"am 26. Juni 2011 ist Radio Gloria International auf mehreren Frequenzen on air. Auf 6005 KHz, 9 UTC f\u00fcr Westeuropa, auf 9480 KHz, 9 UTC f\u00fcr die Welt und auf 6140 KHz, 13 UTC f\u00fcr S\u00fcd- Ost- Europa auf 126 Grad. Info via A-DX","rel":"","context":"In \"AM\"","block_context":{"text":"AM","link":"https:\/\/www.achimbrueckner.de\/freeradio\/php\/wordpress\/?tag=am"},"img":{"alt_text":"","src":"","width":0,"height":0},"classes":[]},{"id":30800,"url":"https:\/\/www.achimbrueckner.de\/freeradio\/php\/wordpress\/?p=30800","url_meta":{"origin":3637,"position":2},"title":"Kanaren auf Kurzwelle: Horizon FM startet auf 5780 kHz","author":"Administrator","date":"February 16, 2014 09:18","format":false,"excerpt":"http:\/\/www.dxaktuell.de\/2014\/02\/kanaren-auf-kurzwelle-horizon-fm-startet-auf-5780-khz\/","rel":"","context":"In \"dx\"","block_context":{"text":"dx","link":"https:\/\/www.achimbrueckner.de\/freeradio\/php\/wordpress\/?tag=dx"},"img":{"alt_text":"","src":"","width":0,"height":0},"classes":[]},{"id":465779,"url":"https:\/\/www.achimbrueckner.de\/freeradio\/php\/wordpress\/?p=465779","url_meta":{"origin":3637,"position":3},"title":"Radio Nord Revival geht am 4. und 5. September wieder auf Sendung:","author":"Administrator","date":"September 4, 2021 13:28","format":false,"excerpt":"Radio Nord Revival geht am 4. und 5. September wieder auf Sendung: Ja, Radio Nord Revival wird am 4. und 5. September von 0700-1900 UTC von der Festung Vaxholm aus wieder auf Sendung sein. Dieses Mal senden wir auf SW von einem neuen Standort aus: Julita, am See Hj\u00e4lmaren. Unsere\u2026","rel":"","context":"Similar post","block_context":{"text":"Similar post","link":""},"img":{"alt_text":"","src":"","width":0,"height":0},"classes":[]},{"id":547,"url":"https:\/\/www.achimbrueckner.de\/freeradio\/php\/wordpress\/?p=547","url_meta":{"origin":3637,"position":4},"title":"Radio Spaceman","author":"Administrator","date":"April 17, 2006 15:19","format":false,"excerpt":"Radio Spaceman powert um 1515 Utc auf 6303 Khz mit O=4. Es gibt holl\u00e4ndische Schlager auf die Ohren und Gr\u00fc\u00dfe an die Anrufer im Studio. Nachdem auf 6300 Khz ein anderes Powerhaus aufschaltete, ist Spaceman anscheinend auf 6306 Khz umgezogen. Um 1600 Utc kann ich das Signal nur erahnen, O=1\u2026","rel":"","context":"In &quot;Empfang&quot;","block_context":{"text":"Empfang","link":"https:\/\/www.achimbrueckner.de\/freeradio\/php\/wordpress\/?cat=3"},"img":{"alt_text":"","src":"","width":0,"height":0},"classes":[]},{"id":468503,"url":"https:\/\/www.achimbrueckner.de\/freeradio\/php\/wordpress\/?p=468503","url_meta":{"origin":3637,"position":5},"title":"Radio Joystick (JOY) auf neuer Frequenz! Ab November 2022 vom neuen Sendestandort Kostinbrod auf 11935 kHz","author":"Administrator","date":"October 1, 2022 21:31","format":false,"excerpt":"Radio Joystick (JOY) auf neuer Frequenz! Ab November 2022 vom neuen Sendestandort Kostinbrod auf 11935 kHz Seit \u00fcber 35 Jahren ert\u00f6nen die \u201eFunky Sounds 4 Central Europe\u201c der Charlie-Prince-Show. Mit Beginn des Wintersendeplans profitieren die H\u00f6rerInnen von einem Radio Joystick (JOY)-Frequenzwechsel vom 41-m-Band auf das 25-m-Band der Kurzwelle! Radio Joystick\u2026","rel":"","context":"Similar post","block_context":{"text":"Similar post","link":""},"img":{"alt_text":"","src":"","width":0,"height":0},"classes":[]}],"_links":{"self":[{"href":"https:\/\/www.achimbrueckner.de\/freeradio\/php\/wordpress\/index.php?rest_route=\/wp\/v2\/posts\/3637","targetHints":{"allow":["GET"]}}],"collection":[{"href":"https:\/\/www.achimbrueckner.de\/freeradio\/php\/wordpress\/index.php?rest_route=\/wp\/v2\/posts"}],"about":[{"href":"https:\/\/www.achimbrueckner.de\/freeradio\/php\/wordpress\/index.php?rest_route=\/wp\/v2\/types\/post"}],"author":[{"embeddable":true,"href":"https:\/\/www.achimbrueckner.de\/freeradio\/php\/wordpress\/index.php?rest_route=\/wp\/v2\/users\/1"}],"replies":[{"embeddable":true,"href":"https:\/\/www.achimbrueckner.de\/freeradio\/php\/wordpress\/index.php?rest_route=%2Fwp%2Fv2%2Fcomments&post=3637"}],"version-history":[{"count":0,"href":"https:\/\/www.achimbrueckner.de\/freeradio\/php\/wordpress\/index.php?rest_route=\/wp\/v2\/posts\/3637\/revisions"}],"wp:attachment":[{"href":"https:\/\/www.achimbrueckner.de\/freeradio\/php\/wordpress\/index.php?rest_route=%2Fwp%2Fv2%2Fmedia&parent=3637"}],"wp:term":[{"taxonomy":"category","embeddable":true,"href":"https:\/\/www.achimbrueckner.de\/freeradio\/php\/wordpress\/index.php?rest_route=%2Fwp%2Fv2%2Fcategories&post=3637"},{"taxonomy":"post_tag","embeddable":true,"href":"https:\/\/www.achimbrueckner.de\/freeradio\/php\/wordpress\/index.php?rest_route=%2Fwp%2Fv2%2Ftags&post=3637"}],"curies":[{"name":"wp","href":"https:\/\/api.w.org\/{rel}","templated":true}]}}