{"id":36794,"date":"2014-11-07T16:04:37","date_gmt":"2014-11-07T16:04:37","guid":{"rendered":"https:\/\/www.achimbrueckner.de\/freeradio\/php\/wordpress\/?p=36794"},"modified":"2014-11-07T16:04:37","modified_gmt":"2014-11-07T16:04:37","slug":"brackets-1-0-ein-moderner-quelloffener-code-editor-der-webdesign-versteht","status":"publish","type":"post","link":"https:\/\/www.achimbrueckner.de\/freeradio\/php\/wordpress\/?p=36794","title":{"rendered":"Brackets 1.0 Ein moderner, quelloffener Code-Editor, der Webdesign versteht."},"content":{"rendered":"<p><a href=\"http:\/\/brackets.io\/\" target=\"_blank\">http:\/\/brackets.io\/<\/a><\/p>\n","protected":false},"excerpt":{"rendered":"<p>http:\/\/brackets.io\/<\/p>\n","protected":false},"author":1,"featured_media":0,"comment_status":"open","ping_status":"open","sticky":false,"template":"","format":"standard","meta":{"_jetpack_memberships_contains_paid_content":false,"footnotes":"","jetpack_publicize_message":"","jetpack_publicize_feature_enabled":true,"jetpack_social_post_already_shared":false,"jetpack_social_options":{"image_generator_settings":{"template":"highway","default_image_id":0,"font":"","enabled":false},"version":2}},"categories":[44],"tags":[26],"class_list":["post-36794","post","type-post","status-publish","format-standard","hentry","category-privatdeutsch","tag-web"],"jetpack_publicize_connections":[],"jetpack_featured_media_url":"","jetpack_sharing_enabled":true,"jetpack_shortlink":"https:\/\/wp.me\/p5CD59-9zs","jetpack-related-posts":[{"id":451951,"url":"https:\/\/www.achimbrueckner.de\/freeradio\/php\/wordpress\/?p=451951","url_meta":{"origin":36794,"position":0},"title":"Gro\u00dfst\u00f6rung bei der Telekom: Angreifer nutzten L\u00fccke und Botnetz-Code","author":"Administrator","date":"November 29, 2016 18:17","format":false,"excerpt":"Verantwortungslose Schlamperei bei der Telekom: http:\/\/www.heise.de\/newsticker\/meldung\/Grossstoerung-bei-der-Telekom-Angreifer-nutzten-Luecke-und-Botnetz-Code-3507088.html","rel":"","context":"In &quot;privatdeutsch&quot;","block_context":{"text":"privatdeutsch","link":"https:\/\/www.achimbrueckner.de\/freeradio\/php\/wordpress\/?cat=44"},"img":{"alt_text":"","src":"","width":0,"height":0},"classes":[]},{"id":35526,"url":"https:\/\/www.achimbrueckner.de\/freeradio\/php\/wordpress\/?p=35526","url_meta":{"origin":36794,"position":1},"title":"Ein Schlandnet w\u00fcrde nur der Telekom n\u00fctzen","author":"Administrator","date":"November 11, 2013 20:34","format":false,"excerpt":"http:\/\/www.zeit.de\/digital\/internet\/2013-11\/schlandnet-telekom-nsa-internet","rel":"","context":"In &quot;privatdeutsch&quot;","block_context":{"text":"privatdeutsch","link":"https:\/\/www.achimbrueckner.de\/freeradio\/php\/wordpress\/?cat=44"},"img":{"alt_text":"","src":"","width":0,"height":0},"classes":[]},{"id":40454,"url":"https:\/\/www.achimbrueckner.de\/freeradio\/php\/wordpress\/?p=40454","url_meta":{"origin":36794,"position":2},"title":"Ein Schritt zu weit: Wie Google Website-Betreibern die Kontrolle \u00fcber ihre Inhalte entzieht","author":"Administrator","date":"May 9, 2015 12:28","format":false,"excerpt":"https:\/\/www.basicthinking.de\/blog\/2015\/05\/05\/google-websites-mobil-indonesien\/","rel":"","context":"In &quot;privatdeutsch&quot;","block_context":{"text":"privatdeutsch","link":"https:\/\/www.achimbrueckner.de\/freeradio\/php\/wordpress\/?cat=44"},"img":{"alt_text":"","src":"","width":0,"height":0},"classes":[]},{"id":37246,"url":"https:\/\/www.achimbrueckner.de\/freeradio\/php\/wordpress\/?p=37246","url_meta":{"origin":36794,"position":3},"title":"Detmolder Advent","author":"Administrator","date":"December 6, 2014 17:47","format":false,"excerpt":"Endlich mal ein gelungener Weihnachtsmarkt in Detmold: http:\/\/www.detmolder-advent.de\/aktuelles.php","rel":"","context":"In &quot;privatdeutsch&quot;","block_context":{"text":"privatdeutsch","link":"https:\/\/www.achimbrueckner.de\/freeradio\/php\/wordpress\/?cat=44"},"img":{"alt_text":"","src":"","width":0,"height":0},"classes":[]},{"id":38307,"url":"https:\/\/www.achimbrueckner.de\/freeradio\/php\/wordpress\/?p=38307","url_meta":{"origin":36794,"position":4},"title":"70. Jahrestag der Befreiung von Auschwitz: &#8220;Die lange Nacht der Erinnerung&#8221;","author":"Administrator","date":"January 27, 2015 17:57","format":false,"excerpt":"http:\/\/www1.wdr.de\/fernsehen\/dokumentation_reportage\/wdr-dok\/sendungen\/lange-nacht-der-erinnerung102.html","rel":"","context":"In &quot;privatdeutsch&quot;","block_context":{"text":"privatdeutsch","link":"https:\/\/www.achimbrueckner.de\/freeradio\/php\/wordpress\/?cat=44"},"img":{"alt_text":"","src":"","width":0,"height":0},"classes":[]},{"id":40779,"url":"https:\/\/www.achimbrueckner.de\/freeradio\/php\/wordpress\/?p=40779","url_meta":{"origin":36794,"position":5},"title":"Wave-Gotik-Treffen in Leipzig Kreaturen der Nacht","author":"Administrator","date":"May 24, 2015 14:31","format":false,"excerpt":"http:\/\/www.sueddeutsche.de\/panorama\/wave-gotik-treffen-in-leipzig-kreaturen-der-nacht-1.2492430","rel":"","context":"In &quot;privatdeutsch&quot;","block_context":{"text":"privatdeutsch","link":"https:\/\/www.achimbrueckner.de\/freeradio\/php\/wordpress\/?cat=44"},"img":{"alt_text":"","src":"","width":0,"height":0},"classes":[]}],"_links":{"self":[{"href":"https:\/\/www.achimbrueckner.de\/freeradio\/php\/wordpress\/index.php?rest_route=\/wp\/v2\/posts\/36794","targetHints":{"allow":["GET"]}}],"collection":[{"href":"https:\/\/www.achimbrueckner.de\/freeradio\/php\/wordpress\/index.php?rest_route=\/wp\/v2\/posts"}],"about":[{"href":"https:\/\/www.achimbrueckner.de\/freeradio\/php\/wordpress\/index.php?rest_route=\/wp\/v2\/types\/post"}],"author":[{"embeddable":true,"href":"https:\/\/www.achimbrueckner.de\/freeradio\/php\/wordpress\/index.php?rest_route=\/wp\/v2\/users\/1"}],"replies":[{"embeddable":true,"href":"https:\/\/www.achimbrueckner.de\/freeradio\/php\/wordpress\/index.php?rest_route=%2Fwp%2Fv2%2Fcomments&post=36794"}],"version-history":[{"count":0,"href":"https:\/\/www.achimbrueckner.de\/freeradio\/php\/wordpress\/index.php?rest_route=\/wp\/v2\/posts\/36794\/revisions"}],"wp:attachment":[{"href":"https:\/\/www.achimbrueckner.de\/freeradio\/php\/wordpress\/index.php?rest_route=%2Fwp%2Fv2%2Fmedia&parent=36794"}],"wp:term":[{"taxonomy":"category","embeddable":true,"href":"https:\/\/www.achimbrueckner.de\/freeradio\/php\/wordpress\/index.php?rest_route=%2Fwp%2Fv2%2Fcategories&post=36794"},{"taxonomy":"post_tag","embeddable":true,"href":"https:\/\/www.achimbrueckner.de\/freeradio\/php\/wordpress\/index.php?rest_route=%2Fwp%2Fv2%2Ftags&post=36794"}],"curies":[{"name":"wp","href":"https:\/\/api.w.org\/{rel}","templated":true}]}}