{"id":37187,"date":"2014-12-02T17:35:28","date_gmt":"2014-12-02T17:35:28","guid":{"rendered":"https:\/\/www.achimbrueckner.de\/freeradio\/php\/wordpress\/?p=37187"},"modified":"2014-12-02T17:35:28","modified_gmt":"2014-12-02T17:35:28","slug":"shariff-social-media-buttons-mit-datenschutz","status":"publish","type":"post","link":"https:\/\/www.achimbrueckner.de\/freeradio\/php\/wordpress\/?p=37187","title":{"rendered":"Shariff: Social-Media-Buttons mit Datenschutz"},"content":{"rendered":"<p><a href=\"http:\/\/www.heise.de\/ct\/artikel\/Shariff-Social-Media-Buttons-mit-Datenschutz-2467514.html\" target=\"_blank\">http:\/\/www.heise.de\/ct\/artikel\/Shariff-Social-Media-Buttons-mit-Datenschutz-2467514.html<\/a><\/p>\n","protected":false},"excerpt":{"rendered":"<p>http:\/\/www.heise.de\/ct\/artikel\/Shariff-Social-Media-Buttons-mit-Datenschutz-2467514.html<\/p>\n","protected":false},"author":1,"featured_media":0,"comment_status":"open","ping_status":"open","sticky":false,"template":"","format":"standard","meta":{"_jetpack_memberships_contains_paid_content":false,"footnotes":"","jetpack_publicize_message":"","jetpack_publicize_feature_enabled":true,"jetpack_social_post_already_shared":false,"jetpack_social_options":{"image_generator_settings":{"template":"highway","default_image_id":0,"font":"","enabled":false},"version":2}},"categories":[44],"tags":[29],"class_list":["post-37187","post","type-post","status-publish","format-standard","hentry","category-privatdeutsch","tag-media"],"jetpack_publicize_connections":[],"jetpack_featured_media_url":"","jetpack_sharing_enabled":true,"jetpack_shortlink":"https:\/\/wp.me\/p5CD59-9FN","jetpack-related-posts":[{"id":35519,"url":"https:\/\/www.achimbrueckner.de\/freeradio\/php\/wordpress\/?p=35519","url_meta":{"origin":37187,"position":0},"title":"SNOWDEN-ENTH\u00dcLLUNGEN NSA liest auch Facebook-Chats mit","author":"Administrator","date":"July 31, 2013 20:20","format":false,"excerpt":"SNOWDEN-ENTH\u00dcLLUNGEN NSA liest auch Facebook-Chats mit http:\/\/www.zeit.de\/digital\/datenschutz\/2013-07\/xkeyscore-snowden-folien","rel":"","context":"In &quot;privatdeutsch&quot;","block_context":{"text":"privatdeutsch","link":"https:\/\/www.achimbrueckner.de\/freeradio\/php\/wordpress\/?cat=44"},"img":{"alt_text":"","src":"","width":0,"height":0},"classes":[]},{"id":35635,"url":"https:\/\/www.achimbrueckner.de\/freeradio\/php\/wordpress\/?p=35635","url_meta":{"origin":37187,"position":1},"title":"Suchmaschine Unbubble: Datenschutz &#038; nach Kate\u00adgorien sortierte Ergebnisse","author":"Administrator","date":"September 24, 2014 16:25","format":false,"excerpt":"http:\/\/www.teltarif.de\/suchmaschine-unbubble-datenschutz-nutzerstatistik\/news\/57133.html","rel":"","context":"In &quot;privatdeutsch&quot;","block_context":{"text":"privatdeutsch","link":"https:\/\/www.achimbrueckner.de\/freeradio\/php\/wordpress\/?cat=44"},"img":{"alt_text":"","src":"","width":0,"height":0},"classes":[]},{"id":35528,"url":"https:\/\/www.achimbrueckner.de\/freeradio\/php\/wordpress\/?p=35528","url_meta":{"origin":37187,"position":2},"title":"&#8220;Entdeckungsmaschine&#8221; Qwant verspricht mehr Datenschutz als Google","author":"Administrator","date":"March 4, 2014 16:49","format":false,"excerpt":"http:\/\/www.heise.de\/newsticker\/meldung\/Entdeckungsmaschine-Qwant-verspricht-mehr-Datenschutz-als-Google-2133434.html","rel":"","context":"In &quot;privatdeutsch&quot;","block_context":{"text":"privatdeutsch","link":"https:\/\/www.achimbrueckner.de\/freeradio\/php\/wordpress\/?cat=44"},"img":{"alt_text":"","src":"","width":0,"height":0},"classes":[]},{"id":31284,"url":"https:\/\/www.achimbrueckner.de\/freeradio\/php\/wordpress\/?p=31284","url_meta":{"origin":37187,"position":3},"title":"Update data tracking","author":"Administrator","date":"March 11, 2014 17:04","format":false,"excerpt":"AFRD respects your ip-data. Deactivate tracking, which is only stored on this server, by https:\/\/www.achimbrueckner.de\/freeradio\/php\/wordpress\/#tracking. Also social media buttons need now 2 clicks to send data to affiliated sites. At the moment Google Analytics is used as well which will be deactivated soon.","rel":"","context":"In &quot;updates&quot;","block_context":{"text":"updates","link":"https:\/\/www.achimbrueckner.de\/freeradio\/php\/wordpress\/?cat=12"},"img":{"alt_text":"","src":"","width":0,"height":0},"classes":[]},{"id":23066,"url":"https:\/\/www.achimbrueckner.de\/freeradio\/php\/wordpress\/?p=23066","url_meta":{"origin":37187,"position":4},"title":"Radio Joystick im Winter auf Mittelwelle","author":"Administrator","date":"October 6, 2011 14:05","format":false,"excerpt":"RADIO JOYSTICK auch auf Mittelwelle! Im Winter wird unsere Sendung nicht nur an jedem ersten Wochenende eines jeden Monats morgens auf Kurzwelle und im Internet ausgestrahlt, sondern parallel dazu auch Samstags abends auf drei Mittelwellen-Frequenzen! Jeden 1. Samstag 21:30-22:30 Uhr deutscher Zeit \u00fcber das AM-Network des Italian Radio Relay Service:\u2026","rel":"","context":"In \"AM\"","block_context":{"text":"AM","link":"https:\/\/www.achimbrueckner.de\/freeradio\/php\/wordpress\/?tag=am"},"img":{"alt_text":"","src":"","width":0,"height":0},"classes":[]},{"id":463834,"url":"https:\/\/www.achimbrueckner.de\/freeradio\/php\/wordpress\/?p=463834","url_meta":{"origin":37187,"position":5},"title":"Radio 60 15. August 2020 6045 Khz","author":"Administrator","date":"August 11, 2020 17:44","format":false,"excerpt":"Erste Sendung aus Nauen 13 - 16 Uhr MESZ mit 100kW auf 6045 kHz - mit guter & alter Rock- und Popmusik - 13-14 Uhr mit \u20acrdenman von Radio60! - 14-15 Uhr mit Gunter von Hitmix-Radio als Gast-DJ - 15-16 Uhr wieder mit \u20acrdenman von Radio60! Empfangsrapporte, Gr\u00fc\u00dfe und Musikw\u00fcnsche\u2026","rel":"","context":"Similar post","block_context":{"text":"Similar post","link":""},"img":{"alt_text":"","src":"","width":0,"height":0},"classes":[]}],"_links":{"self":[{"href":"https:\/\/www.achimbrueckner.de\/freeradio\/php\/wordpress\/index.php?rest_route=\/wp\/v2\/posts\/37187","targetHints":{"allow":["GET"]}}],"collection":[{"href":"https:\/\/www.achimbrueckner.de\/freeradio\/php\/wordpress\/index.php?rest_route=\/wp\/v2\/posts"}],"about":[{"href":"https:\/\/www.achimbrueckner.de\/freeradio\/php\/wordpress\/index.php?rest_route=\/wp\/v2\/types\/post"}],"author":[{"embeddable":true,"href":"https:\/\/www.achimbrueckner.de\/freeradio\/php\/wordpress\/index.php?rest_route=\/wp\/v2\/users\/1"}],"replies":[{"embeddable":true,"href":"https:\/\/www.achimbrueckner.de\/freeradio\/php\/wordpress\/index.php?rest_route=%2Fwp%2Fv2%2Fcomments&post=37187"}],"version-history":[{"count":0,"href":"https:\/\/www.achimbrueckner.de\/freeradio\/php\/wordpress\/index.php?rest_route=\/wp\/v2\/posts\/37187\/revisions"}],"wp:attachment":[{"href":"https:\/\/www.achimbrueckner.de\/freeradio\/php\/wordpress\/index.php?rest_route=%2Fwp%2Fv2%2Fmedia&parent=37187"}],"wp:term":[{"taxonomy":"category","embeddable":true,"href":"https:\/\/www.achimbrueckner.de\/freeradio\/php\/wordpress\/index.php?rest_route=%2Fwp%2Fv2%2Fcategories&post=37187"},{"taxonomy":"post_tag","embeddable":true,"href":"https:\/\/www.achimbrueckner.de\/freeradio\/php\/wordpress\/index.php?rest_route=%2Fwp%2Fv2%2Ftags&post=37187"}],"curies":[{"name":"wp","href":"https:\/\/api.w.org\/{rel}","templated":true}]}}