{"id":37724,"date":"2014-12-28T14:07:35","date_gmt":"2014-12-28T14:07:35","guid":{"rendered":"https:\/\/www.achimbrueckner.de\/freeradio\/php\/wordpress\/?p=37724"},"modified":"2014-12-28T14:07:35","modified_gmt":"2014-12-28T14:07:35","slug":"eisheilige-nacht-im-ringlokschuppen","status":"publish","type":"post","link":"https:\/\/www.achimbrueckner.de\/freeradio\/php\/wordpress\/?p=37724","title":{"rendered":"&#8220;Eisheilige Nacht&#8221; im Ringlokschuppen"},"content":{"rendered":"<p><a href=\"http:\/\/www.westfalen-blatt.de\/OWL\/Lokales\/Bielefeld\/Bielefeld\/1829156-2000-Besucher-feiern-Eisheilige-Nacht-im-Ringlokschuppen\" target=\"_blank\">http:\/\/www.westfalen-blatt.de\/OWL\/Lokales\/Bielefeld\/Bielefeld\/1829156-2000-Besucher-feiern-Eisheilige-Nacht-im-Ringlokschuppen<\/a><\/p>\n","protected":false},"excerpt":{"rendered":"<p>http:\/\/www.westfalen-blatt.de\/OWL\/Lokales\/Bielefeld\/Bielefeld\/1829156-2000-Besucher-feiern-Eisheilige-Nacht-im-Ringlokschuppen<\/p>\n","protected":false},"author":1,"featured_media":0,"comment_status":"open","ping_status":"open","sticky":false,"template":"","format":"standard","meta":{"_jetpack_memberships_contains_paid_content":false,"footnotes":"","jetpack_publicize_message":"","jetpack_publicize_feature_enabled":true,"jetpack_social_post_already_shared":false,"jetpack_social_options":{"image_generator_settings":{"template":"highway","default_image_id":0,"font":"","enabled":false},"version":2}},"categories":[44],"tags":[],"class_list":["post-37724","post","type-post","status-publish","format-standard","hentry","category-privatdeutsch"],"jetpack_publicize_connections":[],"jetpack_featured_media_url":"","jetpack_sharing_enabled":true,"jetpack_shortlink":"https:\/\/wp.me\/p5CD59-9Os","jetpack-related-posts":[{"id":444539,"url":"https:\/\/www.achimbrueckner.de\/freeradio\/php\/wordpress\/?p=444539","url_meta":{"origin":37724,"position":0},"title":"Bielefeld: Apocalyptica nehmen den Ringlokschuppen auseinander","author":"Administrator","date":"October 4, 2015 20:08","format":false,"excerpt":"Gestern beim Konzert von Apocalyptica im Ringlokschuppen gewesen: http:\/\/www.nw.de\/fotos\/fotostrecken\/20587517_Bielefeld-Apocalyptica-nehmen-den-Ringlokschuppen-auseinander.html","rel":"","context":"In &quot;privatdeutsch&quot;","block_context":{"text":"privatdeutsch","link":"https:\/\/www.achimbrueckner.de\/freeradio\/php\/wordpress\/?cat=44"},"img":{"alt_text":"","src":"","width":0,"height":0},"classes":[]},{"id":38028,"url":"https:\/\/www.achimbrueckner.de\/freeradio\/php\/wordpress\/?p=38028","url_meta":{"origin":37724,"position":1},"title":"Saltatio Mortis 26.12.14 Bielefeld Ringlokschuppen","author":"Administrator","date":"January 10, 2015 16:48","format":false,"excerpt":"http:\/\/www.saltatio-mortis.com\/video-tourtagebuch-bielefeld-ringlokschuppen-26-12-2014\/","rel":"","context":"In &quot;privatdeutsch&quot;","block_context":{"text":"privatdeutsch","link":"https:\/\/www.achimbrueckner.de\/freeradio\/php\/wordpress\/?cat=44"},"img":{"alt_text":"","src":"","width":0,"height":0},"classes":[]},{"id":459745,"url":"https:\/\/www.achimbrueckner.de\/freeradio\/php\/wordpress\/?p=459745","url_meta":{"origin":37724,"position":2},"title":"\u00bbSubway to Sally\u00ab feiern im Lokschuppen: Eisblumen, Feuer und Schatten","author":"Administrator","date":"December 29, 2018 16:17","format":false,"excerpt":"https:\/\/www.westfalen-blatt.de\/OWL\/Bielefeld\/Bielefeld\/3599043-1500-Mittelalter-Folk-Fans-und-viele-Bands-bei-der-zehnten-Eisheilige-Nacht-Subway-to-Sally-feiern-im-Lokschuppen-Eisblumen-Feuer-und-Schatten","rel":"","context":"In &quot;privatdeutsch&quot;","block_context":{"text":"privatdeutsch","link":"https:\/\/www.achimbrueckner.de\/freeradio\/php\/wordpress\/?cat=44"},"img":{"alt_text":"","src":"","width":0,"height":0},"classes":[]},{"id":39774,"url":"https:\/\/www.achimbrueckner.de\/freeradio\/php\/wordpress\/?p=39774","url_meta":{"origin":37724,"position":3},"title":"Bielefeld im DFB-Pokal-Halbfinale K\u00fcbelweise Balsam f\u00fcr die ostwestf\u00e4lische Seele","author":"Administrator","date":"April 9, 2015 18:46","format":false,"excerpt":"http:\/\/www.sueddeutsche.de\/sport\/bielefeld-im-dfb-pokal-halbfinale-kuebelweise-balsam-fuer-die-ostwestfaelische-seele-1.2427934","rel":"","context":"In &quot;privatdeutsch&quot;","block_context":{"text":"privatdeutsch","link":"https:\/\/www.achimbrueckner.de\/freeradio\/php\/wordpress\/?cat=44"},"img":{"alt_text":"","src":"","width":0,"height":0},"classes":[]},{"id":34768,"url":"https:\/\/www.achimbrueckner.de\/freeradio\/php\/wordpress\/?p=34768","url_meta":{"origin":37724,"position":4},"title":"Unheilig Konzert Bielefeld","author":"Administrator","date":"September 2, 2011 15:13","format":false,"excerpt":"Gestern waren wir auf dem Unheilig Konzert in Bielefeld. Berichte und Fotos: http:\/\/www.nw-news.de\/owl\/4923864_Tausende_feiern_Unheilig_in_Bielefeld.html http:\/\/www.westfalen-blatt.de\/lokalnachrichten\/bildergalerien\/bielefeld","rel":"","context":"In &quot;privat&quot;","block_context":{"text":"privat","link":"https:\/\/www.achimbrueckner.de\/freeradio\/php\/wordpress\/?cat=37"},"img":{"alt_text":"","src":"","width":0,"height":0},"classes":[]},{"id":35535,"url":"https:\/\/www.achimbrueckner.de\/freeradio\/php\/wordpress\/?p=35535","url_meta":{"origin":37724,"position":5},"title":"Arminia steigt in die 3. Liga ab: Reaktionen nach dem 2:4","author":"Administrator","date":"May 20, 2014 09:33","format":false,"excerpt":"https:\/\/www.youtube.com\/watch?v=7CJEtMf2kLQ&feature=youtu.be http:\/\/www.sueddeutsche.de\/sport\/-bundesliga-darmstadt-schafft-aufstiegswunder-in-bielefeld-1.1969913 http:\/\/www.westfalen-blatt.de\/lokalnachrichten\/bildergalerien\/bielefeld\/1\/#c3068 http:\/\/www.westfalen-blatt.de\/lokalnachrichten\/bildergalerien\/bielefeld\/2\/#c3068","rel":"","context":"In &quot;privatdeutsch&quot;","block_context":{"text":"privatdeutsch","link":"https:\/\/www.achimbrueckner.de\/freeradio\/php\/wordpress\/?cat=44"},"img":{"alt_text":"","src":"","width":0,"height":0},"classes":[]}],"_links":{"self":[{"href":"https:\/\/www.achimbrueckner.de\/freeradio\/php\/wordpress\/index.php?rest_route=\/wp\/v2\/posts\/37724","targetHints":{"allow":["GET"]}}],"collection":[{"href":"https:\/\/www.achimbrueckner.de\/freeradio\/php\/wordpress\/index.php?rest_route=\/wp\/v2\/posts"}],"about":[{"href":"https:\/\/www.achimbrueckner.de\/freeradio\/php\/wordpress\/index.php?rest_route=\/wp\/v2\/types\/post"}],"author":[{"embeddable":true,"href":"https:\/\/www.achimbrueckner.de\/freeradio\/php\/wordpress\/index.php?rest_route=\/wp\/v2\/users\/1"}],"replies":[{"embeddable":true,"href":"https:\/\/www.achimbrueckner.de\/freeradio\/php\/wordpress\/index.php?rest_route=%2Fwp%2Fv2%2Fcomments&post=37724"}],"version-history":[{"count":0,"href":"https:\/\/www.achimbrueckner.de\/freeradio\/php\/wordpress\/index.php?rest_route=\/wp\/v2\/posts\/37724\/revisions"}],"wp:attachment":[{"href":"https:\/\/www.achimbrueckner.de\/freeradio\/php\/wordpress\/index.php?rest_route=%2Fwp%2Fv2%2Fmedia&parent=37724"}],"wp:term":[{"taxonomy":"category","embeddable":true,"href":"https:\/\/www.achimbrueckner.de\/freeradio\/php\/wordpress\/index.php?rest_route=%2Fwp%2Fv2%2Fcategories&post=37724"},{"taxonomy":"post_tag","embeddable":true,"href":"https:\/\/www.achimbrueckner.de\/freeradio\/php\/wordpress\/index.php?rest_route=%2Fwp%2Fv2%2Ftags&post=37724"}],"curies":[{"name":"wp","href":"https:\/\/api.w.org\/{rel}","templated":true}]}}