{"id":37794,"date":"2014-12-30T20:36:44","date_gmt":"2014-12-30T20:36:44","guid":{"rendered":"https:\/\/www.achimbrueckner.de\/freeradio\/php\/wordpress\/?p=37794"},"modified":"2014-12-30T20:36:44","modified_gmt":"2014-12-30T20:36:44","slug":"piraten-radio-ernstfall-ist-wenn-die-bullen-kommen","status":"publish","type":"post","link":"https:\/\/www.achimbrueckner.de\/freeradio\/php\/wordpress\/?p=37794","title":{"rendered":"Piraten-Radio: &#8220;Ernstfall ist, wenn die Bullen kommen&#8221;"},"content":{"rendered":"<p><a href=\"http:\/\/www.spiegel.de\/netzwelt\/web\/piraten-radio-ernstfall-ist-wenn-die-bullen-kommen-a-19983.html\" target=\"_blank\">http:\/\/www.spiegel.de\/netzwelt\/web\/piraten-radio-ernstfall-ist-wenn-die-bullen-kommen-a-19983.html<\/a><\/p>\n","protected":false},"excerpt":{"rendered":"<p>http:\/\/www.spiegel.de\/netzwelt\/web\/piraten-radio-ernstfall-ist-wenn-die-bullen-kommen-a-19983.html<\/p>\n","protected":false},"author":1,"featured_media":0,"comment_status":"open","ping_status":"open","sticky":false,"template":"","format":"standard","meta":{"_jetpack_memberships_contains_paid_content":false,"footnotes":"","jetpack_publicize_message":"","jetpack_publicize_feature_enabled":true,"jetpack_social_post_already_shared":false,"jetpack_social_options":{"image_generator_settings":{"template":"highway","default_image_id":0,"font":"","enabled":false},"version":2}},"categories":[1],"tags":[26],"class_list":["post-37794","post","type-post","status-publish","format-standard","hentry","category-uncategorized","tag-web"],"jetpack_publicize_connections":[],"jetpack_featured_media_url":"","jetpack_sharing_enabled":true,"jetpack_shortlink":"https:\/\/wp.me\/p5CD59-9PA","jetpack-related-posts":[{"id":11465,"url":"https:\/\/www.achimbrueckner.de\/freeradio\/php\/wordpress\/?p=11465","url_meta":{"origin":37794,"position":0},"title":"Piraten mit Mikrofon","author":"Administrator","date":"April 7, 2009 13:51","format":false,"excerpt":"Beim Tagesspiegel ist ein Artikel mit dem Titel Piraten mit Mikrofon erschienen. Es geht um die Berliner Radio Rock Revolution Promotion. Info via Paul G auf A-DX","rel":"","context":"In \"dx\"","block_context":{"text":"dx","link":"https:\/\/www.achimbrueckner.de\/freeradio\/php\/wordpress\/?tag=dx"},"img":{"alt_text":"","src":"","width":0,"height":0},"classes":[]},{"id":3490,"url":"https:\/\/www.achimbrueckner.de\/freeradio\/php\/wordpress\/?p=3490","url_meta":{"origin":37794,"position":1},"title":"Aktualisierung PWDB-Adressliste","author":"Administrator","date":"August 6, 2007 12:33","format":false,"excerpt":"Habe meine Piraten-Radio Adressliste PWdB aktualisiert: http:\/\/www.schoechi.de\/pwdb.html Der Haupteil der Liste (P.O.-Adressen, weitere Namen, Aktivit\u00e4t usw.) ist nur f\u00fcr 'Abonnenten' zu lesen, zum einen, da ich nicht alles ganz kostenlos zur Verf\u00fcgung stellen will (Anfragen werden aber gerne beantwortet) zum anderen auch, da viele Piraten doch etwas die '\u00d6ffentlichkeit' scheuen.\u2026","rel":"","context":"In \"AM\"","block_context":{"text":"AM","link":"https:\/\/www.achimbrueckner.de\/freeradio\/php\/wordpress\/?tag=am"},"img":{"alt_text":"","src":"","width":0,"height":0},"classes":[]},{"id":459528,"url":"https:\/\/www.achimbrueckner.de\/freeradio\/php\/wordpress\/?p=459528","url_meta":{"origin":37794,"position":2},"title":"Was ist das Piraten- &#8220;Radio P&#8221; ?","author":"Administrator","date":"November 24, 2018 20:37","format":false,"excerpt":"https:\/\/www.youtube.com\/watch?v=5u95NoH8fZQ","rel":"","context":"Similar post","block_context":{"text":"Similar post","link":""},"img":{"alt_text":"","src":"","width":0,"height":0},"classes":[]},{"id":11091,"url":"https:\/\/www.achimbrueckner.de\/freeradio\/php\/wordpress\/?p=11091","url_meta":{"origin":37794,"position":3},"title":"Radio Isnogud","author":"Administrator","date":"March 10, 2009 16:22","format":false,"excerpt":"\u00dcber den Frankfurter UKW-Piraten Radio Isnogud aus Anfang der 80er Jahre ist auf de.indymedia.org etwas zu erfahren.","rel":"","context":"In \"media\"","block_context":{"text":"media","link":"https:\/\/www.achimbrueckner.de\/freeradio\/php\/wordpress\/?tag=media"},"img":{"alt_text":"","src":"","width":0,"height":0},"classes":[]},{"id":324,"url":"https:\/\/www.achimbrueckner.de\/freeradio\/php\/wordpress\/?p=324","url_meta":{"origin":37794,"position":4},"title":"Radio Anton","author":"Administrator","date":"January 27, 2006 23:25","format":false,"excerpt":"Radio Anton sendet um 2320 Utc auf 1620 Khz. Der Empfang ist mittel mit O=3\/4, aber mit guter Signalst\u00e4rke bei S=9. Das Programm besteht aus nonstop Musik, wie es bei Mittelwellen-Piraten oft \u00fcblich ist.","rel":"","context":"In &quot;Empfang&quot;","block_context":{"text":"Empfang","link":"https:\/\/www.achimbrueckner.de\/freeradio\/php\/wordpress\/?cat=3"},"img":{"alt_text":"","src":"","width":0,"height":0},"classes":[]},{"id":393,"url":"https:\/\/www.achimbrueckner.de\/freeradio\/php\/wordpress\/?p=393","url_meta":{"origin":37794,"position":5},"title":"Valley Wave Radio","author":"Administrator","date":"February 18, 2006 11:13","format":false,"excerpt":"Die UK-Station Valley Wave Radio ist um 1110 Utc auf der 6307 Khz aktiv. Der Empfang ist stark mit O=3 und S=6, da sehr wenig Rauschen auf dem Band ist, ist das Programm gut zu verstehen. Gespielt wird Pop-Musik. Valley Wave Radio macht \u00f6fters auch QSO-Durchg\u00e4nge, was eher untypisch f\u00fcr\u2026","rel":"","context":"In &quot;Empfang&quot;","block_context":{"text":"Empfang","link":"https:\/\/www.achimbrueckner.de\/freeradio\/php\/wordpress\/?cat=3"},"img":{"alt_text":"","src":"","width":0,"height":0},"classes":[]}],"_links":{"self":[{"href":"https:\/\/www.achimbrueckner.de\/freeradio\/php\/wordpress\/index.php?rest_route=\/wp\/v2\/posts\/37794","targetHints":{"allow":["GET"]}}],"collection":[{"href":"https:\/\/www.achimbrueckner.de\/freeradio\/php\/wordpress\/index.php?rest_route=\/wp\/v2\/posts"}],"about":[{"href":"https:\/\/www.achimbrueckner.de\/freeradio\/php\/wordpress\/index.php?rest_route=\/wp\/v2\/types\/post"}],"author":[{"embeddable":true,"href":"https:\/\/www.achimbrueckner.de\/freeradio\/php\/wordpress\/index.php?rest_route=\/wp\/v2\/users\/1"}],"replies":[{"embeddable":true,"href":"https:\/\/www.achimbrueckner.de\/freeradio\/php\/wordpress\/index.php?rest_route=%2Fwp%2Fv2%2Fcomments&post=37794"}],"version-history":[{"count":0,"href":"https:\/\/www.achimbrueckner.de\/freeradio\/php\/wordpress\/index.php?rest_route=\/wp\/v2\/posts\/37794\/revisions"}],"wp:attachment":[{"href":"https:\/\/www.achimbrueckner.de\/freeradio\/php\/wordpress\/index.php?rest_route=%2Fwp%2Fv2%2Fmedia&parent=37794"}],"wp:term":[{"taxonomy":"category","embeddable":true,"href":"https:\/\/www.achimbrueckner.de\/freeradio\/php\/wordpress\/index.php?rest_route=%2Fwp%2Fv2%2Fcategories&post=37794"},{"taxonomy":"post_tag","embeddable":true,"href":"https:\/\/www.achimbrueckner.de\/freeradio\/php\/wordpress\/index.php?rest_route=%2Fwp%2Fv2%2Ftags&post=37794"}],"curies":[{"name":"wp","href":"https:\/\/api.w.org\/{rel}","templated":true}]}}