{"id":37887,"date":"2015-01-03T15:31:00","date_gmt":"2015-01-03T15:31:00","guid":{"rendered":"https:\/\/www.achimbrueckner.de\/freeradio\/php\/wordpress\/?p=37887"},"modified":"2015-01-03T15:31:00","modified_gmt":"2015-01-03T15:31:00","slug":"rendsburg-im-vollrausch-das-fahrrad-betankt","status":"publish","type":"post","link":"https:\/\/www.achimbrueckner.de\/freeradio\/php\/wordpress\/?p=37887","title":{"rendered":"Rendsburg: Im Vollrausch das Fahrrad &#8220;betankt&#8221;"},"content":{"rendered":"<p><a href=\"http:\/\/www.ndr.de\/nachrichten\/schleswig-holstein\/Rendsburg-Im-Vollrausch-das-Fahrrad-betankt,fahrrad590.html\" target=\"_blank\">http:\/\/www.ndr.de\/nachrichten\/schleswig-holstein\/Rendsburg-Im-Vollrausch-das-Fahrrad-betankt,fahrrad590.html<\/a><\/p>\n","protected":false},"excerpt":{"rendered":"<p>http:\/\/www.ndr.de\/nachrichten\/schleswig-holstein\/Rendsburg-Im-Vollrausch-das-Fahrrad-betankt,fahrrad590.html<\/p>\n","protected":false},"author":1,"featured_media":0,"comment_status":"open","ping_status":"open","sticky":false,"template":"","format":"standard","meta":{"_jetpack_memberships_contains_paid_content":false,"footnotes":"","jetpack_publicize_message":"","jetpack_publicize_feature_enabled":true,"jetpack_social_post_already_shared":false,"jetpack_social_options":{"image_generator_settings":{"template":"highway","default_image_id":0,"font":"","enabled":false},"version":2}},"categories":[44],"tags":[],"class_list":["post-37887","post","type-post","status-publish","format-standard","hentry","category-privatdeutsch"],"jetpack_publicize_connections":[],"jetpack_featured_media_url":"","jetpack_sharing_enabled":true,"jetpack_shortlink":"https:\/\/wp.me\/p5CD59-9R5","jetpack-related-posts":[{"id":1083,"url":"https:\/\/www.achimbrueckner.de\/freeradio\/php\/wordpress\/?p=1083","url_meta":{"origin":37887,"position":0},"title":"Radio Casanova","author":"Administrator","date":"July 31, 2005 16:34","format":false,"excerpt":"Radio Casanova drehte heute auf der 6260 Khz seine Platten. OP Ludwig nahm auch H\u00f6rer live via Telefon auf den Sender. Anfangs nur O=2 wurde das Signal sp\u00e4ter besser und wurde dann nur noch durch das Bandrauschen getr\u00fcbt. Wie sehr die Empfangsbedingungen sonntagmorgens im Keller sind macht der Empfang dieser\u2026","rel":"","context":"In &quot;Empfang&quot;","block_context":{"text":"Empfang","link":"https:\/\/www.achimbrueckner.de\/freeradio\/php\/wordpress\/?cat=3"},"img":{"alt_text":"","src":"","width":0,"height":0},"classes":[]},{"id":463565,"url":"https:\/\/www.achimbrueckner.de\/freeradio\/php\/wordpress\/?p=463565","url_meta":{"origin":37887,"position":1},"title":"Piratensender &#8220;Kanal X&#8221; &#8211; Das kurze Jahr der Anarchie im DDR-Fernsehen","author":"Administrator","date":"June 29, 2020 16:33","format":false,"excerpt":"https:\/\/www.podcast.de\/episode\/465198931\/Piratensender+%22Kanal+X%22+-+Das+kurze+Jahr+der+Anarchie+im+DDR-Fernsehen\/","rel":"","context":"In \"Piratensender\"","block_context":{"text":"Piratensender","link":"https:\/\/www.achimbrueckner.de\/freeradio\/php\/wordpress\/?tag=piratensender"},"img":{"alt_text":"","src":"","width":0,"height":0},"classes":[]},{"id":463614,"url":"https:\/\/www.achimbrueckner.de\/freeradio\/php\/wordpress\/?p=463614","url_meta":{"origin":37887,"position":2},"title":"Piratensender \u201eKanal X\u201c Das kurze Jahr der Anarchie im DDR-Fernsehen","author":"Administrator","date":"July 5, 2020 21:50","format":false,"excerpt":"https:\/\/www.deutschlandfunkkultur.de\/piratensender-kanal-x-das-kurze-jahr-der-anarchie-im-ddr.976.de.html?dram:article_id=472758","rel":"","context":"In \"AM\"","block_context":{"text":"AM","link":"https:\/\/www.achimbrueckner.de\/freeradio\/php\/wordpress\/?tag=am"},"img":{"alt_text":"","src":"","width":0,"height":0},"classes":[]},{"id":340,"url":"https:\/\/www.achimbrueckner.de\/freeradio\/php\/wordpress\/?p=340","url_meta":{"origin":37887,"position":3},"title":"Radio Vanessa 1990\/1991","author":"Administrator","date":"February 2, 2006 18:40","format":false,"excerpt":"Die heutige Studioaufnahme f\u00fchrt uns zur\u00fcck in das Jahr 1990 \/ 1991. Radio Vanessa, damals mit eigenem Sender im 41m Band unterwegs. Michael Scott f\u00fchrt durchs Programm, das aus Freeradio-news und auch allgemeinen DX-news besteht. Au\u00dferdem wird auf H\u00f6rerzuschriften eingegangen, als Stationsadresse wurde damals das Postfach in Venlo verwendet. Mit\u2026","rel":"","context":"In &quot;download&quot;","block_context":{"text":"download","link":"https:\/\/www.achimbrueckner.de\/freeradio\/php\/wordpress\/?cat=7"},"img":{"alt_text":"","src":"","width":0,"height":0},"classes":[]},{"id":342,"url":"https:\/\/www.achimbrueckner.de\/freeradio\/php\/wordpress\/?p=342","url_meta":{"origin":37887,"position":4},"title":"Radio Dr Tim","author":"Administrator","date":"February 5, 2006 08:12","format":false,"excerpt":"Radio Dr Tim ist um 0810 Utc auf 3927 Khz mit O=2\/3 zu h\u00f6ren. Mit S=8 ist die Signalst\u00e4rke im 76m Band noch ordentlich. Keine schlechte Idee das 76m Band in Zeiten des Sonnenfleckenminimums im Auge zu behalten. Im 48m Band sind um die Zeit ja oft long skip Bedingungen,\u2026","rel":"","context":"In &quot;Empfang&quot;","block_context":{"text":"Empfang","link":"https:\/\/www.achimbrueckner.de\/freeradio\/php\/wordpress\/?cat=3"},"img":{"alt_text":"","src":"","width":0,"height":0},"classes":[]},{"id":2853,"url":"https:\/\/www.achimbrueckner.de\/freeradio\/php\/wordpress\/?p=2853","url_meta":{"origin":37887,"position":5},"title":"Crazy Wave Radio","author":"Administrator","date":"June 26, 2005 20:07","format":false,"excerpt":"CWR kam heute bombenstark auf der 6260 Khz an. O=4 und S=9, solche Signale ist man sonst nur von Mystery Radio im 48m Band gewohnt. Das Programm bestand aus guter alter deutscher Rockmusik und wurde moderiert von Chris Ise. Das 5l Bierfa\u00df stand im Studio. Die Station kann zur Zeit\u2026","rel":"","context":"In &quot;Empfang&quot;","block_context":{"text":"Empfang","link":"https:\/\/www.achimbrueckner.de\/freeradio\/php\/wordpress\/?cat=3"},"img":{"alt_text":"","src":"","width":0,"height":0},"classes":[]}],"_links":{"self":[{"href":"https:\/\/www.achimbrueckner.de\/freeradio\/php\/wordpress\/index.php?rest_route=\/wp\/v2\/posts\/37887","targetHints":{"allow":["GET"]}}],"collection":[{"href":"https:\/\/www.achimbrueckner.de\/freeradio\/php\/wordpress\/index.php?rest_route=\/wp\/v2\/posts"}],"about":[{"href":"https:\/\/www.achimbrueckner.de\/freeradio\/php\/wordpress\/index.php?rest_route=\/wp\/v2\/types\/post"}],"author":[{"embeddable":true,"href":"https:\/\/www.achimbrueckner.de\/freeradio\/php\/wordpress\/index.php?rest_route=\/wp\/v2\/users\/1"}],"replies":[{"embeddable":true,"href":"https:\/\/www.achimbrueckner.de\/freeradio\/php\/wordpress\/index.php?rest_route=%2Fwp%2Fv2%2Fcomments&post=37887"}],"version-history":[{"count":0,"href":"https:\/\/www.achimbrueckner.de\/freeradio\/php\/wordpress\/index.php?rest_route=\/wp\/v2\/posts\/37887\/revisions"}],"wp:attachment":[{"href":"https:\/\/www.achimbrueckner.de\/freeradio\/php\/wordpress\/index.php?rest_route=%2Fwp%2Fv2%2Fmedia&parent=37887"}],"wp:term":[{"taxonomy":"category","embeddable":true,"href":"https:\/\/www.achimbrueckner.de\/freeradio\/php\/wordpress\/index.php?rest_route=%2Fwp%2Fv2%2Fcategories&post=37887"},{"taxonomy":"post_tag","embeddable":true,"href":"https:\/\/www.achimbrueckner.de\/freeradio\/php\/wordpress\/index.php?rest_route=%2Fwp%2Fv2%2Ftags&post=37887"}],"curies":[{"name":"wp","href":"https:\/\/api.w.org\/{rel}","templated":true}]}}