{"id":37919,"date":"2015-01-04T19:05:36","date_gmt":"2015-01-04T19:05:36","guid":{"rendered":"https:\/\/www.achimbrueckner.de\/freeradio\/php\/wordpress\/?p=37919"},"modified":"2015-01-04T19:05:36","modified_gmt":"2015-01-04T19:05:36","slug":"fm-kompakt-neuer-webauftritt","status":"publish","type":"post","link":"https:\/\/www.achimbrueckner.de\/freeradio\/php\/wordpress\/?p=37919","title":{"rendered":"FM Kompakt neuer Webauftritt"},"content":{"rendered":"<p><a href=\"http:\/\/fmkompakt.de\/\" target=\"_blank\">http:\/\/fmkompakt.de\/<\/a><\/p>\n","protected":false},"excerpt":{"rendered":"<p>http:\/\/fmkompakt.de\/<\/p>\n","protected":false},"author":1,"featured_media":0,"comment_status":"open","ping_status":"open","sticky":false,"template":"","format":"standard","meta":{"_jetpack_memberships_contains_paid_content":false,"footnotes":"","jetpack_publicize_message":"","jetpack_publicize_feature_enabled":true,"jetpack_social_post_already_shared":false,"jetpack_social_options":{"image_generator_settings":{"template":"highway","default_image_id":0,"font":"","enabled":false},"version":2}},"categories":[9],"tags":[24,26],"class_list":["post-37919","post","type-post","status-publish","format-standard","hentry","category-links","tag-fm","tag-web"],"jetpack_publicize_connections":[],"jetpack_featured_media_url":"","jetpack_sharing_enabled":true,"jetpack_shortlink":"https:\/\/wp.me\/p5CD59-9RB","jetpack-related-posts":[{"id":23454,"url":"https:\/\/www.achimbrueckner.de\/freeradio\/php\/wordpress\/?p=23454","url_meta":{"origin":37919,"position":0},"title":"Radio Dreyeckland","author":"Administrator","date":"November 16, 2011 10:56","format":false,"excerpt":"Radio Dreyeckland - Erinnerungen auf fm-kompakt http:\/\/fmkompakt.de\/cms\/website.php?id=%2Fde%2Findex%2Fprivatradiostart%2Fbaden_wuumlrttemberg%2Frdl.htm","rel":"","context":"In \"FM\"","block_context":{"text":"FM","link":"https:\/\/www.achimbrueckner.de\/freeradio\/php\/wordpress\/?tag=fm"},"img":{"alt_text":"","src":"","width":0,"height":0},"classes":[]},{"id":18024,"url":"https:\/\/www.achimbrueckner.de\/freeradio\/php\/wordpress\/?p=18024","url_meta":{"origin":37919,"position":1},"title":"Real FM DVD","author":"Administrator","date":"April 23, 2010 21:31","format":false,"excerpt":"Eines der ganz grossen Highlights innerhalb der FR-Szene der letzten Jahre war unbestritten Real FM aus Ostbelgien ! Ab sofort k\u00f6nnt ihr bei FM Kompakt die DVD \"A Tribute to Real FM\" bestellen. Das Ganze zum Selbstkostenpreis von 10,--EUR + 2,50 \u00e2\u201a\u00ac Versand. Die DVD ist in einem hochwertigen Amaray-DVD-Videocase\u2026","rel":"","context":"In \"AM\"","block_context":{"text":"AM","link":"https:\/\/www.achimbrueckner.de\/freeradio\/php\/wordpress\/?tag=am"},"img":{"alt_text":"","src":"","width":0,"height":0},"classes":[]},{"id":28860,"url":"https:\/\/www.achimbrueckner.de\/freeradio\/php\/wordpress\/?p=28860","url_meta":{"origin":37919,"position":2},"title":"FM Kompakt Radiotage 2014","author":"Administrator","date":"September 23, 2013 14:35","format":false,"excerpt":"Ank\u00fcndigung: FM Kompakt Radiotage 2014 Nun ist`s offiziell: Das n\u00e4chste FMK-Treffen findet in S\u00fcdtirol statt. Seit Jahren wurde immer wieder der Wunsch einer \"Radio-Tour\" nach S\u00fcdtirol laut. Ich habe meinen diesj\u00e4hrigen Urlaub nach S\u00fcdtirol damit verbunden, um die ersten Details zu vereinbaren: Das Treffen findet vom Samstag, den 10.5. bis\u2026","rel":"","context":"In &quot;Camps&quot;","block_context":{"text":"Camps","link":"https:\/\/www.achimbrueckner.de\/freeradio\/php\/wordpress\/?cat=6"},"img":{"alt_text":"","src":"","width":0,"height":0},"classes":[]},{"id":13065,"url":"https:\/\/www.achimbrueckner.de\/freeradio\/php\/wordpress\/?p=13065","url_meta":{"origin":37919,"position":3},"title":"FM Kompakt","author":"Administrator","date":"July 24, 2009 21:09","format":false,"excerpt":"FM Kompakt ist via http:\/\/www.fmkompakt.de\/ erreichbar. Noch im Aufbau aber viele Infos aus der Free Radio und S\u00fcdtiroler Szene.","rel":"","context":"In &quot;links&quot;","block_context":{"text":"links","link":"https:\/\/www.achimbrueckner.de\/freeradio\/php\/wordpress\/?cat=9"},"img":{"alt_text":"","src":"","width":0,"height":0},"classes":[]},{"id":23570,"url":"https:\/\/www.achimbrueckner.de\/freeradio\/php\/wordpress\/?p=23570","url_meta":{"origin":37919,"position":4},"title":"Freies Radio Distel","author":"Administrator","date":"November 25, 2011 16:17","format":false,"excerpt":"Freies Radio Distel http:\/\/fmkompakt.de\/cms\/website.php?id=%2Fde%2Findex%2Fbelgien%2Fradio_distel.htm","rel":"","context":"In &quot;links&quot;","block_context":{"text":"links","link":"https:\/\/www.achimbrueckner.de\/freeradio\/php\/wordpress\/?cat=9"},"img":{"alt_text":"","src":"","width":0,"height":0},"classes":[]},{"id":170005,"url":"https:\/\/www.achimbrueckner.de\/freeradio\/php\/wordpress\/?p=170005","url_meta":{"origin":37919,"position":5},"title":"Radio 24 Nostalgie Jahr 1980 Wir sind best\u00fcrzt","author":"Administrator","date":"June 23, 2015 18:25","format":false,"excerpt":"http:\/\/fmkompakt.de\/File1485.PDF","rel":"","context":"In \"FM\"","block_context":{"text":"FM","link":"https:\/\/www.achimbrueckner.de\/freeradio\/php\/wordpress\/?tag=fm"},"img":{"alt_text":"","src":"","width":0,"height":0},"classes":[]}],"_links":{"self":[{"href":"https:\/\/www.achimbrueckner.de\/freeradio\/php\/wordpress\/index.php?rest_route=\/wp\/v2\/posts\/37919","targetHints":{"allow":["GET"]}}],"collection":[{"href":"https:\/\/www.achimbrueckner.de\/freeradio\/php\/wordpress\/index.php?rest_route=\/wp\/v2\/posts"}],"about":[{"href":"https:\/\/www.achimbrueckner.de\/freeradio\/php\/wordpress\/index.php?rest_route=\/wp\/v2\/types\/post"}],"author":[{"embeddable":true,"href":"https:\/\/www.achimbrueckner.de\/freeradio\/php\/wordpress\/index.php?rest_route=\/wp\/v2\/users\/1"}],"replies":[{"embeddable":true,"href":"https:\/\/www.achimbrueckner.de\/freeradio\/php\/wordpress\/index.php?rest_route=%2Fwp%2Fv2%2Fcomments&post=37919"}],"version-history":[{"count":0,"href":"https:\/\/www.achimbrueckner.de\/freeradio\/php\/wordpress\/index.php?rest_route=\/wp\/v2\/posts\/37919\/revisions"}],"wp:attachment":[{"href":"https:\/\/www.achimbrueckner.de\/freeradio\/php\/wordpress\/index.php?rest_route=%2Fwp%2Fv2%2Fmedia&parent=37919"}],"wp:term":[{"taxonomy":"category","embeddable":true,"href":"https:\/\/www.achimbrueckner.de\/freeradio\/php\/wordpress\/index.php?rest_route=%2Fwp%2Fv2%2Fcategories&post=37919"},{"taxonomy":"post_tag","embeddable":true,"href":"https:\/\/www.achimbrueckner.de\/freeradio\/php\/wordpress\/index.php?rest_route=%2Fwp%2Fv2%2Ftags&post=37919"}],"curies":[{"name":"wp","href":"https:\/\/api.w.org\/{rel}","templated":true}]}}