{"id":38307,"date":"2015-01-27T17:57:36","date_gmt":"2015-01-27T17:57:36","guid":{"rendered":"https:\/\/www.achimbrueckner.de\/freeradio\/php\/wordpress\/?p=38307"},"modified":"2015-01-27T17:57:36","modified_gmt":"2015-01-27T17:57:36","slug":"70-jahrestag-der-befreiung-von-auschwitz-die-lange-nacht-der-erinnerung","status":"publish","type":"post","link":"https:\/\/www.achimbrueckner.de\/freeradio\/php\/wordpress\/?p=38307","title":{"rendered":"70. Jahrestag der Befreiung von Auschwitz: &#8220;Die lange Nacht der Erinnerung&#8221;"},"content":{"rendered":"<p><a href=\"http:\/\/www1.wdr.de\/fernsehen\/dokumentation_reportage\/wdr-dok\/sendungen\/lange-nacht-der-erinnerung102.html\" target=\"_blank\">http:\/\/www1.wdr.de\/fernsehen\/dokumentation_reportage\/wdr-dok\/sendungen\/lange-nacht-der-erinnerung102.html<\/a><\/p>\n","protected":false},"excerpt":{"rendered":"<p>http:\/\/www1.wdr.de\/fernsehen\/dokumentation_reportage\/wdr-dok\/sendungen\/lange-nacht-der-erinnerung102.html<\/p>\n","protected":false},"author":1,"featured_media":0,"comment_status":"open","ping_status":"open","sticky":false,"template":"","format":"standard","meta":{"_jetpack_memberships_contains_paid_content":false,"footnotes":"","jetpack_publicize_message":"","jetpack_publicize_feature_enabled":true,"jetpack_social_post_already_shared":true,"jetpack_social_options":{"image_generator_settings":{"template":"highway","default_image_id":0,"font":"","enabled":false},"version":2}},"categories":[44],"tags":[],"class_list":["post-38307","post","type-post","status-publish","format-standard","hentry","category-privatdeutsch"],"jetpack_publicize_connections":[],"jetpack_featured_media_url":"","jetpack_sharing_enabled":true,"jetpack_shortlink":"https:\/\/wp.me\/p5CD59-9XR","jetpack-related-posts":[{"id":25965,"url":"https:\/\/www.achimbrueckner.de\/freeradio\/php\/wordpress\/?p=25965","url_meta":{"origin":38307,"position":0},"title":"H\u00f6rfunktip: Eine andere Art von Rundfunk","author":"Administrator","date":"October 14, 2012 17:15","format":false,"excerpt":"Hallo allerseits, diese Nacht steht beim Deutschlandradio Kultur auf dem Programm: Freispiel 15.10.2012 \u00c2\u00b7 00:05 Uhr Eine andere Art von Rundfunk Reihe \"Formatwandel\" (Ursendung) Feature von Maximilian Netter Piratenradio - das klingt nach selbst zusammengezimmerten Baus\u00e4tzen und heimlicher Aktion. In den 70er-Jahren und zur Zeit der Anti-AKW-Bewegung gab es vielerorts\u2026","rel":"","context":"In \"AM\"","block_context":{"text":"AM","link":"https:\/\/www.achimbrueckner.de\/freeradio\/php\/wordpress\/?tag=am"},"img":{"alt_text":"","src":"","width":0,"height":0},"classes":[]},{"id":40779,"url":"https:\/\/www.achimbrueckner.de\/freeradio\/php\/wordpress\/?p=40779","url_meta":{"origin":38307,"position":1},"title":"Wave-Gotik-Treffen in Leipzig Kreaturen der Nacht","author":"Administrator","date":"May 24, 2015 14:31","format":false,"excerpt":"http:\/\/www.sueddeutsche.de\/panorama\/wave-gotik-treffen-in-leipzig-kreaturen-der-nacht-1.2492430","rel":"","context":"In &quot;privatdeutsch&quot;","block_context":{"text":"privatdeutsch","link":"https:\/\/www.achimbrueckner.de\/freeradio\/php\/wordpress\/?cat=44"},"img":{"alt_text":"","src":"","width":0,"height":0},"classes":[]},{"id":464641,"url":"https:\/\/www.achimbrueckner.de\/freeradio\/php\/wordpress\/?p=464641","url_meta":{"origin":38307,"position":2},"title":"Radio 819 01 01 1989 0000 &#8211; 0100 De nacht &#8211; Hans van der Valk","author":"Administrator","date":"December 31, 2020 15:41","format":false,"excerpt":"https:\/\/www.mixcloud.com\/philip-fioen\/radio-819-01-01-1989-0000-0100-de-nacht-hans-van-der-valk\/","rel":"","context":"Similar post","block_context":{"text":"Similar post","link":""},"img":{"alt_text":"","src":"","width":0,"height":0},"classes":[]},{"id":2870,"url":"https:\/\/www.achimbrueckner.de\/freeradio\/php\/wordpress\/?p=2870","url_meta":{"origin":38307,"position":3},"title":"Radio Spaceman","author":"Administrator","date":"February 8, 2004 22:22","format":false,"excerpt":"Spaceman drehte Samstag nacht seine typische gute Plattenauswahl auf der 3927 Khz. Das Programm war hier meist mit O=3\/4 zu empfangen, verschwand aber zwischendurch im Fading. Spaceman wurde sp\u00e4ter in der Nacht auch in den USA geh\u00f6rt.","rel":"","context":"In &quot;Empfang&quot;","block_context":{"text":"Empfang","link":"https:\/\/www.achimbrueckner.de\/freeradio\/php\/wordpress\/?cat=3"},"img":{"alt_text":"","src":"","width":0,"height":0},"classes":[]},{"id":36672,"url":"https:\/\/www.achimbrueckner.de\/freeradio\/php\/wordpress\/?p=36672","url_meta":{"origin":38307,"position":4},"title":"DRITTE SEEPIRATEN NACHT 6.12.14","author":"Administrator","date":"November 1, 2014 09:48","format":false,"excerpt":"Am 6.12.2014 soll auf Wartburgradio 96,5 die \"DRITTE SEEPIRATEN NACHT\" um 20.00 Uhr noch einmal wiederholt werden. Die G\u00e4ste der Sondersendung PIRATE TIME sollen Peter und Werner Hartwig sein, welche die Sendung NSG-DX auf RNI mit gestalteten. www.wartburgradio.com","rel":"","context":"In \"AM\"","block_context":{"text":"AM","link":"https:\/\/www.achimbrueckner.de\/freeradio\/php\/wordpress\/?tag=am"},"img":{"alt_text":"","src":"","width":0,"height":0},"classes":[]},{"id":35177,"url":"https:\/\/www.achimbrueckner.de\/freeradio\/php\/wordpress\/?p=35177","url_meta":{"origin":38307,"position":5},"title":"3. Seepiraten-Nacht am Samstag, 30. August ab 20 Uhr","author":"Administrator","date":"August 30, 2014 13:32","format":false,"excerpt":"3. Seepiraten-Nacht am Samstag, 30. August ab 20 Uhr: Sondersendung zum 40. Jahrestag des Verbots von Seesendern vor der niederl\u00e4ndischen K\u00fcste von Gunnar Leohnard (Eisenach). Am 31. August 1974 verstummten die ber\u00fchmt-ber\u00fcchtigten Piraten-Radiosender vor der holl\u00e4ndischen K\u00fcste. Radio Veronica, Radio Atlantis und Radio Nordsee International wurden abgeschaltet, Radio Caroline verlagerte\u2026","rel":"","context":"In \"AM\"","block_context":{"text":"AM","link":"https:\/\/www.achimbrueckner.de\/freeradio\/php\/wordpress\/?tag=am"},"img":{"alt_text":"","src":"","width":0,"height":0},"classes":[]}],"_links":{"self":[{"href":"https:\/\/www.achimbrueckner.de\/freeradio\/php\/wordpress\/index.php?rest_route=\/wp\/v2\/posts\/38307","targetHints":{"allow":["GET"]}}],"collection":[{"href":"https:\/\/www.achimbrueckner.de\/freeradio\/php\/wordpress\/index.php?rest_route=\/wp\/v2\/posts"}],"about":[{"href":"https:\/\/www.achimbrueckner.de\/freeradio\/php\/wordpress\/index.php?rest_route=\/wp\/v2\/types\/post"}],"author":[{"embeddable":true,"href":"https:\/\/www.achimbrueckner.de\/freeradio\/php\/wordpress\/index.php?rest_route=\/wp\/v2\/users\/1"}],"replies":[{"embeddable":true,"href":"https:\/\/www.achimbrueckner.de\/freeradio\/php\/wordpress\/index.php?rest_route=%2Fwp%2Fv2%2Fcomments&post=38307"}],"version-history":[{"count":0,"href":"https:\/\/www.achimbrueckner.de\/freeradio\/php\/wordpress\/index.php?rest_route=\/wp\/v2\/posts\/38307\/revisions"}],"wp:attachment":[{"href":"https:\/\/www.achimbrueckner.de\/freeradio\/php\/wordpress\/index.php?rest_route=%2Fwp%2Fv2%2Fmedia&parent=38307"}],"wp:term":[{"taxonomy":"category","embeddable":true,"href":"https:\/\/www.achimbrueckner.de\/freeradio\/php\/wordpress\/index.php?rest_route=%2Fwp%2Fv2%2Fcategories&post=38307"},{"taxonomy":"post_tag","embeddable":true,"href":"https:\/\/www.achimbrueckner.de\/freeradio\/php\/wordpress\/index.php?rest_route=%2Fwp%2Fv2%2Ftags&post=38307"}],"curies":[{"name":"wp","href":"https:\/\/api.w.org\/{rel}","templated":true}]}}