{"id":38643,"date":"2015-02-14T22:11:38","date_gmt":"2015-02-14T22:11:38","guid":{"rendered":"https:\/\/www.achimbrueckner.de\/freeradio\/php\/wordpress\/?p=38643"},"modified":"2015-02-14T22:11:58","modified_gmt":"2015-02-14T22:11:58","slug":"klabautern-de-die-seite-rund-um-piraterie-freibeutertum-und-seerauberromantik","status":"publish","type":"post","link":"https:\/\/www.achimbrueckner.de\/freeradio\/php\/wordpress\/?p=38643","title":{"rendered":"Klabautern.de Die Seite rund um Piraterie, Freibeutertum und Seer\u00e4uberromantik."},"content":{"rendered":"<p><a href=\"http:\/\/www.klabautern.de\/\" target=\"_blank\">http:\/\/www.klabautern.de\/<\/a><\/p>\n","protected":false},"excerpt":{"rendered":"<p>http:\/\/www.klabautern.de\/<\/p>\n","protected":false},"author":1,"featured_media":0,"comment_status":"open","ping_status":"open","sticky":false,"template":"","format":"standard","meta":{"_jetpack_memberships_contains_paid_content":false,"footnotes":"","jetpack_publicize_message":"","jetpack_publicize_feature_enabled":true,"jetpack_social_post_already_shared":true,"jetpack_social_options":{"image_generator_settings":{"template":"highway","default_image_id":0,"font":"","enabled":false},"version":2}},"categories":[44],"tags":[],"class_list":["post-38643","post","type-post","status-publish","format-standard","hentry","category-privatdeutsch"],"jetpack_publicize_connections":[],"jetpack_featured_media_url":"","jetpack_sharing_enabled":true,"jetpack_shortlink":"https:\/\/wp.me\/p5CD59-a3h","jetpack-related-posts":[{"id":457075,"url":"https:\/\/www.achimbrueckner.de\/freeradio\/php\/wordpress\/?p=457075","url_meta":{"origin":38643,"position":0},"title":"Roger Kirks \u201eFree Radio Fanzine\u201c","author":"Administrator","date":"October 27, 2017 15:12","format":false,"excerpt":"http:\/\/www.addx-verlag.de\/ Zitat von der Webseite: Roger Kirk, ein Name, der f\u00fcr deutsche Radiogeschichte steht. Gepr\u00e4gt von den einstigen Seesendern wurde er selbst zum Radiopionier. Roger startete am 17. September 1983 die Kurzwellenmusikstation Radio Victoria International (RV). Roger war mit RV gnadenlos der Zeit voraus: Bevor der Privatfunk in Deutschland startete,\u2026","rel":"","context":"In \"AM\"","block_context":{"text":"AM","link":"https:\/\/www.achimbrueckner.de\/freeradio\/php\/wordpress\/?tag=am"},"img":{"alt_text":"","src":"","width":0,"height":0},"classes":[]},{"id":447206,"url":"https:\/\/www.achimbrueckner.de\/freeradio\/php\/wordpress\/?p=447206","url_meta":{"origin":38643,"position":1},"title":"Tour zum 50. Jubil\u00e4um Scorpions rocken in der Westfalenhalle","author":"Administrator","date":"March 19, 2016 10:47","format":false,"excerpt":"Gestern beim Scorpions-Konzert in Dortmund gewesen. Tolle B\u00fchnenshow und die Altstars rocken. http:\/\/www.ruhrnachrichten.de\/leben-und-erleben\/unterhaltung\/region_erleben\/Tour-zum-50-Jubilaeum-Scorpions-rocken-in-der-Westfalenhalle;art113037,2974620","rel":"","context":"In &quot;privatdeutsch&quot;","block_context":{"text":"privatdeutsch","link":"https:\/\/www.achimbrueckner.de\/freeradio\/php\/wordpress\/?cat=44"},"img":{"alt_text":"","src":"","width":0,"height":0},"classes":[]},{"id":36622,"url":"https:\/\/www.achimbrueckner.de\/freeradio\/php\/wordpress\/?p=36622","url_meta":{"origin":38643,"position":2},"title":"Grafikpower f\u00fcr dein Projekt: Die 15 besten Seiten f\u00fcr kostenlose Icons und Icon-Fonts","author":"Administrator","date":"October 28, 2014 14:32","format":false,"excerpt":"http:\/\/t3n.de\/news\/kostenlose-icons-finder-font-generatoren-574542\/","rel":"","context":"In &quot;privatdeutsch&quot;","block_context":{"text":"privatdeutsch","link":"https:\/\/www.achimbrueckner.de\/freeradio\/php\/wordpress\/?cat=44"},"img":{"alt_text":"","src":"","width":0,"height":0},"classes":[]},{"id":38151,"url":"https:\/\/www.achimbrueckner.de\/freeradio\/php\/wordpress\/?p=38151","url_meta":{"origin":38643,"position":3},"title":"Demo: Lippe f\u00fcr Demokratie und Meinungsfreiheit","author":"Administrator","date":"January 17, 2015 15:49","format":false,"excerpt":"http:\/\/www.lz.de\/lippe\/kreis_lippe\/20308581_Demo-Lippe-fuer-Demokratie-und-Meinungsfreiheit.html","rel":"","context":"In &quot;privatdeutsch&quot;","block_context":{"text":"privatdeutsch","link":"https:\/\/www.achimbrueckner.de\/freeradio\/php\/wordpress\/?cat=44"},"img":{"alt_text":"","src":"","width":0,"height":0},"classes":[]},{"id":29381,"url":"https:\/\/www.achimbrueckner.de\/freeradio\/php\/wordpress\/?p=29381","url_meta":{"origin":38643,"position":4},"title":"Radio 322 greek pirate radio","author":"Administrator","date":"November 2, 2013 23:05","format":false,"excerpt":"Hallo ! Heute erhielt ich eine Antwort von Radio 322, einem griechischen Piraten, der auf 1287 kHz und im Internet aktiv ist, mit folgenden Infos: Gesendet wird t\u00e4glich rund um die Uhr mit 700 Watt \u00fcber eine 20m Vertical-Antenne aus Athen. Web: www.radio322.gr Info via A-DX","rel":"","context":"In &quot;links&quot;","block_context":{"text":"links","link":"https:\/\/www.achimbrueckner.de\/freeradio\/php\/wordpress\/?cat=9"},"img":{"alt_text":"","src":"","width":0,"height":0},"classes":[]},{"id":462196,"url":"https:\/\/www.achimbrueckner.de\/freeradio\/php\/wordpress\/?p=462196","url_meta":{"origin":38643,"position":5},"title":"Bundesnetzagentur kl\u00e4rt 2019 fast 4.000 Funkst\u00f6rungen auf","author":"Administrator","date":"January 2, 2020 14:42","format":false,"excerpt":"Bundesnetzagentur kl\u00e4rt 2019 fast 4.000 Funkst\u00f6rungen auf PM der BNA: Vizepr\u00e4sident Franke: \u201eErfreulich wenig St\u00f6rungen gemeldet\u201c Der Pr\u00fcf- und Messdienst der Bundesnetzagentur hat im Jahr 2019 fast 4.000 Funkst\u00f6rungen und elektromagnetische Unvertr\u00e4glichkeiten vor Ort aufgekl\u00e4rt und die Beseitigung begleitet. \u201eWir stellen sicher, dass in Deutschland Frequenzen effizient und st\u00f6rungsfrei nutzbar\u2026","rel":"","context":"Similar post","block_context":{"text":"Similar post","link":""},"img":{"alt_text":"","src":"","width":0,"height":0},"classes":[]}],"_links":{"self":[{"href":"https:\/\/www.achimbrueckner.de\/freeradio\/php\/wordpress\/index.php?rest_route=\/wp\/v2\/posts\/38643","targetHints":{"allow":["GET"]}}],"collection":[{"href":"https:\/\/www.achimbrueckner.de\/freeradio\/php\/wordpress\/index.php?rest_route=\/wp\/v2\/posts"}],"about":[{"href":"https:\/\/www.achimbrueckner.de\/freeradio\/php\/wordpress\/index.php?rest_route=\/wp\/v2\/types\/post"}],"author":[{"embeddable":true,"href":"https:\/\/www.achimbrueckner.de\/freeradio\/php\/wordpress\/index.php?rest_route=\/wp\/v2\/users\/1"}],"replies":[{"embeddable":true,"href":"https:\/\/www.achimbrueckner.de\/freeradio\/php\/wordpress\/index.php?rest_route=%2Fwp%2Fv2%2Fcomments&post=38643"}],"version-history":[{"count":0,"href":"https:\/\/www.achimbrueckner.de\/freeradio\/php\/wordpress\/index.php?rest_route=\/wp\/v2\/posts\/38643\/revisions"}],"wp:attachment":[{"href":"https:\/\/www.achimbrueckner.de\/freeradio\/php\/wordpress\/index.php?rest_route=%2Fwp%2Fv2%2Fmedia&parent=38643"}],"wp:term":[{"taxonomy":"category","embeddable":true,"href":"https:\/\/www.achimbrueckner.de\/freeradio\/php\/wordpress\/index.php?rest_route=%2Fwp%2Fv2%2Fcategories&post=38643"},{"taxonomy":"post_tag","embeddable":true,"href":"https:\/\/www.achimbrueckner.de\/freeradio\/php\/wordpress\/index.php?rest_route=%2Fwp%2Fv2%2Ftags&post=38643"}],"curies":[{"name":"wp","href":"https:\/\/api.w.org\/{rel}","templated":true}]}}