{"id":39928,"date":"2015-04-18T16:04:36","date_gmt":"2015-04-18T16:04:36","guid":{"rendered":"https:\/\/www.achimbrueckner.de\/freeradio\/php\/wordpress\/?p=39928"},"modified":"2015-04-18T16:20:38","modified_gmt":"2015-04-18T16:20:38","slug":"impressionen-mittelalterspektakel-warburg-2015","status":"publish","type":"post","link":"https:\/\/www.achimbrueckner.de\/freeradio\/php\/wordpress\/?p=39928","title":{"rendered":"Impressionen Mittelalterspektakel Warburg 2015"},"content":{"rendered":"<p><a href=\"https:\/\/www.achimbrueckner.de\/private\/gallery\/thumbnails.php?album=71\" >https:\/\/www.achimbrueckner.de\/private\/gallery\/thumbnails.php?album=71<\/a><\/p>\n<p><img decoding=\"async\" src=\"https:\/\/www.achimbrueckner.de\/private\/gallery\/albums\/mittelalter\/warburg2015\/DSCN1867.JPG\" alt=\"Warburg 2015\" \/><\/p>\n","protected":false},"excerpt":{"rendered":"<p>https:\/\/www.achimbrueckner.de\/private\/gallery\/thumbnails.php?album=71<\/p>\n","protected":false},"author":1,"featured_media":0,"comment_status":"open","ping_status":"open","sticky":false,"template":"","format":"standard","meta":{"_jetpack_memberships_contains_paid_content":false,"footnotes":"","jetpack_publicize_message":"","jetpack_publicize_feature_enabled":true,"jetpack_social_post_already_shared":true,"jetpack_social_options":{"image_generator_settings":{"template":"highway","default_image_id":0,"font":"","enabled":false},"version":2}},"categories":[37],"tags":[],"class_list":["post-39928","post","type-post","status-publish","format-standard","hentry","category-privat"],"jetpack_publicize_connections":[],"jetpack_featured_media_url":"","jetpack_sharing_enabled":true,"jetpack_shortlink":"https:\/\/wp.me\/p5CD59-ao0","jetpack-related-posts":[{"id":425440,"url":"https:\/\/www.achimbrueckner.de\/freeradio\/php\/wordpress\/?p=425440","url_meta":{"origin":39928,"position":0},"title":"Mittelalter Sparrenburg 2015","author":"Administrator","date":"July 24, 2015 16:11","format":false,"excerpt":"Tolles Mittelalterspektakel auf der Sparrenburg Bielefeld: https:\/\/www.achimbrueckner.de\/private\/gallery\/thumbnails.php?album=87","rel":"","context":"In &quot;privat&quot;","block_context":{"text":"privat","link":"https:\/\/www.achimbrueckner.de\/freeradio\/php\/wordpress\/?cat=37"},"img":{"alt_text":"","src":"","width":0,"height":0},"classes":[]},{"id":34794,"url":"https:\/\/www.achimbrueckner.de\/freeradio\/php\/wordpress\/?p=34794","url_meta":{"origin":39928,"position":1},"title":"Lemgo 2014","author":"Administrator","date":"July 26, 2014 10:12","format":false,"excerpt":"Impressionen Lemgo 2014 https:\/\/www.achimbrueckner.de\/private\/gallery\/thumbnails.php?album=61","rel":"","context":"In &quot;privat&quot;","block_context":{"text":"privat","link":"https:\/\/www.achimbrueckner.de\/freeradio\/php\/wordpress\/?cat=37"},"img":{"alt_text":"","src":"","width":0,"height":0},"classes":[]},{"id":154576,"url":"https:\/\/www.achimbrueckner.de\/freeradio\/php\/wordpress\/?p=154576","url_meta":{"origin":39928,"position":2},"title":"Lemgo Oldtimer 2015","author":"Administrator","date":"June 21, 2015 18:14","format":false,"excerpt":"Heute Mittag bei den Oldtimern in Lemgo gewesen: https:\/\/www.achimbrueckner.de\/private\/gallery\/thumbnails.php?album=80","rel":"","context":"In &quot;privat&quot;","block_context":{"text":"privat","link":"https:\/\/www.achimbrueckner.de\/freeradio\/php\/wordpress\/?cat=37"},"img":{"alt_text":"","src":"","width":0,"height":0},"classes":[]},{"id":101279,"url":"https:\/\/www.achimbrueckner.de\/freeradio\/php\/wordpress\/?p=101279","url_meta":{"origin":39928,"position":3},"title":"Mittelaltermarkt L\u00fcgde 2015","author":"Administrator","date":"June 14, 2015 15:46","format":false,"excerpt":"Heute mittag bei einen sch\u00f6nen Mittelaltermarkt in L\u00fcgde an den Emmerauen gewesen. https:\/\/www.achimbrueckner.de\/private\/gallery\/thumbnails.php?album=78","rel":"","context":"In &quot;privat&quot;","block_context":{"text":"privat","link":"https:\/\/www.achimbrueckner.de\/freeradio\/php\/wordpress\/?cat=37"},"img":{"alt_text":"","src":"","width":0,"height":0},"classes":[]},{"id":101278,"url":"https:\/\/www.achimbrueckner.de\/freeradio\/php\/wordpress\/?p=101278","url_meta":{"origin":39928,"position":4},"title":"Lage Oldtimer Ausfahrt 2015","author":"Administrator","date":"June 14, 2015 15:41","format":false,"excerpt":"Heute morgen bei der Oldtimerausfahrt in Lage gewesen. https:\/\/www.achimbrueckner.de\/private\/gallery\/thumbnails.php?album=79","rel":"","context":"In &quot;privat&quot;","block_context":{"text":"privat","link":"https:\/\/www.achimbrueckner.de\/freeradio\/php\/wordpress\/?cat=37"},"img":{"alt_text":"","src":"","width":0,"height":0},"classes":[]},{"id":393283,"url":"https:\/\/www.achimbrueckner.de\/freeradio\/php\/wordpress\/?p=393283","url_meta":{"origin":39928,"position":5},"title":"Dino Park 2015","author":"Administrator","date":"July 20, 2015 19:08","format":false,"excerpt":"Heute mal wieder im Dinosaurierpark M\u00fcnchehagen N\u00e4he Steinhuder Meer gewesen. https:\/\/www.achimbrueckner.de\/private\/gallery\/thumbnails.php?album=83","rel":"","context":"In &quot;privat&quot;","block_context":{"text":"privat","link":"https:\/\/www.achimbrueckner.de\/freeradio\/php\/wordpress\/?cat=37"},"img":{"alt_text":"","src":"","width":0,"height":0},"classes":[]}],"_links":{"self":[{"href":"https:\/\/www.achimbrueckner.de\/freeradio\/php\/wordpress\/index.php?rest_route=\/wp\/v2\/posts\/39928","targetHints":{"allow":["GET"]}}],"collection":[{"href":"https:\/\/www.achimbrueckner.de\/freeradio\/php\/wordpress\/index.php?rest_route=\/wp\/v2\/posts"}],"about":[{"href":"https:\/\/www.achimbrueckner.de\/freeradio\/php\/wordpress\/index.php?rest_route=\/wp\/v2\/types\/post"}],"author":[{"embeddable":true,"href":"https:\/\/www.achimbrueckner.de\/freeradio\/php\/wordpress\/index.php?rest_route=\/wp\/v2\/users\/1"}],"replies":[{"embeddable":true,"href":"https:\/\/www.achimbrueckner.de\/freeradio\/php\/wordpress\/index.php?rest_route=%2Fwp%2Fv2%2Fcomments&post=39928"}],"version-history":[{"count":0,"href":"https:\/\/www.achimbrueckner.de\/freeradio\/php\/wordpress\/index.php?rest_route=\/wp\/v2\/posts\/39928\/revisions"}],"wp:attachment":[{"href":"https:\/\/www.achimbrueckner.de\/freeradio\/php\/wordpress\/index.php?rest_route=%2Fwp%2Fv2%2Fmedia&parent=39928"}],"wp:term":[{"taxonomy":"category","embeddable":true,"href":"https:\/\/www.achimbrueckner.de\/freeradio\/php\/wordpress\/index.php?rest_route=%2Fwp%2Fv2%2Fcategories&post=39928"},{"taxonomy":"post_tag","embeddable":true,"href":"https:\/\/www.achimbrueckner.de\/freeradio\/php\/wordpress\/index.php?rest_route=%2Fwp%2Fv2%2Ftags&post=39928"}],"curies":[{"name":"wp","href":"https:\/\/api.w.org\/{rel}","templated":true}]}}