{"id":40457,"date":"2015-05-09T12:48:16","date_gmt":"2015-05-09T12:48:16","guid":{"rendered":"https:\/\/www.achimbrueckner.de\/freeradio\/php\/wordpress\/?p=40457"},"modified":"2015-05-09T12:48:16","modified_gmt":"2015-05-09T12:48:16","slug":"augustdorf-2015","status":"publish","type":"post","link":"https:\/\/www.achimbrueckner.de\/freeradio\/php\/wordpress\/?p=40457","title":{"rendered":"Augustdorf 2015"},"content":{"rendered":"<p><a href=\"https:\/\/www.achimbrueckner.de\/private\/gallery\/thumbnails.php?album=73\">https:\/\/www.achimbrueckner.de\/private\/gallery\/thumbnails.php?album=73<\/a><\/p>\n<p><img decoding=\"async\" src=\"https:\/\/www.achimbrueckner.de\/private\/gallery\/albums\/ausflug\/soldatentag2015\/DSCN1913.JPG\" alt=\"\" \/><\/p>\n","protected":false},"excerpt":{"rendered":"<p>https:\/\/www.achimbrueckner.de\/private\/gallery\/thumbnails.php?album=73<\/p>\n","protected":false},"author":1,"featured_media":0,"comment_status":"open","ping_status":"open","sticky":false,"template":"","format":"standard","meta":{"_jetpack_memberships_contains_paid_content":false,"footnotes":"","jetpack_publicize_message":"","jetpack_publicize_feature_enabled":true,"jetpack_social_post_already_shared":true,"jetpack_social_options":{"image_generator_settings":{"template":"highway","default_image_id":0,"font":"","enabled":false},"version":2}},"categories":[37],"tags":[],"class_list":["post-40457","post","type-post","status-publish","format-standard","hentry","category-privat"],"jetpack_publicize_connections":[],"jetpack_featured_media_url":"","jetpack_sharing_enabled":true,"jetpack_shortlink":"https:\/\/wp.me\/p5CD59-awx","jetpack-related-posts":[{"id":154576,"url":"https:\/\/www.achimbrueckner.de\/freeradio\/php\/wordpress\/?p=154576","url_meta":{"origin":40457,"position":0},"title":"Lemgo Oldtimer 2015","author":"Administrator","date":"June 21, 2015 18:14","format":false,"excerpt":"Heute Mittag bei den Oldtimern in Lemgo gewesen: https:\/\/www.achimbrueckner.de\/private\/gallery\/thumbnails.php?album=80","rel":"","context":"In &quot;privat&quot;","block_context":{"text":"privat","link":"https:\/\/www.achimbrueckner.de\/freeradio\/php\/wordpress\/?cat=37"},"img":{"alt_text":"","src":"","width":0,"height":0},"classes":[]},{"id":101279,"url":"https:\/\/www.achimbrueckner.de\/freeradio\/php\/wordpress\/?p=101279","url_meta":{"origin":40457,"position":1},"title":"Mittelaltermarkt L\u00fcgde 2015","author":"Administrator","date":"June 14, 2015 15:46","format":false,"excerpt":"Heute mittag bei einen sch\u00f6nen Mittelaltermarkt in L\u00fcgde an den Emmerauen gewesen. https:\/\/www.achimbrueckner.de\/private\/gallery\/thumbnails.php?album=78","rel":"","context":"In &quot;privat&quot;","block_context":{"text":"privat","link":"https:\/\/www.achimbrueckner.de\/freeradio\/php\/wordpress\/?cat=37"},"img":{"alt_text":"","src":"","width":0,"height":0},"classes":[]},{"id":101278,"url":"https:\/\/www.achimbrueckner.de\/freeradio\/php\/wordpress\/?p=101278","url_meta":{"origin":40457,"position":2},"title":"Lage Oldtimer Ausfahrt 2015","author":"Administrator","date":"June 14, 2015 15:41","format":false,"excerpt":"Heute morgen bei der Oldtimerausfahrt in Lage gewesen. https:\/\/www.achimbrueckner.de\/private\/gallery\/thumbnails.php?album=79","rel":"","context":"In &quot;privat&quot;","block_context":{"text":"privat","link":"https:\/\/www.achimbrueckner.de\/freeradio\/php\/wordpress\/?cat=37"},"img":{"alt_text":"","src":"","width":0,"height":0},"classes":[]},{"id":393283,"url":"https:\/\/www.achimbrueckner.de\/freeradio\/php\/wordpress\/?p=393283","url_meta":{"origin":40457,"position":3},"title":"Dino Park 2015","author":"Administrator","date":"July 20, 2015 19:08","format":false,"excerpt":"Heute mal wieder im Dinosaurierpark M\u00fcnchehagen N\u00e4he Steinhuder Meer gewesen. https:\/\/www.achimbrueckner.de\/private\/gallery\/thumbnails.php?album=83","rel":"","context":"In &quot;privat&quot;","block_context":{"text":"privat","link":"https:\/\/www.achimbrueckner.de\/freeradio\/php\/wordpress\/?cat=37"},"img":{"alt_text":"","src":"","width":0,"height":0},"classes":[]},{"id":35287,"url":"https:\/\/www.achimbrueckner.de\/freeradio\/php\/wordpress\/?p=35287","url_meta":{"origin":40457,"position":4},"title":"Recent Private Gallery Update","author":"Administrator","date":"September 6, 2014 15:36","format":false,"excerpt":"Some trips around Detmold: Lippstadt, Geseke Oldtimer Cars, Hameln: Lippstadt: https:\/\/www.achimbrueckner.de\/private\/gallery\/thumbnails.php?album=67 Geseke Oldtimer Cars: https:\/\/www.achimbrueckner.de\/private\/gallery\/thumbnails.php?album=66 Hameln: https:\/\/www.achimbrueckner.de\/private\/gallery\/thumbnails.php?album=65","rel":"","context":"In &quot;privat&quot;","block_context":{"text":"privat","link":"https:\/\/www.achimbrueckner.de\/freeradio\/php\/wordpress\/?cat=37"},"img":{"alt_text":"","src":"","width":0,"height":0},"classes":[]},{"id":34788,"url":"https:\/\/www.achimbrueckner.de\/freeradio\/php\/wordpress\/?p=34788","url_meta":{"origin":40457,"position":5},"title":"Geseke 2014","author":"Administrator","date":"June 10, 2014 15:43","format":false,"excerpt":"Bilder aus Geseke 2014: https:\/\/www.achimbrueckner.de\/private\/gallery\/thumbnails.php?album=55 Bilder Goesselkirmes Geseke 2014: https:\/\/www.achimbrueckner.de\/private\/gallery\/thumbnails.php?album=54","rel":"","context":"In &quot;privat&quot;","block_context":{"text":"privat","link":"https:\/\/www.achimbrueckner.de\/freeradio\/php\/wordpress\/?cat=37"},"img":{"alt_text":"","src":"","width":0,"height":0},"classes":[]}],"_links":{"self":[{"href":"https:\/\/www.achimbrueckner.de\/freeradio\/php\/wordpress\/index.php?rest_route=\/wp\/v2\/posts\/40457","targetHints":{"allow":["GET"]}}],"collection":[{"href":"https:\/\/www.achimbrueckner.de\/freeradio\/php\/wordpress\/index.php?rest_route=\/wp\/v2\/posts"}],"about":[{"href":"https:\/\/www.achimbrueckner.de\/freeradio\/php\/wordpress\/index.php?rest_route=\/wp\/v2\/types\/post"}],"author":[{"embeddable":true,"href":"https:\/\/www.achimbrueckner.de\/freeradio\/php\/wordpress\/index.php?rest_route=\/wp\/v2\/users\/1"}],"replies":[{"embeddable":true,"href":"https:\/\/www.achimbrueckner.de\/freeradio\/php\/wordpress\/index.php?rest_route=%2Fwp%2Fv2%2Fcomments&post=40457"}],"version-history":[{"count":0,"href":"https:\/\/www.achimbrueckner.de\/freeradio\/php\/wordpress\/index.php?rest_route=\/wp\/v2\/posts\/40457\/revisions"}],"wp:attachment":[{"href":"https:\/\/www.achimbrueckner.de\/freeradio\/php\/wordpress\/index.php?rest_route=%2Fwp%2Fv2%2Fmedia&parent=40457"}],"wp:term":[{"taxonomy":"category","embeddable":true,"href":"https:\/\/www.achimbrueckner.de\/freeradio\/php\/wordpress\/index.php?rest_route=%2Fwp%2Fv2%2Fcategories&post=40457"},{"taxonomy":"post_tag","embeddable":true,"href":"https:\/\/www.achimbrueckner.de\/freeradio\/php\/wordpress\/index.php?rest_route=%2Fwp%2Fv2%2Ftags&post=40457"}],"curies":[{"name":"wp","href":"https:\/\/api.w.org\/{rel}","templated":true}]}}