{"id":43232,"date":"2015-06-06T17:37:14","date_gmt":"2015-06-06T17:37:14","guid":{"rendered":"https:\/\/www.achimbrueckner.de\/freeradio\/php\/wordpress\/?p=43232"},"modified":"2015-06-06T17:37:14","modified_gmt":"2015-06-06T17:37:14","slug":"bielefeld-2-000-akteure-beim-carnival-der-kulturen","status":"publish","type":"post","link":"https:\/\/www.achimbrueckner.de\/freeradio\/php\/wordpress\/?p=43232","title":{"rendered":"BIELEFELD 2.000 Akteure beim Carnival der Kulturen"},"content":{"rendered":"<p><a href=\"http:\/\/www.nw.de\/lokal\/bielefeld\/mitte\/mitte\/20479611_2.000-Akteure-beim-Carnival-der-Kulturen.html\" target=\"_blank\">http:\/\/www.nw.de\/lokal\/bielefeld\/mitte\/mitte\/20479611_2.000-Akteure-beim-Carnival-der-Kulturen.html<\/a><\/p>\n","protected":false},"excerpt":{"rendered":"<p>http:\/\/www.nw.de\/lokal\/bielefeld\/mitte\/mitte\/20479611_2.000-Akteure-beim-Carnival-der-Kulturen.html<\/p>\n","protected":false},"author":1,"featured_media":0,"comment_status":"open","ping_status":"open","sticky":false,"template":"","format":"standard","meta":{"_jetpack_memberships_contains_paid_content":false,"footnotes":"","jetpack_publicize_message":"","jetpack_publicize_feature_enabled":true,"jetpack_social_post_already_shared":true,"jetpack_social_options":{"image_generator_settings":{"template":"highway","default_image_id":0,"font":"","enabled":false},"version":2}},"categories":[44],"tags":[],"class_list":["post-43232","post","type-post","status-publish","format-standard","hentry","category-privatdeutsch"],"jetpack_publicize_connections":[],"jetpack_featured_media_url":"","jetpack_sharing_enabled":true,"jetpack_shortlink":"https:\/\/wp.me\/p5CD59-bfi","jetpack-related-posts":[{"id":34786,"url":"https:\/\/www.achimbrueckner.de\/freeradio\/php\/wordpress\/?p=34786","url_meta":{"origin":43232,"position":0},"title":"Carnival der Kulturen Bielefeld 2014","author":"Administrator","date":"June 10, 2014 15:38","format":false,"excerpt":"Bilder vom Carnival der Kulturen 2014 in Bielefeld: https:\/\/www.achimbrueckner.de\/private\/gallery\/thumbnails.php?album=53","rel":"","context":"In &quot;privat&quot;","block_context":{"text":"privat","link":"https:\/\/www.achimbrueckner.de\/freeradio\/php\/wordpress\/?cat=37"},"img":{"alt_text":"","src":"","width":0,"height":0},"classes":[]},{"id":40718,"url":"https:\/\/www.achimbrueckner.de\/freeradio\/php\/wordpress\/?p=40718","url_meta":{"origin":43232,"position":1},"title":"BIELEFELD Leinewebermarkt mit 1.000 Akteuren","author":"Administrator","date":"May 21, 2015 16:41","format":false,"excerpt":"http:\/\/www.nw.de\/lokal\/bielefeld\/mitte\/mitte\/20465419_Leinewebermarkt-mit-1.000-Akteuren.html","rel":"","context":"In &quot;privatdeutsch&quot;","block_context":{"text":"privatdeutsch","link":"https:\/\/www.achimbrueckner.de\/freeradio\/php\/wordpress\/?cat=44"},"img":{"alt_text":"","src":"","width":0,"height":0},"classes":[]},{"id":459374,"url":"https:\/\/www.achimbrueckner.de\/freeradio\/php\/wordpress\/?p=459374","url_meta":{"origin":43232,"position":2},"title":"Erfinder will mit Knaller ins TV","author":"Administrator","date":"October 19, 2018 13:08","format":false,"excerpt":"https:\/\/www.nw.de\/lokal\/bielefeld\/mitte\/22272280_Erfinder-will-mit-Knaller-ins-TV.html","rel":"","context":"Similar post","block_context":{"text":"Similar post","link":""},"img":{"alt_text":"","src":"","width":0,"height":0},"classes":[]},{"id":444539,"url":"https:\/\/www.achimbrueckner.de\/freeradio\/php\/wordpress\/?p=444539","url_meta":{"origin":43232,"position":3},"title":"Bielefeld: Apocalyptica nehmen den Ringlokschuppen auseinander","author":"Administrator","date":"October 4, 2015 20:08","format":false,"excerpt":"Gestern beim Konzert von Apocalyptica im Ringlokschuppen gewesen: http:\/\/www.nw.de\/fotos\/fotostrecken\/20587517_Bielefeld-Apocalyptica-nehmen-den-Ringlokschuppen-auseinander.html","rel":"","context":"In &quot;privatdeutsch&quot;","block_context":{"text":"privatdeutsch","link":"https:\/\/www.achimbrueckner.de\/freeradio\/php\/wordpress\/?cat=44"},"img":{"alt_text":"","src":"","width":0,"height":0},"classes":[]},{"id":459745,"url":"https:\/\/www.achimbrueckner.de\/freeradio\/php\/wordpress\/?p=459745","url_meta":{"origin":43232,"position":4},"title":"\u00bbSubway to Sally\u00ab feiern im Lokschuppen: Eisblumen, Feuer und Schatten","author":"Administrator","date":"December 29, 2018 16:17","format":false,"excerpt":"https:\/\/www.westfalen-blatt.de\/OWL\/Bielefeld\/Bielefeld\/3599043-1500-Mittelalter-Folk-Fans-und-viele-Bands-bei-der-zehnten-Eisheilige-Nacht-Subway-to-Sally-feiern-im-Lokschuppen-Eisblumen-Feuer-und-Schatten","rel":"","context":"In &quot;privatdeutsch&quot;","block_context":{"text":"privatdeutsch","link":"https:\/\/www.achimbrueckner.de\/freeradio\/php\/wordpress\/?cat=44"},"img":{"alt_text":"","src":"","width":0,"height":0},"classes":[]},{"id":447925,"url":"https:\/\/www.achimbrueckner.de\/freeradio\/php\/wordpress\/?p=447925","url_meta":{"origin":43232,"position":5},"title":"Arminia Bielefeld F\u00fcrth Sch\u00fcco Arena","author":"Administrator","date":"April 24, 2016 17:15","format":false,"excerpt":"Am 24. April 2016 in der Sch\u00fcco Arena gewesen. 4:2 gegen Greuther F\u00fcrth Klassenerhalt 2. Liga geschafft. Tolle Stimmung. http:\/\/www.westfalen-blatt.de\/OWL\/Fotos\/DSC-Arminia-Bielefeld\/31.-Spieltag-DSC-Arminia-vs.-SpVgg-Greuther-Fuerth","rel":"","context":"In &quot;privatdeutsch&quot;","block_context":{"text":"privatdeutsch","link":"https:\/\/www.achimbrueckner.de\/freeradio\/php\/wordpress\/?cat=44"},"img":{"alt_text":"","src":"","width":0,"height":0},"classes":[]}],"_links":{"self":[{"href":"https:\/\/www.achimbrueckner.de\/freeradio\/php\/wordpress\/index.php?rest_route=\/wp\/v2\/posts\/43232","targetHints":{"allow":["GET"]}}],"collection":[{"href":"https:\/\/www.achimbrueckner.de\/freeradio\/php\/wordpress\/index.php?rest_route=\/wp\/v2\/posts"}],"about":[{"href":"https:\/\/www.achimbrueckner.de\/freeradio\/php\/wordpress\/index.php?rest_route=\/wp\/v2\/types\/post"}],"author":[{"embeddable":true,"href":"https:\/\/www.achimbrueckner.de\/freeradio\/php\/wordpress\/index.php?rest_route=\/wp\/v2\/users\/1"}],"replies":[{"embeddable":true,"href":"https:\/\/www.achimbrueckner.de\/freeradio\/php\/wordpress\/index.php?rest_route=%2Fwp%2Fv2%2Fcomments&post=43232"}],"version-history":[{"count":0,"href":"https:\/\/www.achimbrueckner.de\/freeradio\/php\/wordpress\/index.php?rest_route=\/wp\/v2\/posts\/43232\/revisions"}],"wp:attachment":[{"href":"https:\/\/www.achimbrueckner.de\/freeradio\/php\/wordpress\/index.php?rest_route=%2Fwp%2Fv2%2Fmedia&parent=43232"}],"wp:term":[{"taxonomy":"category","embeddable":true,"href":"https:\/\/www.achimbrueckner.de\/freeradio\/php\/wordpress\/index.php?rest_route=%2Fwp%2Fv2%2Fcategories&post=43232"},{"taxonomy":"post_tag","embeddable":true,"href":"https:\/\/www.achimbrueckner.de\/freeradio\/php\/wordpress\/index.php?rest_route=%2Fwp%2Fv2%2Ftags&post=43232"}],"curies":[{"name":"wp","href":"https:\/\/api.w.org\/{rel}","templated":true}]}}