{"id":443621,"date":"2015-07-30T18:59:37","date_gmt":"2015-07-30T18:59:37","guid":{"rendered":"https:\/\/www.achimbrueckner.de\/freeradio\/php\/wordpress\/?p=443621"},"modified":"2015-07-30T18:59:37","modified_gmt":"2015-07-30T18:59:37","slug":"bad-pyrmont-2015","status":"publish","type":"post","link":"https:\/\/www.achimbrueckner.de\/freeradio\/php\/wordpress\/?p=443621","title":{"rendered":"Bad Pyrmont 2015"},"content":{"rendered":"<p>Ein sch\u00f6ner Tag in Bad Pyrmont.<\/p>\n<p><a href=\"https:\/\/www.achimbrueckner.de\/private\/gallery\/thumbnails.php?album=88\">https:\/\/www.achimbrueckner.de\/private\/gallery\/thumbnails.php?album=88<\/a><\/p>\n<p><img decoding=\"async\" src=\"https:\/\/www.achimbrueckner.de\/private\/gallery\/albums\/ausflug\/badpyrmont2015\/DSCN3108.JPG\" alt=\"Bad Pyrmont\" \/><\/p>\n","protected":false},"excerpt":{"rendered":"<p>Ein sch\u00f6ner Tag in Bad Pyrmont. https:\/\/www.achimbrueckner.de\/private\/gallery\/thumbnails.php?album=88<\/p>\n","protected":false},"author":1,"featured_media":0,"comment_status":"open","ping_status":"open","sticky":false,"template":"","format":"standard","meta":{"_jetpack_memberships_contains_paid_content":false,"footnotes":"","jetpack_publicize_message":"","jetpack_publicize_feature_enabled":true,"jetpack_social_post_already_shared":true,"jetpack_social_options":{"image_generator_settings":{"template":"highway","default_image_id":0,"font":"","enabled":false},"version":2}},"categories":[37],"tags":[],"class_list":["post-443621","post","type-post","status-publish","format-standard","hentry","category-privat"],"jetpack_publicize_connections":[],"jetpack_featured_media_url":"","jetpack_sharing_enabled":true,"jetpack_shortlink":"https:\/\/wp.me\/p5CD59-1Rpb","jetpack-related-posts":[{"id":417164,"url":"https:\/\/www.achimbrueckner.de\/freeradio\/php\/wordpress\/?p=417164","url_meta":{"origin":443621,"position":0},"title":"Freilichtmuseum Detmold 2015","author":"Administrator","date":"July 23, 2015 15:45","format":false,"excerpt":"Heute ein sch\u00f6ner Ausflug ins Freilichtmuseum Detmold: https:\/\/www.achimbrueckner.de\/private\/gallery\/thumbnails.php?album=86","rel":"","context":"In &quot;privat&quot;","block_context":{"text":"privat","link":"https:\/\/www.achimbrueckner.de\/freeradio\/php\/wordpress\/?cat=37"},"img":{"alt_text":"","src":"","width":0,"height":0},"classes":[]},{"id":154576,"url":"https:\/\/www.achimbrueckner.de\/freeradio\/php\/wordpress\/?p=154576","url_meta":{"origin":443621,"position":1},"title":"Lemgo Oldtimer 2015","author":"Administrator","date":"June 21, 2015 18:14","format":false,"excerpt":"Heute Mittag bei den Oldtimern in Lemgo gewesen: https:\/\/www.achimbrueckner.de\/private\/gallery\/thumbnails.php?album=80","rel":"","context":"In &quot;privat&quot;","block_context":{"text":"privat","link":"https:\/\/www.achimbrueckner.de\/freeradio\/php\/wordpress\/?cat=37"},"img":{"alt_text":"","src":"","width":0,"height":0},"classes":[]},{"id":101279,"url":"https:\/\/www.achimbrueckner.de\/freeradio\/php\/wordpress\/?p=101279","url_meta":{"origin":443621,"position":2},"title":"Mittelaltermarkt L\u00fcgde 2015","author":"Administrator","date":"June 14, 2015 15:46","format":false,"excerpt":"Heute mittag bei einen sch\u00f6nen Mittelaltermarkt in L\u00fcgde an den Emmerauen gewesen. https:\/\/www.achimbrueckner.de\/private\/gallery\/thumbnails.php?album=78","rel":"","context":"In &quot;privat&quot;","block_context":{"text":"privat","link":"https:\/\/www.achimbrueckner.de\/freeradio\/php\/wordpress\/?cat=37"},"img":{"alt_text":"","src":"","width":0,"height":0},"classes":[]},{"id":101278,"url":"https:\/\/www.achimbrueckner.de\/freeradio\/php\/wordpress\/?p=101278","url_meta":{"origin":443621,"position":3},"title":"Lage Oldtimer Ausfahrt 2015","author":"Administrator","date":"June 14, 2015 15:41","format":false,"excerpt":"Heute morgen bei der Oldtimerausfahrt in Lage gewesen. https:\/\/www.achimbrueckner.de\/private\/gallery\/thumbnails.php?album=79","rel":"","context":"In &quot;privat&quot;","block_context":{"text":"privat","link":"https:\/\/www.achimbrueckner.de\/freeradio\/php\/wordpress\/?cat=37"},"img":{"alt_text":"","src":"","width":0,"height":0},"classes":[]},{"id":393283,"url":"https:\/\/www.achimbrueckner.de\/freeradio\/php\/wordpress\/?p=393283","url_meta":{"origin":443621,"position":4},"title":"Dino Park 2015","author":"Administrator","date":"July 20, 2015 19:08","format":false,"excerpt":"Heute mal wieder im Dinosaurierpark M\u00fcnchehagen N\u00e4he Steinhuder Meer gewesen. https:\/\/www.achimbrueckner.de\/private\/gallery\/thumbnails.php?album=83","rel":"","context":"In &quot;privat&quot;","block_context":{"text":"privat","link":"https:\/\/www.achimbrueckner.de\/freeradio\/php\/wordpress\/?cat=37"},"img":{"alt_text":"","src":"","width":0,"height":0},"classes":[]},{"id":443969,"url":"https:\/\/www.achimbrueckner.de\/freeradio\/php\/wordpress\/?p=443969","url_meta":{"origin":443621,"position":5},"title":"Mittelalter Heiligenkirchen 2015","author":"Administrator","date":"August 23, 2015 16:34","format":false,"excerpt":"Sch\u00f6ner Mittelaltermarkt anl\u00e4sslich der 1000 Jahr Feier Heiligenkirchen https:\/\/www.achimbrueckner.de\/private\/gallery\/thumbnails.php?album=92","rel":"","context":"In &quot;privat&quot;","block_context":{"text":"privat","link":"https:\/\/www.achimbrueckner.de\/freeradio\/php\/wordpress\/?cat=37"},"img":{"alt_text":"","src":"","width":0,"height":0},"classes":[]}],"_links":{"self":[{"href":"https:\/\/www.achimbrueckner.de\/freeradio\/php\/wordpress\/index.php?rest_route=\/wp\/v2\/posts\/443621","targetHints":{"allow":["GET"]}}],"collection":[{"href":"https:\/\/www.achimbrueckner.de\/freeradio\/php\/wordpress\/index.php?rest_route=\/wp\/v2\/posts"}],"about":[{"href":"https:\/\/www.achimbrueckner.de\/freeradio\/php\/wordpress\/index.php?rest_route=\/wp\/v2\/types\/post"}],"author":[{"embeddable":true,"href":"https:\/\/www.achimbrueckner.de\/freeradio\/php\/wordpress\/index.php?rest_route=\/wp\/v2\/users\/1"}],"replies":[{"embeddable":true,"href":"https:\/\/www.achimbrueckner.de\/freeradio\/php\/wordpress\/index.php?rest_route=%2Fwp%2Fv2%2Fcomments&post=443621"}],"version-history":[{"count":0,"href":"https:\/\/www.achimbrueckner.de\/freeradio\/php\/wordpress\/index.php?rest_route=\/wp\/v2\/posts\/443621\/revisions"}],"wp:attachment":[{"href":"https:\/\/www.achimbrueckner.de\/freeradio\/php\/wordpress\/index.php?rest_route=%2Fwp%2Fv2%2Fmedia&parent=443621"}],"wp:term":[{"taxonomy":"category","embeddable":true,"href":"https:\/\/www.achimbrueckner.de\/freeradio\/php\/wordpress\/index.php?rest_route=%2Fwp%2Fv2%2Fcategories&post=443621"},{"taxonomy":"post_tag","embeddable":true,"href":"https:\/\/www.achimbrueckner.de\/freeradio\/php\/wordpress\/index.php?rest_route=%2Fwp%2Fv2%2Ftags&post=443621"}],"curies":[{"name":"wp","href":"https:\/\/api.w.org\/{rel}","templated":true}]}}