{"id":444351,"date":"2015-09-21T18:17:44","date_gmt":"2015-09-21T18:17:44","guid":{"rendered":"https:\/\/www.achimbrueckner.de\/freeradio\/php\/wordpress\/?p=444351"},"modified":"2015-09-21T18:17:44","modified_gmt":"2015-09-21T18:17:44","slug":"60-meter-mast-an-der-grenze-piratensender-stillgelegt","status":"publish","type":"post","link":"https:\/\/www.achimbrueckner.de\/freeradio\/php\/wordpress\/?p=444351","title":{"rendered":"60 Meter Mast an der Grenze: Piratensender stillgelegt"},"content":{"rendered":"<p><a href=\"http:\/\/www.ev1.tv\/nachrichten--wetter\/beitraege\/60-meter-mast-an-der-grenze-piratensender-stillgelegt_32087\" target=\"_blank\">http:\/\/www.ev1.tv\/nachrichten&#8211;wetter\/beitraege\/60-meter-mast-an-der-grenze-piratensender-stillgelegt_32087<\/a><\/p>\n","protected":false},"excerpt":{"rendered":"<p>http:\/\/www.ev1.tv\/nachrichten&#8211;wetter\/beitraege\/60-meter-mast-an-der-grenze-piratensender-stillgelegt_32087<\/p>\n","protected":false},"author":1,"featured_media":0,"comment_status":"open","ping_status":"open","sticky":false,"template":"","format":"standard","meta":{"_jetpack_memberships_contains_paid_content":false,"footnotes":"","jetpack_publicize_message":"","jetpack_publicize_feature_enabled":true,"jetpack_social_post_already_shared":true,"jetpack_social_options":{"image_generator_settings":{"template":"highway","default_image_id":0,"font":"","enabled":false},"version":2}},"categories":[1],"tags":[25],"class_list":["post-444351","post","type-post","status-publish","format-standard","hentry","category-uncategorized","tag-piratensender"],"jetpack_publicize_connections":[],"jetpack_featured_media_url":"","jetpack_sharing_enabled":true,"jetpack_shortlink":"https:\/\/wp.me\/p5CD59-1RAX","jetpack-related-posts":[{"id":474100,"url":"https:\/\/www.achimbrueckner.de\/freeradio\/php\/wordpress\/?p=474100","url_meta":{"origin":444351,"position":0},"title":"Niederlande: 100 Meter hoher Piratensender-Mast beschlagnahmt","author":"Administrator","date":"April 19, 2025 11:46","format":false,"excerpt":"https:\/\/www.radioblog.eu\/2025\/04\/19\/niederlande-100-meter-hoher-piratensender-mast-beschlagnahmt\/","rel":"","context":"Similar post","block_context":{"text":"Similar post","link":""},"img":{"alt_text":"","src":"","width":0,"height":0},"classes":[]},{"id":25566,"url":"https:\/\/www.achimbrueckner.de\/freeradio\/php\/wordpress\/?p=25566","url_meta":{"origin":444351,"position":1},"title":"Niederl\u00e4ndische Funkpiraten fl\u00fcchten \u00fcber Grenze nach Deutschland \u00e2\u20ac\u201c 25 Piratensender in Niedersachsen entdeckt","author":"Administrator","date":"August 16, 2012 06:05","format":false,"excerpt":"Niederl\u00e4ndische Funkpiraten fl\u00fcchten \u00fcber Grenze nach Deutschland \u00e2\u20ac\u201c 25 Piratensender in Niedersachsen entdeckt http:\/\/www.noz.de\/deutschland-und-welt\/politik\/niedersachsen\/65817980\/niederlaendische-funkpiraten-fluechten-ueber-grenze-nach-deutschland--25-piratensender-in-niedersachsen-entdeckt","rel":"","context":"In \"Piratensender\"","block_context":{"text":"Piratensender","link":"https:\/\/www.achimbrueckner.de\/freeradio\/php\/wordpress\/?tag=piratensender"},"img":{"alt_text":"","src":"","width":0,"height":0},"classes":[]},{"id":2652,"url":"https:\/\/www.achimbrueckner.de\/freeradio\/php\/wordpress\/?p=2652","url_meta":{"origin":444351,"position":2},"title":"Steffens Blog","author":"Administrator","date":"May 10, 2007 15:46","format":false,"excerpt":"Steffen Schultz ver\u00f6ffentlicht auf Steffens Blog aktuelle Freeradio Logs. QTH ist hier 16918 Freyenstein, also etwas weiter weg von der niederl\u00e4ndischen Grenze. Au\u00dferdem ist ein podcast mit Mitschnitten diverser Kurzwellen-Piratensender downloadbar. Info via Bermuda-DX","rel":"","context":"In &quot;links&quot;","block_context":{"text":"links","link":"https:\/\/www.achimbrueckner.de\/freeradio\/php\/wordpress\/?cat=9"},"img":{"alt_text":"","src":"","width":0,"height":0},"classes":[]},{"id":35868,"url":"https:\/\/www.achimbrueckner.de\/freeradio\/php\/wordpress\/?p=35868","url_meta":{"origin":444351,"position":3},"title":"Ferngesteuerter Piratensender an niederl\u00e4ndischer Grenze ausgehoben","author":"Administrator","date":"October 4, 2014 16:22","format":false,"excerpt":"http:\/\/www.funkmagazin.de\/041014.htm","rel":"","context":"In \"Piratensender\"","block_context":{"text":"Piratensender","link":"https:\/\/www.achimbrueckner.de\/freeradio\/php\/wordpress\/?tag=piratensender"},"img":{"alt_text":"","src":"","width":0,"height":0},"classes":[]},{"id":460604,"url":"https:\/\/www.achimbrueckner.de\/freeradio\/php\/wordpress\/?p=460604","url_meta":{"origin":444351,"position":4},"title":"Piratensender an NL-Grenze ausgehoben","author":"Administrator","date":"May 7, 2019 16:25","format":false,"excerpt":"https:\/\/www.rundfunkforum.de\/viewtopic.php?f=4&t=28433&start=90","rel":"","context":"In \"Piratensender\"","block_context":{"text":"Piratensender","link":"https:\/\/www.achimbrueckner.de\/freeradio\/php\/wordpress\/?tag=piratensender"},"img":{"alt_text":"","src":"","width":0,"height":0},"classes":[]},{"id":445101,"url":"https:\/\/www.achimbrueckner.de\/freeradio\/php\/wordpress\/?p=445101","url_meta":{"origin":444351,"position":5},"title":"Piratensender drehen Mast hoch 43Meter Radio Malaga, Radio Nessaja &#038; Radio Veronika &#038; Ingo","author":"Administrator","date":"November 15, 2015 20:50","format":false,"excerpt":"https:\/\/www.youtube.com\/watch?v=yZanW0qDtyQ","rel":"","context":"In \"Piratensender\"","block_context":{"text":"Piratensender","link":"https:\/\/www.achimbrueckner.de\/freeradio\/php\/wordpress\/?tag=piratensender"},"img":{"alt_text":"","src":"","width":0,"height":0},"classes":[]}],"_links":{"self":[{"href":"https:\/\/www.achimbrueckner.de\/freeradio\/php\/wordpress\/index.php?rest_route=\/wp\/v2\/posts\/444351","targetHints":{"allow":["GET"]}}],"collection":[{"href":"https:\/\/www.achimbrueckner.de\/freeradio\/php\/wordpress\/index.php?rest_route=\/wp\/v2\/posts"}],"about":[{"href":"https:\/\/www.achimbrueckner.de\/freeradio\/php\/wordpress\/index.php?rest_route=\/wp\/v2\/types\/post"}],"author":[{"embeddable":true,"href":"https:\/\/www.achimbrueckner.de\/freeradio\/php\/wordpress\/index.php?rest_route=\/wp\/v2\/users\/1"}],"replies":[{"embeddable":true,"href":"https:\/\/www.achimbrueckner.de\/freeradio\/php\/wordpress\/index.php?rest_route=%2Fwp%2Fv2%2Fcomments&post=444351"}],"version-history":[{"count":0,"href":"https:\/\/www.achimbrueckner.de\/freeradio\/php\/wordpress\/index.php?rest_route=\/wp\/v2\/posts\/444351\/revisions"}],"wp:attachment":[{"href":"https:\/\/www.achimbrueckner.de\/freeradio\/php\/wordpress\/index.php?rest_route=%2Fwp%2Fv2%2Fmedia&parent=444351"}],"wp:term":[{"taxonomy":"category","embeddable":true,"href":"https:\/\/www.achimbrueckner.de\/freeradio\/php\/wordpress\/index.php?rest_route=%2Fwp%2Fv2%2Fcategories&post=444351"},{"taxonomy":"post_tag","embeddable":true,"href":"https:\/\/www.achimbrueckner.de\/freeradio\/php\/wordpress\/index.php?rest_route=%2Fwp%2Fv2%2Ftags&post=444351"}],"curies":[{"name":"wp","href":"https:\/\/api.w.org\/{rel}","templated":true}]}}