{"id":444353,"date":"2015-09-21T18:19:44","date_gmt":"2015-09-21T18:19:44","guid":{"rendered":"https:\/\/www.achimbrueckner.de\/freeradio\/php\/wordpress\/?p=444353"},"modified":"2015-09-21T18:21:04","modified_gmt":"2015-09-21T18:21:04","slug":"derlandische-sendeanlage-erneut-piratensender-in-grafschaft-bentheim-entdeckt","status":"publish","type":"post","link":"https:\/\/www.achimbrueckner.de\/freeradio\/php\/wordpress\/?p=444353","title":{"rendered":"NIEDERL\u00c4NDISCHE SENDEANLAGE? Erneut Piratensender in Grafschaft Bentheim entdeckt"},"content":{"rendered":"<p><a href=\"http:\/\/www.noz.de\/lokales\/lingen\/artikel\/618432\/erneut-piratensender-in-grafschaft-bentheim-entdeckt-1\" target=\"_blank\">http:\/\/www.noz.de\/lokales\/lingen\/artikel\/618432\/erneut-piratensender-in-grafschaft-bentheim-entdeckt-1<\/a><\/p>\n","protected":false},"excerpt":{"rendered":"<p>http:\/\/www.noz.de\/lokales\/lingen\/artikel\/618432\/erneut-piratensender-in-grafschaft-bentheim-entdeckt-1<\/p>\n","protected":false},"author":1,"featured_media":0,"comment_status":"open","ping_status":"open","sticky":false,"template":"","format":"standard","meta":{"_jetpack_memberships_contains_paid_content":false,"footnotes":"","jetpack_publicize_message":"","jetpack_publicize_feature_enabled":true,"jetpack_social_post_already_shared":true,"jetpack_social_options":{"image_generator_settings":{"template":"highway","default_image_id":0,"font":"","enabled":false},"version":2}},"categories":[1],"tags":[25],"class_list":["post-444353","post","type-post","status-publish","format-standard","hentry","category-uncategorized","tag-piratensender"],"jetpack_publicize_connections":[],"jetpack_featured_media_url":"","jetpack_sharing_enabled":true,"jetpack_shortlink":"https:\/\/wp.me\/p5CD59-1RAZ","jetpack-related-posts":[{"id":202591,"url":"https:\/\/www.achimbrueckner.de\/freeradio\/php\/wordpress\/?p=202591","url_meta":{"origin":444353,"position":0},"title":"BUNDESNETZAGENTUR IM EINSATZ Gigantischer Piratensendemast in Grafschaft Bentheim entdeckt \u2013 und stillgelegt","author":"Administrator","date":"June 27, 2015 22:18","format":false,"excerpt":"http:\/\/www.noz.de\/deutschland-welt\/niedersachsen\/artikel\/590054\/gigantischer-piratensendemast-in-grafschaft-bentheim-entdeckt-und-stillgelegt#gallery&0&2&590054","rel":"","context":"Similar post","block_context":{"text":"Similar post","link":""},"img":{"alt_text":"","src":"","width":0,"height":0},"classes":[]},{"id":223941,"url":"https:\/\/www.achimbrueckner.de\/freeradio\/php\/wordpress\/?p=223941","url_meta":{"origin":444353,"position":1},"title":"Obacht, in der Grafschaft senden Piraten","author":"Administrator","date":"June 30, 2015 14:04","format":false,"excerpt":"https:\/\/www.ndr.de\/nachrichten\/niedersachsen\/osnabrueck_emsland\/Obacht-in-der-Grafschaft-senden-Piraten,piratensender100.html","rel":"","context":"In \"Piratensender\"","block_context":{"text":"Piratensender","link":"https:\/\/www.achimbrueckner.de\/freeradio\/php\/wordpress\/?tag=piratensender"},"img":{"alt_text":"","src":"","width":0,"height":0},"classes":[]},{"id":25566,"url":"https:\/\/www.achimbrueckner.de\/freeradio\/php\/wordpress\/?p=25566","url_meta":{"origin":444353,"position":2},"title":"Niederl\u00e4ndische Funkpiraten fl\u00fcchten \u00fcber Grenze nach Deutschland \u00e2\u20ac\u201c 25 Piratensender in Niedersachsen entdeckt","author":"Administrator","date":"August 16, 2012 06:05","format":false,"excerpt":"Niederl\u00e4ndische Funkpiraten fl\u00fcchten \u00fcber Grenze nach Deutschland \u00e2\u20ac\u201c 25 Piratensender in Niedersachsen entdeckt http:\/\/www.noz.de\/deutschland-und-welt\/politik\/niedersachsen\/65817980\/niederlaendische-funkpiraten-fluechten-ueber-grenze-nach-deutschland--25-piratensender-in-niedersachsen-entdeckt","rel":"","context":"In \"Piratensender\"","block_context":{"text":"Piratensender","link":"https:\/\/www.achimbrueckner.de\/freeradio\/php\/wordpress\/?tag=piratensender"},"img":{"alt_text":"","src":"","width":0,"height":0},"classes":[]},{"id":454238,"url":"https:\/\/www.achimbrueckner.de\/freeradio\/php\/wordpress\/?p=454238","url_meta":{"origin":444353,"position":3},"title":"Piratensender in Getelo entdeckt","author":"Administrator","date":"April 14, 2017 16:41","format":false,"excerpt":"http:\/\/www.gn-online.de\/nachrichten\/piratensender-in-getelo-entdeckt--189858.html","rel":"","context":"In \"Piratensender\"","block_context":{"text":"Piratensender","link":"https:\/\/www.achimbrueckner.de\/freeradio\/php\/wordpress\/?tag=piratensender"},"img":{"alt_text":"","src":"","width":0,"height":0},"classes":[]},{"id":458436,"url":"https:\/\/www.achimbrueckner.de\/freeradio\/php\/wordpress\/?p=458436","url_meta":{"origin":444353,"position":4},"title":"D\u00fcsseldorf: Piratensender \u201e99,6 Hitzzz\u201c auf dem Dachboden eines Mehrfamilienhauses entdeckt","author":"Administrator","date":"March 3, 2018 10:41","format":false,"excerpt":"https:\/\/www.report-d.de\/Duesseldorf\/Aktuelles\/Duesseldorf-Piratensender-99-6-Hitzzz-auf-dem-Dachboden-eines-Mehrfamilienhauses-entdeckt-93500","rel":"","context":"In \"AM\"","block_context":{"text":"AM","link":"https:\/\/www.achimbrueckner.de\/freeradio\/php\/wordpress\/?tag=am"},"img":{"alt_text":"","src":"","width":0,"height":0},"classes":[]},{"id":464903,"url":"https:\/\/www.achimbrueckner.de\/freeradio\/php\/wordpress\/?p=464903","url_meta":{"origin":444353,"position":5},"title":"D\u00fcsseldorf: Piratensender \u201e99,6 Hitzzz\u201c auf dem Dachboden eines Mehrfamilienhauses entdeckt","author":"Administrator","date":"February 20, 2021 17:58","format":false,"excerpt":"https:\/\/www.report-d.de\/Duesseldorf\/Aktuelles\/Duesseldorf-Piratensender-99-6-Hitzzz-auf-dem-Dachboden-eines-Mehrfamilienhauses-entdeckt-93500","rel":"","context":"In \"AM\"","block_context":{"text":"AM","link":"https:\/\/www.achimbrueckner.de\/freeradio\/php\/wordpress\/?tag=am"},"img":{"alt_text":"","src":"","width":0,"height":0},"classes":[]}],"_links":{"self":[{"href":"https:\/\/www.achimbrueckner.de\/freeradio\/php\/wordpress\/index.php?rest_route=\/wp\/v2\/posts\/444353","targetHints":{"allow":["GET"]}}],"collection":[{"href":"https:\/\/www.achimbrueckner.de\/freeradio\/php\/wordpress\/index.php?rest_route=\/wp\/v2\/posts"}],"about":[{"href":"https:\/\/www.achimbrueckner.de\/freeradio\/php\/wordpress\/index.php?rest_route=\/wp\/v2\/types\/post"}],"author":[{"embeddable":true,"href":"https:\/\/www.achimbrueckner.de\/freeradio\/php\/wordpress\/index.php?rest_route=\/wp\/v2\/users\/1"}],"replies":[{"embeddable":true,"href":"https:\/\/www.achimbrueckner.de\/freeradio\/php\/wordpress\/index.php?rest_route=%2Fwp%2Fv2%2Fcomments&post=444353"}],"version-history":[{"count":0,"href":"https:\/\/www.achimbrueckner.de\/freeradio\/php\/wordpress\/index.php?rest_route=\/wp\/v2\/posts\/444353\/revisions"}],"wp:attachment":[{"href":"https:\/\/www.achimbrueckner.de\/freeradio\/php\/wordpress\/index.php?rest_route=%2Fwp%2Fv2%2Fmedia&parent=444353"}],"wp:term":[{"taxonomy":"category","embeddable":true,"href":"https:\/\/www.achimbrueckner.de\/freeradio\/php\/wordpress\/index.php?rest_route=%2Fwp%2Fv2%2Fcategories&post=444353"},{"taxonomy":"post_tag","embeddable":true,"href":"https:\/\/www.achimbrueckner.de\/freeradio\/php\/wordpress\/index.php?rest_route=%2Fwp%2Fv2%2Ftags&post=444353"}],"curies":[{"name":"wp","href":"https:\/\/api.w.org\/{rel}","templated":true}]}}