{"id":445184,"date":"2015-11-23T17:59:53","date_gmt":"2015-11-23T17:59:53","guid":{"rendered":"https:\/\/www.achimbrueckner.de\/freeradio\/php\/wordpress\/?p=445184"},"modified":"2015-11-23T17:59:53","modified_gmt":"2015-11-23T17:59:53","slug":"kalifornien-der-digitale-fortschritt-steht-im-stau","status":"publish","type":"post","link":"https:\/\/www.achimbrueckner.de\/freeradio\/php\/wordpress\/?p=445184","title":{"rendered":"Kalifornien: Der digitale Fortschritt steht im Stau"},"content":{"rendered":"<p><a href=\"http:\/\/www.heise.de\/newsticker\/meldung\/Kalifornien-Der-digitale-Fortschritt-steht-im-Stau-3010666.html\" target=\"_blank\">http:\/\/www.heise.de\/newsticker\/meldung\/Kalifornien-Der-digitale-Fortschritt-steht-im-Stau-3010666.html<\/a><\/p>\n","protected":false},"excerpt":{"rendered":"<p>http:\/\/www.heise.de\/newsticker\/meldung\/Kalifornien-Der-digitale-Fortschritt-steht-im-Stau-3010666.html<\/p>\n","protected":false},"author":1,"featured_media":0,"comment_status":"open","ping_status":"open","sticky":false,"template":"","format":"standard","meta":{"_jetpack_memberships_contains_paid_content":false,"footnotes":"","jetpack_publicize_message":"","jetpack_publicize_feature_enabled":true,"jetpack_social_post_already_shared":true,"jetpack_social_options":{"image_generator_settings":{"template":"highway","default_image_id":0,"font":"","enabled":false},"version":2}},"categories":[44],"tags":[],"class_list":["post-445184","post","type-post","status-publish","format-standard","hentry","category-privatdeutsch"],"jetpack_publicize_connections":[],"jetpack_featured_media_url":"","jetpack_sharing_enabled":true,"jetpack_shortlink":"https:\/\/wp.me\/p5CD59-1ROo","jetpack-related-posts":[{"id":459947,"url":"https:\/\/www.achimbrueckner.de\/freeradio\/php\/wordpress\/?p=459947","url_meta":{"origin":445184,"position":0},"title":"Radio Sylvia 2. Februar 2019","author":"Administrator","date":"January 21, 2019 15:13","format":false,"excerpt":"Moin aus dem Norden! Die neueste Ausgabe unserer gro\u00dfen Live-Show \"Radiorandale\" steht in den Startl\u00f6chern. Am 2. Februar ab 18 Uhr beschallen euch Dom van Hool, Mark Andersen und Agatha Rabiata wieder mit r\u00e4udigen Kl\u00e4ngen aus unserem legend\u00e4ren \"Studio Nord\" - zu h\u00f6ren online und auf Kurzwelle 6070 kHz. Die\u2026","rel":"","context":"In \"AM\"","block_context":{"text":"AM","link":"https:\/\/www.achimbrueckner.de\/freeradio\/php\/wordpress\/?tag=am"},"img":{"alt_text":"","src":"","width":0,"height":0},"classes":[]},{"id":472806,"url":"https:\/\/www.achimbrueckner.de\/freeradio\/php\/wordpress\/?p=472806","url_meta":{"origin":445184,"position":1},"title":"Offshore Radio Nostalgia \u2013 A kaleidoscope of the Watery Wireless era","author":"Administrator","date":"November 27, 2023 18:26","format":false,"excerpt":"Im Dezember 1996 ist zum ersten Male meine Webseite \u201eOffshore Radio Links\u201c in Netz gegangen. Wenige Jahre sp\u00e4ter wurde daruas der \u201eOffshore Radio Guide\u201c (offshore-radio.de). In den vergangenen 27 Jahren kamen nach und nach dann noch hansknot.com, radioday.nl, seesender.de, radiocaroline.de und broadcasting-fleet.com hinzu. Nun wird es Zeit f\u00fcr ein moderneres\u2026","rel":"","context":"Similar post","block_context":{"text":"Similar post","link":""},"img":{"alt_text":"","src":"","width":0,"height":0},"classes":[]},{"id":22042,"url":"https:\/\/www.achimbrueckner.de\/freeradio\/php\/wordpress\/?p=22042","url_meta":{"origin":445184,"position":2},"title":"Radio Joystick","author":"Administrator","date":"April 2, 2011 15:18","format":false,"excerpt":"Derzeit hat der IRRS Probleme mit dem Audiofeed, daher gilt: Der Schwerpunkt der neuen Charlie-Prince-Show liegt eindeutig bei den Legenden der Musikgeschichte. Bei den Informationen steht der Malta International Airport aus aktuellem Anlass wieder einmal im Mittelpunkt. Zu h\u00f6ren ist die einst\u00fcndige Mischung Samstag, 2. April 2011 auf Mittelwelle, 1368\u2026","rel":"","context":"In \"AM\"","block_context":{"text":"AM","link":"https:\/\/www.achimbrueckner.de\/freeradio\/php\/wordpress\/?tag=am"},"img":{"alt_text":"","src":"","width":0,"height":0},"classes":[]},{"id":465636,"url":"https:\/\/www.achimbrueckner.de\/freeradio\/php\/wordpress\/?p=465636","url_meta":{"origin":445184,"position":3},"title":"Radio Sylvia 7. August 2021","author":"Administrator","date":"August 3, 2021 17:25","format":false,"excerpt":"Moin Moin! Es ist Sommerzeit, Urlaubszeit, und so ist auch das Radio-Sylvia-Team im Urlaub. Trotzdem l\u00e4uft am 7. August wieder unsere \"Radiorandale\", diesmal ohne Live-Moderation, aber wie gewohnt von 18 Uhr bis Mitternacht - online und auf Kurzwelle 6070 und 3955 kHz. Die Specials: Von 19 bis 20 Uhr pr\u00e4sentieren\u2026","rel":"","context":"Similar post","block_context":{"text":"Similar post","link":""},"img":{"alt_text":"","src":"","width":0,"height":0},"classes":[]},{"id":468503,"url":"https:\/\/www.achimbrueckner.de\/freeradio\/php\/wordpress\/?p=468503","url_meta":{"origin":445184,"position":4},"title":"Radio Joystick (JOY) auf neuer Frequenz! Ab November 2022 vom neuen Sendestandort Kostinbrod auf 11935 kHz","author":"Administrator","date":"October 1, 2022 21:31","format":false,"excerpt":"Radio Joystick (JOY) auf neuer Frequenz! Ab November 2022 vom neuen Sendestandort Kostinbrod auf 11935 kHz Seit \u00fcber 35 Jahren ert\u00f6nen die \u201eFunky Sounds 4 Central Europe\u201c der Charlie-Prince-Show. Mit Beginn des Wintersendeplans profitieren die H\u00f6rerInnen von einem Radio Joystick (JOY)-Frequenzwechsel vom 41-m-Band auf das 25-m-Band der Kurzwelle! Radio Joystick\u2026","rel":"","context":"Similar post","block_context":{"text":"Similar post","link":""},"img":{"alt_text":"","src":"","width":0,"height":0},"classes":[]},{"id":111,"url":"https:\/\/www.achimbrueckner.de\/freeradio\/php\/wordpress\/?p=111","url_meta":{"origin":445184,"position":5},"title":"Radio Halloween","author":"Administrator","date":"October 30, 2005 09:36","format":false,"excerpt":"Halloween steht vor der T\u00fcr und so werden uach in Europa die Sonderstationen aus der Taufe gehoben: Radio Halloween ist um 0935 Utc auf 6281 Khz mit O=2\/3 aufzunehmen.","rel":"","context":"In &quot;Empfang&quot;","block_context":{"text":"Empfang","link":"https:\/\/www.achimbrueckner.de\/freeradio\/php\/wordpress\/?cat=3"},"img":{"alt_text":"","src":"","width":0,"height":0},"classes":[]}],"_links":{"self":[{"href":"https:\/\/www.achimbrueckner.de\/freeradio\/php\/wordpress\/index.php?rest_route=\/wp\/v2\/posts\/445184","targetHints":{"allow":["GET"]}}],"collection":[{"href":"https:\/\/www.achimbrueckner.de\/freeradio\/php\/wordpress\/index.php?rest_route=\/wp\/v2\/posts"}],"about":[{"href":"https:\/\/www.achimbrueckner.de\/freeradio\/php\/wordpress\/index.php?rest_route=\/wp\/v2\/types\/post"}],"author":[{"embeddable":true,"href":"https:\/\/www.achimbrueckner.de\/freeradio\/php\/wordpress\/index.php?rest_route=\/wp\/v2\/users\/1"}],"replies":[{"embeddable":true,"href":"https:\/\/www.achimbrueckner.de\/freeradio\/php\/wordpress\/index.php?rest_route=%2Fwp%2Fv2%2Fcomments&post=445184"}],"version-history":[{"count":0,"href":"https:\/\/www.achimbrueckner.de\/freeradio\/php\/wordpress\/index.php?rest_route=\/wp\/v2\/posts\/445184\/revisions"}],"wp:attachment":[{"href":"https:\/\/www.achimbrueckner.de\/freeradio\/php\/wordpress\/index.php?rest_route=%2Fwp%2Fv2%2Fmedia&parent=445184"}],"wp:term":[{"taxonomy":"category","embeddable":true,"href":"https:\/\/www.achimbrueckner.de\/freeradio\/php\/wordpress\/index.php?rest_route=%2Fwp%2Fv2%2Fcategories&post=445184"},{"taxonomy":"post_tag","embeddable":true,"href":"https:\/\/www.achimbrueckner.de\/freeradio\/php\/wordpress\/index.php?rest_route=%2Fwp%2Fv2%2Ftags&post=445184"}],"curies":[{"name":"wp","href":"https:\/\/api.w.org\/{rel}","templated":true}]}}