{"id":445229,"date":"2015-11-28T21:57:57","date_gmt":"2015-11-28T21:57:57","guid":{"rendered":"https:\/\/www.achimbrueckner.de\/freeradio\/php\/wordpress\/?p=445229"},"modified":"2015-11-28T21:57:57","modified_gmt":"2015-11-28T21:57:57","slug":"stone-fm-piratensender-osterreich","status":"publish","type":"post","link":"https:\/\/www.achimbrueckner.de\/freeradio\/php\/wordpress\/?p=445229","title":{"rendered":"Stone FM Piratensender \u00d6sterreich"},"content":{"rendered":"<p><a href=\"https:\/\/www.facebook.com\/Stone-FM-DER-Piratensender-in-%C3%96sterreich-391376994242333\/\" target=\"_blank\">https:\/\/www.facebook.com\/Stone-FM-DER-Piratensender-in-%C3%96sterreich-391376994242333\/<\/a><\/p>\n","protected":false},"excerpt":{"rendered":"<p>https:\/\/www.facebook.com\/Stone-FM-DER-Piratensender-in-%C3%96sterreich-391376994242333\/<\/p>\n","protected":false},"author":1,"featured_media":0,"comment_status":"open","ping_status":"open","sticky":false,"template":"","format":"standard","meta":{"_jetpack_memberships_contains_paid_content":false,"footnotes":"","jetpack_publicize_message":"","jetpack_publicize_feature_enabled":true,"jetpack_social_post_already_shared":true,"jetpack_social_options":{"image_generator_settings":{"template":"highway","default_image_id":0,"font":"","enabled":false},"version":2}},"categories":[1],"tags":[24,25],"class_list":["post-445229","post","type-post","status-publish","format-standard","hentry","category-uncategorized","tag-fm","tag-piratensender"],"jetpack_publicize_connections":[],"jetpack_featured_media_url":"","jetpack_sharing_enabled":true,"jetpack_shortlink":"https:\/\/wp.me\/p5CD59-1RP7","jetpack-related-posts":[{"id":455987,"url":"https:\/\/www.achimbrueckner.de\/freeradio\/php\/wordpress\/?p=455987","url_meta":{"origin":445229,"position":0},"title":"Radio London | Ein Piratensender schreibt Geschichte Der Sound von 1967","author":"Administrator","date":"August 14, 2017 18:00","format":false,"excerpt":"https:\/\/detektor.fm\/kultur\/piratensender","rel":"","context":"In \"FM\"","block_context":{"text":"FM","link":"https:\/\/www.achimbrueckner.de\/freeradio\/php\/wordpress\/?tag=fm"},"img":{"alt_text":"","src":"","width":0,"height":0},"classes":[]},{"id":445739,"url":"https:\/\/www.achimbrueckner.de\/freeradio\/php\/wordpress\/?p=445739","url_meta":{"origin":445229,"position":1},"title":"Piratensender auf Mittelwelle Radiorevolution von der Nordsee","author":"Administrator","date":"December 31, 2015 19:14","format":false,"excerpt":"http:\/\/detektor.fm\/kultur\/piratensender-auf-mittelwelle","rel":"","context":"In \"FM\"","block_context":{"text":"FM","link":"https:\/\/www.achimbrueckner.de\/freeradio\/php\/wordpress\/?tag=fm"},"img":{"alt_text":"","src":"","width":0,"height":0},"classes":[]},{"id":197977,"url":"https:\/\/www.achimbrueckner.de\/freeradio\/php\/wordpress\/?p=197977","url_meta":{"origin":445229,"position":2},"title":"chilenische Piratensender @RCWradio 7550 Khz","author":"Administrator","date":"June 27, 2015 08:22","format":false,"excerpt":"Tipp f\u00fcr Extrem-DX: Der chilenische Piratensender @RCWradio \u00fcbertr\u00e4gt die Spiele der Copa Am\u00e9rica 2015 auf 7550 kHz. Info via RCWradio via Radiopiraten","rel":"","context":"In \"AM\"","block_context":{"text":"AM","link":"https:\/\/www.achimbrueckner.de\/freeradio\/php\/wordpress\/?tag=am"},"img":{"alt_text":"","src":"","width":0,"height":0},"classes":[]},{"id":32993,"url":"https:\/\/www.achimbrueckner.de\/freeradio\/php\/wordpress\/?p=32993","url_meta":{"origin":445229,"position":3},"title":"Kick!fm Silvester 2009 &#8211; Anruf bei niederl\u00e4ndischen Piratensendern","author":"Administrator","date":"May 9, 2014 14:50","format":false,"excerpt":"http:\/\/www.mixcloud.com\/kickfm\/kickfm-silvester-2009-anruf-bei-niederl%C3%A4ndischen-piratensendern\/","rel":"","context":"In \"FM\"","block_context":{"text":"FM","link":"https:\/\/www.achimbrueckner.de\/freeradio\/php\/wordpress\/?tag=fm"},"img":{"alt_text":"","src":"","width":0,"height":0},"classes":[]},{"id":6512,"url":"https:\/\/www.achimbrueckner.de\/freeradio\/php\/wordpress\/?p=6512","url_meta":{"origin":445229,"position":4},"title":"RAM FM Israel","author":"Administrator","date":"April 10, 2008 20:02","format":false,"excerpt":"Unter den Titel RAM FM Piratensender oder Friedenssender? berichtet die Tagesschau aus Israel. Info via ukwtv.de","rel":"","context":"In \"AM\"","block_context":{"text":"AM","link":"https:\/\/www.achimbrueckner.de\/freeradio\/php\/wordpress\/?tag=am"},"img":{"alt_text":"","src":"","width":0,"height":0},"classes":[]},{"id":31223,"url":"https:\/\/www.achimbrueckner.de\/freeradio\/php\/wordpress\/?p=31223","url_meta":{"origin":445229,"position":5},"title":"Deutsche Piratensender auf UKW Mitschnitte","author":"Administrator","date":"March 8, 2014 20:28","format":false,"excerpt":"http:\/\/www.frfreak.de\/logsoffair\/fm\/long\/","rel":"","context":"In &quot;download&quot;","block_context":{"text":"download","link":"https:\/\/www.achimbrueckner.de\/freeradio\/php\/wordpress\/?cat=7"},"img":{"alt_text":"","src":"","width":0,"height":0},"classes":[]}],"_links":{"self":[{"href":"https:\/\/www.achimbrueckner.de\/freeradio\/php\/wordpress\/index.php?rest_route=\/wp\/v2\/posts\/445229","targetHints":{"allow":["GET"]}}],"collection":[{"href":"https:\/\/www.achimbrueckner.de\/freeradio\/php\/wordpress\/index.php?rest_route=\/wp\/v2\/posts"}],"about":[{"href":"https:\/\/www.achimbrueckner.de\/freeradio\/php\/wordpress\/index.php?rest_route=\/wp\/v2\/types\/post"}],"author":[{"embeddable":true,"href":"https:\/\/www.achimbrueckner.de\/freeradio\/php\/wordpress\/index.php?rest_route=\/wp\/v2\/users\/1"}],"replies":[{"embeddable":true,"href":"https:\/\/www.achimbrueckner.de\/freeradio\/php\/wordpress\/index.php?rest_route=%2Fwp%2Fv2%2Fcomments&post=445229"}],"version-history":[{"count":0,"href":"https:\/\/www.achimbrueckner.de\/freeradio\/php\/wordpress\/index.php?rest_route=\/wp\/v2\/posts\/445229\/revisions"}],"wp:attachment":[{"href":"https:\/\/www.achimbrueckner.de\/freeradio\/php\/wordpress\/index.php?rest_route=%2Fwp%2Fv2%2Fmedia&parent=445229"}],"wp:term":[{"taxonomy":"category","embeddable":true,"href":"https:\/\/www.achimbrueckner.de\/freeradio\/php\/wordpress\/index.php?rest_route=%2Fwp%2Fv2%2Fcategories&post=445229"},{"taxonomy":"post_tag","embeddable":true,"href":"https:\/\/www.achimbrueckner.de\/freeradio\/php\/wordpress\/index.php?rest_route=%2Fwp%2Fv2%2Ftags&post=445229"}],"curies":[{"name":"wp","href":"https:\/\/api.w.org\/{rel}","templated":true}]}}