{"id":445327,"date":"2015-12-07T19:36:34","date_gmt":"2015-12-07T19:36:34","guid":{"rendered":"https:\/\/www.achimbrueckner.de\/freeradio\/php\/wordpress\/?p=445327"},"modified":"2015-12-07T19:36:34","modified_gmt":"2015-12-07T19:36:34","slug":"psychiatrie-vor-dem-umbruch-an-der-honorierung-hangt-die-qualitat","status":"publish","type":"post","link":"https:\/\/www.achimbrueckner.de\/freeradio\/php\/wordpress\/?p=445327","title":{"rendered":"Psychiatrie vor dem Umbruch An der Honorierung h\u00e4ngt die Qualit\u00e4t"},"content":{"rendered":"<p><a href=\"http:\/\/www.deutschlandfunk.de\/psychiatrie-vor-dem-umbruch-an-der-honorierung-haengt-die.724.de.html?dram%3Aarticle_id=337672&#038;utm_source=dlvr.it&#038;utm_medium=twitter\" target=\"_blank\">http:\/\/www.deutschlandfunk.de\/psychiatrie-vor-dem-umbruch-an-der-honorierung-haengt-die.724.de.html<\/a><\/p>\n","protected":false},"excerpt":{"rendered":"<p>http:\/\/www.deutschlandfunk.de\/psychiatrie-vor-dem-umbruch-an-der-honorierung-haengt-die.724.de.html<\/p>\n","protected":false},"author":1,"featured_media":0,"comment_status":"open","ping_status":"open","sticky":false,"template":"","format":"standard","meta":{"_jetpack_memberships_contains_paid_content":false,"footnotes":"","jetpack_publicize_message":"","jetpack_publicize_feature_enabled":true,"jetpack_social_post_already_shared":true,"jetpack_social_options":{"image_generator_settings":{"template":"highway","default_image_id":0,"font":"","enabled":false},"version":2}},"categories":[44],"tags":[],"class_list":["post-445327","post","type-post","status-publish","format-standard","hentry","category-privatdeutsch"],"jetpack_publicize_connections":[],"jetpack_featured_media_url":"","jetpack_sharing_enabled":true,"jetpack_shortlink":"https:\/\/wp.me\/p5CD59-1RQH","jetpack-related-posts":[{"id":36364,"url":"https:\/\/www.achimbrueckner.de\/freeradio\/php\/wordpress\/?p=36364","url_meta":{"origin":445327,"position":0},"title":"&#8220;Heftig&#8221;-Schlagzeilenredakteur mit emotionaler Ersch\u00f6pfung in Psychiatrie eingeliefert","author":"Administrator","date":"October 17, 2014 14:26","format":false,"excerpt":"http:\/\/www.der-postillon.com\/2014\/10\/heftig-schlagzeilenredakteur-mit.html","rel":"","context":"In &quot;privatdeutsch&quot;","block_context":{"text":"privatdeutsch","link":"https:\/\/www.achimbrueckner.de\/freeradio\/php\/wordpress\/?cat=44"},"img":{"alt_text":"","src":"","width":0,"height":0},"classes":[]},{"id":467141,"url":"https:\/\/www.achimbrueckner.de\/freeradio\/php\/wordpress\/?p=467141","url_meta":{"origin":445327,"position":1},"title":"31. August 1974 &#8211; Das Ende der Piratensender vor Holland","author":"Administrator","date":"June 12, 2022 08:59","format":false,"excerpt":"Heute am Sonntag 21 Uhr auf SATzentrale - Technikradio \"SeeSenderHits\" mit dem Thema \"31. August 1974 - Das Ende der Piratensender vor Holland\" satzentrale.de eintippern und aufrufen, auf Technikradio klicken und den Player starten. Viel Spa\u00df! Info via Facebook","rel":"","context":"Similar post","block_context":{"text":"Similar post","link":""},"img":{"alt_text":"","src":"","width":0,"height":0},"classes":[]},{"id":8454,"url":"https:\/\/www.achimbrueckner.de\/freeradio\/php\/wordpress\/?p=8454","url_meta":{"origin":445327,"position":2},"title":"FMK Radiotreffen","author":"Administrator","date":"September 30, 2008 08:41","format":false,"excerpt":"Das n\u00e4chste und vorerst LETZTE FMK-Radiotreffen wird in Verbindung mit dem DX-Camp des Rhein- Main-Radio-Clubs in Langenselbold stattfinden. FM KOMPAKT wird vom Freitag, dem 03. 10. (sp\u00e4tmittags), bis Sonntag, dem 05. 10. 2008, \"vor Ort\" sein. F\u00fcr Samstag, dem 04. 10., haben sich u.a. Roger Kirk, Nick Barker, Christian Br\u00fclhart,\u2026","rel":"","context":"In &quot;Camps&quot;","block_context":{"text":"Camps","link":"https:\/\/www.achimbrueckner.de\/freeradio\/php\/wordpress\/?cat=6"},"img":{"alt_text":"","src":"","width":0,"height":0},"classes":[]},{"id":29610,"url":"https:\/\/www.achimbrueckner.de\/freeradio\/php\/wordpress\/?p=29610","url_meta":{"origin":445327,"position":3},"title":"105.2 Paradise raided &#8230; Heute vor 20 Jahren &#8230;","author":"Administrator","date":"November 28, 2013 19:42","format":false,"excerpt":"..... am 28.11.1993 (1.Advent) wurde auf dem Dr\u00f6genp\u00fctt ein mit 105.2 Mhz friedlich vor sich hin schwingender Radio-Transmitter hinterr\u00fccks von einer feigen Bande unter dem Anf\u00fchrer Norbert Neitzel \u00fcberfallen ... aus Anlass des 20 j\u00e4hrigen Raid-Rembrance-Day gibt es am kommenden Wochenende die letzten 48 Stunden als onair mitschnitt in voller\u2026","rel":"","context":"In \"AM\"","block_context":{"text":"AM","link":"https:\/\/www.achimbrueckner.de\/freeradio\/php\/wordpress\/?tag=am"},"img":{"alt_text":"","src":"","width":0,"height":0},"classes":[]},{"id":19602,"url":"https:\/\/www.achimbrueckner.de\/freeradio\/php\/wordpress\/?p=19602","url_meta":{"origin":445327,"position":4},"title":"RADIO JOYSTICK feiert dreifach!","author":"Administrator","date":"August 30, 2010 12:12","format":false,"excerpt":"25 Jahre Funky Sounds 4 Central Europe! RADIO JOYSTICK FEIERT IM SEPTEMBER 2010 DREIFACH! 25 Jahre Erfolgsgeschichte m\u00fcssen gefeiert werden!RADIO JOYSTICK feiert mit 2 Sendungen und einer Pr\u00e4sentation auf dem Radiotag in Erkrath! 1. DIE AKTUELLE SENDUNG Charlie Prince stellt in seiner Sendung nicht nur Northern-Soul-Geheimtipp Gloria Scott vor, sondern\u2026","rel":"","context":"In \"AM\"","block_context":{"text":"AM","link":"https:\/\/www.achimbrueckner.de\/freeradio\/php\/wordpress\/?tag=am"},"img":{"alt_text":"","src":"","width":0,"height":0},"classes":[]},{"id":26297,"url":"https:\/\/www.achimbrueckner.de\/freeradio\/php\/wordpress\/?p=26297","url_meta":{"origin":445327,"position":5},"title":"SWR 7265 Khz Raid","author":"Administrator","date":"November 28, 2012 17:59","format":false,"excerpt":"Hallo zusammen, wenn man davon ausgehen kann, dass der Spuk rund um die 7265 khz in den vergangen Wochen von einer Person ausging, d\u00fcrfte das Ganze wohl nun erst einmal ein Ende gefunden haben. Ich habe l\u00e4uten geh\u00f6rt, dass vor dem Haus desjenigen heute die freundlichen Herren von der BNetzA\u2026","rel":"","context":"In \"AM\"","block_context":{"text":"AM","link":"https:\/\/www.achimbrueckner.de\/freeradio\/php\/wordpress\/?tag=am"},"img":{"alt_text":"","src":"","width":0,"height":0},"classes":[]}],"_links":{"self":[{"href":"https:\/\/www.achimbrueckner.de\/freeradio\/php\/wordpress\/index.php?rest_route=\/wp\/v2\/posts\/445327","targetHints":{"allow":["GET"]}}],"collection":[{"href":"https:\/\/www.achimbrueckner.de\/freeradio\/php\/wordpress\/index.php?rest_route=\/wp\/v2\/posts"}],"about":[{"href":"https:\/\/www.achimbrueckner.de\/freeradio\/php\/wordpress\/index.php?rest_route=\/wp\/v2\/types\/post"}],"author":[{"embeddable":true,"href":"https:\/\/www.achimbrueckner.de\/freeradio\/php\/wordpress\/index.php?rest_route=\/wp\/v2\/users\/1"}],"replies":[{"embeddable":true,"href":"https:\/\/www.achimbrueckner.de\/freeradio\/php\/wordpress\/index.php?rest_route=%2Fwp%2Fv2%2Fcomments&post=445327"}],"version-history":[{"count":0,"href":"https:\/\/www.achimbrueckner.de\/freeradio\/php\/wordpress\/index.php?rest_route=\/wp\/v2\/posts\/445327\/revisions"}],"wp:attachment":[{"href":"https:\/\/www.achimbrueckner.de\/freeradio\/php\/wordpress\/index.php?rest_route=%2Fwp%2Fv2%2Fmedia&parent=445327"}],"wp:term":[{"taxonomy":"category","embeddable":true,"href":"https:\/\/www.achimbrueckner.de\/freeradio\/php\/wordpress\/index.php?rest_route=%2Fwp%2Fv2%2Fcategories&post=445327"},{"taxonomy":"post_tag","embeddable":true,"href":"https:\/\/www.achimbrueckner.de\/freeradio\/php\/wordpress\/index.php?rest_route=%2Fwp%2Fv2%2Ftags&post=445327"}],"curies":[{"name":"wp","href":"https:\/\/api.w.org\/{rel}","templated":true}]}}