{"id":445536,"date":"2015-12-24T09:32:37","date_gmt":"2015-12-24T09:32:37","guid":{"rendered":"https:\/\/www.achimbrueckner.de\/freeradio\/php\/wordpress\/?p=445536"},"modified":"2015-12-24T09:32:37","modified_gmt":"2015-12-24T09:32:37","slug":"city-fm-weihnachten-2015","status":"publish","type":"post","link":"https:\/\/www.achimbrueckner.de\/freeradio\/php\/wordpress\/?p=445536","title":{"rendered":"City FM Weihnachten 2015"},"content":{"rendered":"<p>Ab sofort ist City FM wieder auf Sendung !<br \/>\nBis einschlie\u00dflich 28.12. ist City FM wieder on Air. Infos zum Programmablauf und den Aircheck per Stream findet ihr auf <a href=\"http:\/\/www.cityfm.de\" target=\"_blank\">www.cityfm.de<\/a><\/p>\n<p>24.12.<br \/>\n17 Uhr &#8211; J\u00f6rgi McFly<br \/>\n18 Uhr &#8211; Ted Melone<br \/>\n19 Uhr &#8211; Derek Fisher&#8217;s Christmas Party<br \/>\n22 Uhr &#8211; City FM Late Night mit Mike Brain<\/p>\n<p>25.12.<br \/>\n12 Uhr &#8211; Derek Fisher Show<br \/>\n14 Uhr &#8211; Mike Brain<br \/>\n16 Uhr &#8211; Deejay-Time mit Thommy Slivovitz<br \/>\n17 Uhr &#8211; Die J\u00f6rg McFly-Show<br \/>\n18 Uhr &#8211; Alex Goldstar<br \/>\n20 Uhr &#8211; Soulfunky Radio Show<br \/>\n22 Uhr &#8211; Stefan Kramers Piratenspecial<br \/>\n23 Uhr &#8211; Talktime mit Ulf Pose<br \/>\nRadio Skyline Nacht:<br \/>\n00 Uhr &#8211; Die JB Supershow (1993)<br \/>\n02 Uhr &#8211; Stefan Kramer&#8217;s Monstershow (1993)<br \/>\n03 Uhr &#8211; Mr. Crocodile (1992)<br \/>\n04 Uhr &#8211; Sugar C. (1992)<\/p>\n<p>26.12.<br \/>\n12 Uhr &#8211; Derek Fisher Show<br \/>\n14 Uhr &#8211; Andi Steinkuhl<br \/>\n16 Uhr &#8211; Mike Brain<br \/>\n17 Uhr &#8211; Die J\u00f6rg McFly-Show<br \/>\n19 Uhr &#8211; Stefan Kramers Monstershow<br \/>\n20 Uhr &#8211; Funkytown mit Peter Schwarz<br \/>\n22 Uhr &#8211; Das Medienmagazin mit Mike Anderson<br \/>\n23 Uhr &#8211; Talktime mit Dennis King<br \/>\nC-FM Retro:<br \/>\n00 Uhr &#8211; Just The Best &#8211; Interactive vom 13. Februar 1995<br \/>\n02 Uhr &#8211; Michael Krist Radioshow vom 26. Dezember 1996<br \/>\n04 Uhr &#8211; Mike Turner vom 4. Oktober 1997<\/p>\n<p>27.12.<br \/>\n12 Uhr &#8211; Derek Fisher Show<br \/>\n14 Uhr &#8211; Andi Steinkuhl<br \/>\n16 Uhr &#8211; Deejay Time mit Thommy Slivovitz<br \/>\n17 Uhr &#8211; Die J\u00f6rg McFly-Show<br \/>\n18 Uhr &#8211; Stefan Kramers Monstershow (Das Partymonster)<br \/>\n19 Uhr &#8211; Switch Off Party<br \/>\nDas ist die aktuelle Programmplanung. \u00c4nderungen im Ablauf sind m\u00f6glich.<\/p>\n","protected":false},"excerpt":{"rendered":"<p>Ab sofort ist City FM wieder auf Sendung ! Bis einschlie\u00dflich 28.12. ist City FM wieder on Air. Infos zum Programmablauf und den Aircheck per Stream findet ihr auf www.cityfm.de 24.12. 17 Uhr &#8211; J\u00f6rgi McFly 18 Uhr &#8211; Ted Melone 19 Uhr &#8211; Derek Fisher&#8217;s Christmas Party 22 Uhr &#8211; City FM Late Night &hellip; <a href=\"https:\/\/www.achimbrueckner.de\/freeradio\/php\/wordpress\/?p=445536\" class=\"more-link\">Continue reading <span class=\"screen-reader-text\">City FM Weihnachten 2015<\/span><\/a><\/p>\n","protected":false},"author":1,"featured_media":0,"comment_status":"open","ping_status":"open","sticky":false,"template":"","format":"standard","meta":{"_jetpack_memberships_contains_paid_content":false,"footnotes":"","jetpack_publicize_message":"","jetpack_publicize_feature_enabled":true,"jetpack_social_post_already_shared":true,"jetpack_social_options":{"image_generator_settings":{"template":"highway","default_image_id":0,"font":"","enabled":false},"version":2}},"categories":[1],"tags":[22,24,30],"class_list":["post-445536","post","type-post","status-publish","format-standard","hentry","category-uncategorized","tag-am","tag-fm","tag-medien"],"jetpack_publicize_connections":[],"jetpack_featured_media_url":"","jetpack_sharing_enabled":true,"jetpack_shortlink":"https:\/\/wp.me\/p5CD59-1RU4","jetpack-related-posts":[{"id":32758,"url":"https:\/\/www.achimbrueckner.de\/freeradio\/php\/wordpress\/?p=32758","url_meta":{"origin":445536,"position":0},"title":"FM Kompakt im Radio 1. Mai 2014","author":"Administrator","date":"April 30, 2014 18:55","format":false,"excerpt":"Liebe Radiofreunde FM Kompakt im Radio hat f\u00fcr den morgigen Maifeiertag wieder ein Sonderprogramm zusammengestellt. Free Radio Mitschnitte, Musik durch Jahrzehnte und interessante FMK-Produktionen u.a. ein Interview mit Wolf Harranth dem Moderator von Intermedia und heutigen Kurator des Dokumentationsarchives Funk in Wien warten auf euch. Zu h\u00f6ren ist das ganze\u2026","rel":"","context":"In \"AM\"","block_context":{"text":"AM","link":"https:\/\/www.achimbrueckner.de\/freeradio\/php\/wordpress\/?tag=am"},"img":{"alt_text":"","src":"","width":0,"height":0},"classes":[]},{"id":13701,"url":"https:\/\/www.achimbrueckner.de\/freeradio\/php\/wordpress\/?p=13701","url_meta":{"origin":445536,"position":1},"title":"Radio Bavaria International","author":"Administrator","date":"August 31, 2009 16:35","format":false,"excerpt":"Radio Bavaria International (RBI), der absolute Pionier der Privatradios aus S\u00fcdtirol, ist wieder da; und zwar in Form einer zweist\u00fcndigen Radioshow, die alle 14 Tage auf Caf\u00c3\u00a9 80s FM ausgestrahlt wird. Die beiden Moderatoren Mike Cain (Foto links) und J\u00fcrgen von Wedel, seinerzeit Mitbegr\u00fcnder von Radio Bavaria International, lassen ab\u2026","rel":"","context":"In &quot;webradio&quot;","block_context":{"text":"webradio","link":"https:\/\/www.achimbrueckner.de\/freeradio\/php\/wordpress\/?cat=13"},"img":{"alt_text":"","src":"","width":0,"height":0},"classes":[]},{"id":16653,"url":"https:\/\/www.achimbrueckner.de\/freeradio\/php\/wordpress\/?p=16653","url_meta":{"origin":445536,"position":2},"title":"Radio Marabu 6220 Khz","author":"Administrator","date":"January 30, 2010 13:30","format":false,"excerpt":"MARABU -- 6220 kHz Am 31. Januar 2010 von 10.00 Uhr bis 16.00 Uhr auf Kurzwelle 6220 kHz. 10.00 Uhr bis 12.00 Uhr: Marcel mit Vorstellung von Mike Uhini 12.00 Uhr bis 14.00 Uhr: MrMusic mit MIKE UHINI- Jahr 1985 14.00 Uhr bis 16.00 Uhr: Marcel - EuropesAlternativeMusic PURE Reaktionen\u2026","rel":"","context":"In \"AM\"","block_context":{"text":"AM","link":"https:\/\/www.achimbrueckner.de\/freeradio\/php\/wordpress\/?tag=am"},"img":{"alt_text":"","src":"","width":0,"height":0},"classes":[]},{"id":472291,"url":"https:\/\/www.achimbrueckner.de\/freeradio\/php\/wordpress\/?p=472291","url_meta":{"origin":445536,"position":3},"title":"Radio Sylvia 1. Juli 2023","author":"Administrator","date":"June 28, 2023 11:33","format":false,"excerpt":"Moin aus dem Norden! Nach der \"Radiorandale\" ist vor der \"Radiorandale\" \ud83d\ude01 - mit anderen Worten: Es geht wieder los, und zwar am 1. Juli um 18 Uhr. Euch erwarten wieder sechs pralle Stunden mit robuster Musik. \ud83c\udfb8 Das Programmschema: 18 - 20 Uhr \"Blackout\" mit Mark Andersen, 20 -\u2026","rel":"","context":"Similar post","block_context":{"text":"Similar post","link":""},"img":{"alt_text":"","src":"","width":0,"height":0},"classes":[]},{"id":467470,"url":"https:\/\/www.achimbrueckner.de\/freeradio\/php\/wordpress\/?p=467470","url_meta":{"origin":445536,"position":4},"title":"Radio Sylvia 6. August 2022","author":"Administrator","date":"August 3, 2022 16:53","format":false,"excerpt":"Moin! Es ist Sommer und Urlaubszeit, daher wird die n\u00e4chste \"Radiorandale\" am 6. August (18 - 24 Uhr) ohne Moderatoren \u00fcber die B\u00fchne gehen - Ihr k\u00f6nnt also mal durchatmen. \ud83e\udd17 Nichtsdestotrotz gibt's wieder unser bew\u00e4hrtes Programmschema: 18 - 19 Uhr Warm Up, 19 - 20 Uhr Neuheiten, 20 -\u2026","rel":"","context":"Similar post","block_context":{"text":"Similar post","link":""},"img":{"alt_text":"","src":"","width":0,"height":0},"classes":[]},{"id":458174,"url":"https:\/\/www.achimbrueckner.de\/freeradio\/php\/wordpress\/?p=458174","url_meta":{"origin":445536,"position":5},"title":"Jukebox EMR remembering","author":"Administrator","date":"January 31, 2018 15:59","format":false,"excerpt":"In Erinnerung an Tom Taylor, der am 22. Januar verstorben ist, bringt FMK Radio in seinem Webradio via laut.fm\/jukebox einige Sendungen von European Music Radio. Aus dem Archiv h\u00f6rt ihr am kommenden Samstag bzw. Sonntag folgende Sendungen von EMR: Sa 03.02.2018 07:00-10:00 Uhr Ausgabe vom Mai 1979 10:00-11:00 Uhr Ausgabe\u2026","rel":"","context":"In \"AM\"","block_context":{"text":"AM","link":"https:\/\/www.achimbrueckner.de\/freeradio\/php\/wordpress\/?tag=am"},"img":{"alt_text":"","src":"","width":0,"height":0},"classes":[]}],"_links":{"self":[{"href":"https:\/\/www.achimbrueckner.de\/freeradio\/php\/wordpress\/index.php?rest_route=\/wp\/v2\/posts\/445536","targetHints":{"allow":["GET"]}}],"collection":[{"href":"https:\/\/www.achimbrueckner.de\/freeradio\/php\/wordpress\/index.php?rest_route=\/wp\/v2\/posts"}],"about":[{"href":"https:\/\/www.achimbrueckner.de\/freeradio\/php\/wordpress\/index.php?rest_route=\/wp\/v2\/types\/post"}],"author":[{"embeddable":true,"href":"https:\/\/www.achimbrueckner.de\/freeradio\/php\/wordpress\/index.php?rest_route=\/wp\/v2\/users\/1"}],"replies":[{"embeddable":true,"href":"https:\/\/www.achimbrueckner.de\/freeradio\/php\/wordpress\/index.php?rest_route=%2Fwp%2Fv2%2Fcomments&post=445536"}],"version-history":[{"count":0,"href":"https:\/\/www.achimbrueckner.de\/freeradio\/php\/wordpress\/index.php?rest_route=\/wp\/v2\/posts\/445536\/revisions"}],"wp:attachment":[{"href":"https:\/\/www.achimbrueckner.de\/freeradio\/php\/wordpress\/index.php?rest_route=%2Fwp%2Fv2%2Fmedia&parent=445536"}],"wp:term":[{"taxonomy":"category","embeddable":true,"href":"https:\/\/www.achimbrueckner.de\/freeradio\/php\/wordpress\/index.php?rest_route=%2Fwp%2Fv2%2Fcategories&post=445536"},{"taxonomy":"post_tag","embeddable":true,"href":"https:\/\/www.achimbrueckner.de\/freeradio\/php\/wordpress\/index.php?rest_route=%2Fwp%2Fv2%2Ftags&post=445536"}],"curies":[{"name":"wp","href":"https:\/\/api.w.org\/{rel}","templated":true}]}}