{"id":445739,"date":"2015-12-31T19:14:14","date_gmt":"2015-12-31T19:14:14","guid":{"rendered":"https:\/\/www.achimbrueckner.de\/freeradio\/php\/wordpress\/?p=445739"},"modified":"2015-12-31T19:14:14","modified_gmt":"2015-12-31T19:14:14","slug":"piratensender-auf-mittelwelle-radiorevolution-von-der-nordsee","status":"publish","type":"post","link":"https:\/\/www.achimbrueckner.de\/freeradio\/php\/wordpress\/?p=445739","title":{"rendered":"Piratensender auf Mittelwelle Radiorevolution von der Nordsee"},"content":{"rendered":"<p><a href=\"http:\/\/detektor.fm\/kultur\/piratensender-auf-mittelwelle\" target=\"_blank\">http:\/\/detektor.fm\/kultur\/piratensender-auf-mittelwelle<\/a><\/p>\n","protected":false},"excerpt":{"rendered":"<p>http:\/\/detektor.fm\/kultur\/piratensender-auf-mittelwelle<\/p>\n","protected":false},"author":1,"featured_media":0,"comment_status":"open","ping_status":"open","sticky":false,"template":"","format":"standard","meta":{"_jetpack_memberships_contains_paid_content":false,"footnotes":"","jetpack_publicize_message":"","jetpack_publicize_feature_enabled":true,"jetpack_social_post_already_shared":true,"jetpack_social_options":{"image_generator_settings":{"template":"highway","default_image_id":0,"font":"","enabled":false},"version":2}},"categories":[1],"tags":[24,25],"class_list":["post-445739","post","type-post","status-publish","format-standard","hentry","category-uncategorized","tag-fm","tag-piratensender"],"jetpack_publicize_connections":[],"jetpack_featured_media_url":"","jetpack_sharing_enabled":true,"jetpack_shortlink":"https:\/\/wp.me\/p5CD59-1RXl","jetpack-related-posts":[{"id":455987,"url":"https:\/\/www.achimbrueckner.de\/freeradio\/php\/wordpress\/?p=455987","url_meta":{"origin":445739,"position":0},"title":"Radio London | Ein Piratensender schreibt Geschichte Der Sound von 1967","author":"Administrator","date":"August 14, 2017 18:00","format":false,"excerpt":"https:\/\/detektor.fm\/kultur\/piratensender","rel":"","context":"In \"FM\"","block_context":{"text":"FM","link":"https:\/\/www.achimbrueckner.de\/freeradio\/php\/wordpress\/?tag=fm"},"img":{"alt_text":"","src":"","width":0,"height":0},"classes":[]},{"id":197977,"url":"https:\/\/www.achimbrueckner.de\/freeradio\/php\/wordpress\/?p=197977","url_meta":{"origin":445739,"position":1},"title":"chilenische Piratensender @RCWradio 7550 Khz","author":"Administrator","date":"June 27, 2015 08:22","format":false,"excerpt":"Tipp f\u00fcr Extrem-DX: Der chilenische Piratensender @RCWradio \u00fcbertr\u00e4gt die Spiele der Copa Am\u00e9rica 2015 auf 7550 kHz. Info via RCWradio via Radiopiraten","rel":"","context":"In \"AM\"","block_context":{"text":"AM","link":"https:\/\/www.achimbrueckner.de\/freeradio\/php\/wordpress\/?tag=am"},"img":{"alt_text":"","src":"","width":0,"height":0},"classes":[]},{"id":463143,"url":"https:\/\/www.achimbrueckner.de\/freeradio\/php\/wordpress\/?p=463143","url_meta":{"origin":445739,"position":2},"title":"Kolumne: Piratensender Nordsee-Welle","author":"Administrator","date":"April 29, 2020 15:06","format":false,"excerpt":"https:\/\/www.lokalkompass.de\/duisburg\/c-kultur\/kolumne-piratensender-nordsee-welle_a1356348","rel":"","context":"In \"Piratensender\"","block_context":{"text":"Piratensender","link":"https:\/\/www.achimbrueckner.de\/freeradio\/php\/wordpress\/?tag=piratensender"},"img":{"alt_text":"","src":"","width":0,"height":0},"classes":[]},{"id":22992,"url":"https:\/\/www.achimbrueckner.de\/freeradio\/php\/wordpress\/?p=22992","url_meta":{"origin":445739,"position":3},"title":"Auf dem Weg der gl\u00fccklichen Schweine","author":"Administrator","date":"September 27, 2011 15:24","format":false,"excerpt":"Auf dem Weg der gl\u00fccklichen Schweine \"Vorbei an der Skistation Madesimo mit dem Piz Groppera, von wo einst Roger Schawinski seinen Piratensender f\u00fcr Z\u00fcrich betrieb.\" http:\/\/www.nzz.ch\/magazin\/reisen\/auf_dem_weg_der_gluecklichen_schweine_1.12619521.html","rel":"","context":"In \"Piratensender\"","block_context":{"text":"Piratensender","link":"https:\/\/www.achimbrueckner.de\/freeradio\/php\/wordpress\/?tag=piratensender"},"img":{"alt_text":"","src":"","width":0,"height":0},"classes":[]},{"id":14741,"url":"https:\/\/www.achimbrueckner.de\/freeradio\/php\/wordpress\/?p=14741","url_meta":{"origin":445739,"position":4},"title":"Westmusik auf Magnetband &#8211; Gabs in der DDR Piratensender ?","author":"Administrator","date":"November 2, 2009 18:24","format":false,"excerpt":"Westmusik auf Magnetband - Gabs in der DDR Piratensender ? http:\/\/medien-mittweida.de\/artikel\/items\/822.html","rel":"","context":"In \"Medien\"","block_context":{"text":"Medien","link":"https:\/\/www.achimbrueckner.de\/freeradio\/php\/wordpress\/?tag=medien"},"img":{"alt_text":"","src":"","width":0,"height":0},"classes":[]},{"id":1286,"url":"https:\/\/www.achimbrueckner.de\/freeradio\/php\/wordpress\/?p=1286","url_meta":{"origin":445739,"position":5},"title":"Piratenforen","author":"Administrator","date":"December 2, 2006 09:21","format":false,"excerpt":"Ein weiteres Forum, das sich mit Piratensendern auf UKW, Mittelwelle und Kurzwelle besch\u00e4ftigt ist via Piratenforum erreichbar. Zur Zeit ist da noch relativ wenig los, aber vielleicht ist es ja noch nicht bekannt genug. Quelle: Theo B im Piratenradioforum","rel":"","context":"In &quot;links&quot;","block_context":{"text":"links","link":"https:\/\/www.achimbrueckner.de\/freeradio\/php\/wordpress\/?cat=9"},"img":{"alt_text":"","src":"","width":0,"height":0},"classes":[]}],"_links":{"self":[{"href":"https:\/\/www.achimbrueckner.de\/freeradio\/php\/wordpress\/index.php?rest_route=\/wp\/v2\/posts\/445739","targetHints":{"allow":["GET"]}}],"collection":[{"href":"https:\/\/www.achimbrueckner.de\/freeradio\/php\/wordpress\/index.php?rest_route=\/wp\/v2\/posts"}],"about":[{"href":"https:\/\/www.achimbrueckner.de\/freeradio\/php\/wordpress\/index.php?rest_route=\/wp\/v2\/types\/post"}],"author":[{"embeddable":true,"href":"https:\/\/www.achimbrueckner.de\/freeradio\/php\/wordpress\/index.php?rest_route=\/wp\/v2\/users\/1"}],"replies":[{"embeddable":true,"href":"https:\/\/www.achimbrueckner.de\/freeradio\/php\/wordpress\/index.php?rest_route=%2Fwp%2Fv2%2Fcomments&post=445739"}],"version-history":[{"count":0,"href":"https:\/\/www.achimbrueckner.de\/freeradio\/php\/wordpress\/index.php?rest_route=\/wp\/v2\/posts\/445739\/revisions"}],"wp:attachment":[{"href":"https:\/\/www.achimbrueckner.de\/freeradio\/php\/wordpress\/index.php?rest_route=%2Fwp%2Fv2%2Fmedia&parent=445739"}],"wp:term":[{"taxonomy":"category","embeddable":true,"href":"https:\/\/www.achimbrueckner.de\/freeradio\/php\/wordpress\/index.php?rest_route=%2Fwp%2Fv2%2Fcategories&post=445739"},{"taxonomy":"post_tag","embeddable":true,"href":"https:\/\/www.achimbrueckner.de\/freeradio\/php\/wordpress\/index.php?rest_route=%2Fwp%2Fv2%2Ftags&post=445739"}],"curies":[{"name":"wp","href":"https:\/\/api.w.org\/{rel}","templated":true}]}}