{"id":446031,"date":"2016-01-19T17:29:46","date_gmt":"2016-01-19T17:29:46","guid":{"rendered":"https:\/\/www.achimbrueckner.de\/freeradio\/php\/wordpress\/?p=446031"},"modified":"2016-01-19T17:29:46","modified_gmt":"2016-01-19T17:29:46","slug":"radiopiraterna-harjade-pa-oresund","status":"publish","type":"post","link":"https:\/\/www.achimbrueckner.de\/freeradio\/php\/wordpress\/?p=446031","title":{"rendered":"Radiopiraterna h\u00e4rjade p\u00e5 \u00d6resund"},"content":{"rendered":"<p><a href=\"http:\/\/www.svt.se\/nyheter\/regionalt\/skane\/radiopiraterna-harjade-pa-oresund\" target=\"_blank\">http:\/\/www.svt.se\/nyheter\/regionalt\/skane\/radiopiraterna-harjade-pa-oresund<\/a><\/p>\n","protected":false},"excerpt":{"rendered":"<p>http:\/\/www.svt.se\/nyheter\/regionalt\/skane\/radiopiraterna-harjade-pa-oresund<\/p>\n","protected":false},"author":1,"featured_media":0,"comment_status":"open","ping_status":"open","sticky":false,"template":"","format":"standard","meta":{"_jetpack_memberships_contains_paid_content":false,"footnotes":"","jetpack_publicize_message":"","jetpack_publicize_feature_enabled":true,"jetpack_social_post_already_shared":true,"jetpack_social_options":{"image_generator_settings":{"template":"highway","default_image_id":0,"font":"","enabled":false},"version":2}},"categories":[2],"tags":[],"class_list":["post-446031","post","type-post","status-publish","format-standard","hentry","category-english"],"jetpack_publicize_connections":[],"jetpack_featured_media_url":"","jetpack_sharing_enabled":true,"jetpack_shortlink":"https:\/\/wp.me\/p5CD59-1S23","jetpack-related-posts":[{"id":472057,"url":"https:\/\/www.achimbrueckner.de\/freeradio\/php\/wordpress\/?p=472057","url_meta":{"origin":446031,"position":0},"title":"Radio Igloo 25 April 2023","author":"Administrator","date":"April 17, 2023 15:27","format":false,"excerpt":"On Tuesday April 25th at 19.00 (17.00 UTC) Radio Igloo will be on air with a tribute to The Pirateradio Queen, Britt Wadner, and to Radio Syd, the Swedish radiopirate who was transmitting from Cheeta 1 and Cheeta 2 in \u00d6resund in the firts half of the 60-ties. The progam\u2026","rel":"","context":"In &quot;English&quot;","block_context":{"text":"English","link":"https:\/\/www.achimbrueckner.de\/freeradio\/php\/wordpress\/?cat=2"},"img":{"alt_text":"","src":"","width":0,"height":0},"classes":[]},{"id":458423,"url":"https:\/\/www.achimbrueckner.de\/freeradio\/php\/wordpress\/?p=458423","url_meta":{"origin":446031,"position":1},"title":"Celebrating the world of radio in Plymouth Meeting, PA","author":"Administrator","date":"March 1, 2018 19:11","format":false,"excerpt":"http:\/\/www.wdel.com\/blogs\/eclectic-hobbies\/celebrating-the-world-of-radio-in-plymouth-meeting-pa\/article_5e10a024-1c1c-11e8-99cb-a709154fcfe4.html","rel":"","context":"In &quot;English&quot;","block_context":{"text":"English","link":"https:\/\/www.achimbrueckner.de\/freeradio\/php\/wordpress\/?cat=2"},"img":{"alt_text":"","src":"","width":0,"height":0},"classes":[]},{"id":28259,"url":"https:\/\/www.achimbrueckner.de\/freeradio\/php\/wordpress\/?p=28259","url_meta":{"origin":446031,"position":2},"title":"PA Pirate Radio Signals Interfere at Ben Gurion Intl Airport","author":"Administrator","date":"August 3, 2013 09:25","format":false,"excerpt":"PA Pirate Radio Signals Interfere at Ben Gurion Intl Airport http:\/\/www.israelnationalnews.com\/News\/News.aspx\/170337#.UfzMaJJBKf","rel":"","context":"In &quot;English&quot;","block_context":{"text":"English","link":"https:\/\/www.achimbrueckner.de\/freeradio\/php\/wordpress\/?cat=2"},"img":{"alt_text":"","src":"","width":0,"height":0},"classes":[]},{"id":39027,"url":"https:\/\/www.achimbrueckner.de\/freeradio\/php\/wordpress\/?p=39027","url_meta":{"origin":446031,"position":3},"title":"Radio Nord &#8211; Piraterna P\u00e5 \u00d6stersj\u00f6n SVT 1994","author":"Administrator","date":"March 8, 2015 14:00","format":false,"excerpt":"https:\/\/www.youtube.com\/watch?v=WNbFOUA3FgU&feature=youtu.be","rel":"","context":"In &quot;English&quot;","block_context":{"text":"English","link":"https:\/\/www.achimbrueckner.de\/freeradio\/php\/wordpress\/?cat=2"},"img":{"alt_text":"","src":"","width":0,"height":0},"classes":[]},{"id":463080,"url":"https:\/\/www.achimbrueckner.de\/freeradio\/php\/wordpress\/?p=463080","url_meta":{"origin":446031,"position":4},"title":"042120 Roger Day p\u00e5 Radio Caroline Tribute to Ronan O&#8217;Rahilly 16.00-18.00","author":"Administrator","date":"April 22, 2020 14:10","format":false,"excerpt":"https:\/\/www.mixcloud.com\/allan-krautwald\/042120-roger-day-p%C3%A5-radio-caroline-tribute-to-ronan-orahilly-1600-1800\/","rel":"","context":"In &quot;English&quot;","block_context":{"text":"English","link":"https:\/\/www.achimbrueckner.de\/freeradio\/php\/wordpress\/?cat=2"},"img":{"alt_text":"","src":"","width":0,"height":0},"classes":[]},{"id":20200,"url":"https:\/\/www.achimbrueckner.de\/freeradio\/php\/wordpress\/?p=20200","url_meta":{"origin":446031,"position":5},"title":"Pirate Radio St Helena","author":"Administrator","date":"October 14, 2010 21:29","format":false,"excerpt":"\"Although we are all disappointed that Radio St. Helena had to cancel its annual Radio St. Helena Day broadcast on 11,092.5 kHz, I have been informed that there will be a substitute transmission one week later from Pirate Radio St. Helena. The faux Radio St. Helena plans to operate on\u2026","rel":"","context":"In &quot;English&quot;","block_context":{"text":"English","link":"https:\/\/www.achimbrueckner.de\/freeradio\/php\/wordpress\/?cat=2"},"img":{"alt_text":"","src":"","width":0,"height":0},"classes":[]}],"_links":{"self":[{"href":"https:\/\/www.achimbrueckner.de\/freeradio\/php\/wordpress\/index.php?rest_route=\/wp\/v2\/posts\/446031","targetHints":{"allow":["GET"]}}],"collection":[{"href":"https:\/\/www.achimbrueckner.de\/freeradio\/php\/wordpress\/index.php?rest_route=\/wp\/v2\/posts"}],"about":[{"href":"https:\/\/www.achimbrueckner.de\/freeradio\/php\/wordpress\/index.php?rest_route=\/wp\/v2\/types\/post"}],"author":[{"embeddable":true,"href":"https:\/\/www.achimbrueckner.de\/freeradio\/php\/wordpress\/index.php?rest_route=\/wp\/v2\/users\/1"}],"replies":[{"embeddable":true,"href":"https:\/\/www.achimbrueckner.de\/freeradio\/php\/wordpress\/index.php?rest_route=%2Fwp%2Fv2%2Fcomments&post=446031"}],"version-history":[{"count":0,"href":"https:\/\/www.achimbrueckner.de\/freeradio\/php\/wordpress\/index.php?rest_route=\/wp\/v2\/posts\/446031\/revisions"}],"wp:attachment":[{"href":"https:\/\/www.achimbrueckner.de\/freeradio\/php\/wordpress\/index.php?rest_route=%2Fwp%2Fv2%2Fmedia&parent=446031"}],"wp:term":[{"taxonomy":"category","embeddable":true,"href":"https:\/\/www.achimbrueckner.de\/freeradio\/php\/wordpress\/index.php?rest_route=%2Fwp%2Fv2%2Fcategories&post=446031"},{"taxonomy":"post_tag","embeddable":true,"href":"https:\/\/www.achimbrueckner.de\/freeradio\/php\/wordpress\/index.php?rest_route=%2Fwp%2Fv2%2Ftags&post=446031"}],"curies":[{"name":"wp","href":"https:\/\/api.w.org\/{rel}","templated":true}]}}