{"id":447043,"date":"2016-03-06T09:08:47","date_gmt":"2016-03-06T09:08:47","guid":{"rendered":"https:\/\/www.achimbrueckner.de\/freeradio\/php\/wordpress\/?p=447043"},"modified":"2016-03-06T09:08:47","modified_gmt":"2016-03-06T09:08:47","slug":"uber-den-hass","status":"publish","type":"post","link":"https:\/\/www.achimbrueckner.de\/freeradio\/php\/wordpress\/?p=447043","title":{"rendered":"\u00dcber den Hass"},"content":{"rendered":"<p><a href=\"http:\/\/ploechinger.tumblr.com\/post\/140370770262\/%C3%BCber-den-hass\" target=\"_blank\">http:\/\/ploechinger.tumblr.com\/post\/140370770262\/%C3%BCber-den-hass<\/a><\/p>\n","protected":false},"excerpt":{"rendered":"<p>http:\/\/ploechinger.tumblr.com\/post\/140370770262\/%C3%BCber-den-hass<\/p>\n","protected":false},"author":1,"featured_media":0,"comment_status":"open","ping_status":"open","sticky":false,"template":"","format":"standard","meta":{"_jetpack_memberships_contains_paid_content":false,"footnotes":"","jetpack_publicize_message":"","jetpack_publicize_feature_enabled":true,"jetpack_social_post_already_shared":true,"jetpack_social_options":{"image_generator_settings":{"template":"highway","default_image_id":0,"font":"","enabled":false},"version":2}},"categories":[44],"tags":[],"class_list":["post-447043","post","type-post","status-publish","format-standard","hentry","category-privatdeutsch"],"jetpack_publicize_connections":[],"jetpack_featured_media_url":"","jetpack_sharing_enabled":true,"jetpack_shortlink":"https:\/\/wp.me\/p5CD59-1Sin","jetpack-related-posts":[{"id":449153,"url":"https:\/\/www.achimbrueckner.de\/freeradio\/php\/wordpress\/?p=449153","url_meta":{"origin":447043,"position":0},"title":"FAUN dreht Musikvideo an den Externsteinen","author":"Administrator","date":"August 5, 2016 15:23","format":false,"excerpt":"http:\/\/www.lz.de\/lippe\/horn_bad_meinberg\/20877384_FAUN-dreht-Musikvideo-an-den-Externsteinen.html","rel":"","context":"In &quot;privatdeutsch&quot;","block_context":{"text":"privatdeutsch","link":"https:\/\/www.achimbrueckner.de\/freeradio\/php\/wordpress\/?cat=44"},"img":{"alt_text":"","src":"","width":0,"height":0},"classes":[]},{"id":444539,"url":"https:\/\/www.achimbrueckner.de\/freeradio\/php\/wordpress\/?p=444539","url_meta":{"origin":447043,"position":1},"title":"Bielefeld: Apocalyptica nehmen den Ringlokschuppen auseinander","author":"Administrator","date":"October 4, 2015 20:08","format":false,"excerpt":"Gestern beim Konzert von Apocalyptica im Ringlokschuppen gewesen: http:\/\/www.nw.de\/fotos\/fotostrecken\/20587517_Bielefeld-Apocalyptica-nehmen-den-Ringlokschuppen-auseinander.html","rel":"","context":"In &quot;privatdeutsch&quot;","block_context":{"text":"privatdeutsch","link":"https:\/\/www.achimbrueckner.de\/freeradio\/php\/wordpress\/?cat=44"},"img":{"alt_text":"","src":"","width":0,"height":0},"classes":[]},{"id":35521,"url":"https:\/\/www.achimbrueckner.de\/freeradio\/php\/wordpress\/?p=35521","url_meta":{"origin":447043,"position":2},"title":"Neuer Look Startseite","author":"Administrator","date":"August 21, 2013 22:42","format":false,"excerpt":"Neuer Look Startseite Experimentiere zur Zeit mit den Html-Framework Bootstrap. Erste Gehversuche via https:\/\/www.achimbrueckner.de .","rel":"","context":"In &quot;privatdeutsch&quot;","block_context":{"text":"privatdeutsch","link":"https:\/\/www.achimbrueckner.de\/freeradio\/php\/wordpress\/?cat=44"},"img":{"alt_text":"","src":"","width":0,"height":0},"classes":[]},{"id":444969,"url":"https:\/\/www.achimbrueckner.de\/freeradio\/php\/wordpress\/?p=444969","url_meta":{"origin":447043,"position":3},"title":"Leistungsschutzrecht 2.0: Die EU-Kommission r\u00fcstet zum Angriff auf den Hyperlink","author":"Administrator","date":"November 7, 2015 08:29","format":false,"excerpt":"https:\/\/juliareda.eu\/2015\/11\/leistungsschutzrecht-angriff-auf-den-hyperlink\/","rel":"","context":"In &quot;privatdeutsch&quot;","block_context":{"text":"privatdeutsch","link":"https:\/\/www.achimbrueckner.de\/freeradio\/php\/wordpress\/?cat=44"},"img":{"alt_text":"","src":"","width":0,"height":0},"classes":[]},{"id":35537,"url":"https:\/\/www.achimbrueckner.de\/freeradio\/php\/wordpress\/?p=35537","url_meta":{"origin":447043,"position":4},"title":"TV-Tipp: MDR zeigt gro\u00dfes Special zum Wave-Gotik-Treffen 2014","author":"Administrator","date":"July 8, 2014 15:54","format":false,"excerpt":"http:\/\/www.sonic-seducer.de\/index.php\/520-tv-tipp-mdr-zeigt-gro%C3%9Fes-special-zum-wave-gotik-treffen-2014.html","rel":"","context":"In &quot;privatdeutsch&quot;","block_context":{"text":"privatdeutsch","link":"https:\/\/www.achimbrueckner.de\/freeradio\/php\/wordpress\/?cat=44"},"img":{"alt_text":"","src":"","width":0,"height":0},"classes":[]},{"id":464523,"url":"https:\/\/www.achimbrueckner.de\/freeradio\/php\/wordpress\/?p=464523","url_meta":{"origin":447043,"position":5},"title":"Seesender Radio Monique kehrt in den \u00c4ther zur\u00fcck","author":"Administrator","date":"December 16, 2020 17:19","format":false,"excerpt":"Seesender Radio Monique kehrt in den \u00c4ther zur\u00fcck Heute ist der ehemalige Seesender Radio Monique wieder auf Sendung zu h\u00f6ren. Der Radiosender feiert nach vielen Jahren ein legales Comeback. Radio Monique war als Seesender in der zweiten H\u00e4lfte der 80er Jahre \u00fcber Mittelwelle zu h\u00f6ren. Die Sendungen kamen dann von\u2026","rel":"","context":"In \"AM\"","block_context":{"text":"AM","link":"https:\/\/www.achimbrueckner.de\/freeradio\/php\/wordpress\/?tag=am"},"img":{"alt_text":"","src":"","width":0,"height":0},"classes":[]}],"_links":{"self":[{"href":"https:\/\/www.achimbrueckner.de\/freeradio\/php\/wordpress\/index.php?rest_route=\/wp\/v2\/posts\/447043","targetHints":{"allow":["GET"]}}],"collection":[{"href":"https:\/\/www.achimbrueckner.de\/freeradio\/php\/wordpress\/index.php?rest_route=\/wp\/v2\/posts"}],"about":[{"href":"https:\/\/www.achimbrueckner.de\/freeradio\/php\/wordpress\/index.php?rest_route=\/wp\/v2\/types\/post"}],"author":[{"embeddable":true,"href":"https:\/\/www.achimbrueckner.de\/freeradio\/php\/wordpress\/index.php?rest_route=\/wp\/v2\/users\/1"}],"replies":[{"embeddable":true,"href":"https:\/\/www.achimbrueckner.de\/freeradio\/php\/wordpress\/index.php?rest_route=%2Fwp%2Fv2%2Fcomments&post=447043"}],"version-history":[{"count":0,"href":"https:\/\/www.achimbrueckner.de\/freeradio\/php\/wordpress\/index.php?rest_route=\/wp\/v2\/posts\/447043\/revisions"}],"wp:attachment":[{"href":"https:\/\/www.achimbrueckner.de\/freeradio\/php\/wordpress\/index.php?rest_route=%2Fwp%2Fv2%2Fmedia&parent=447043"}],"wp:term":[{"taxonomy":"category","embeddable":true,"href":"https:\/\/www.achimbrueckner.de\/freeradio\/php\/wordpress\/index.php?rest_route=%2Fwp%2Fv2%2Fcategories&post=447043"},{"taxonomy":"post_tag","embeddable":true,"href":"https:\/\/www.achimbrueckner.de\/freeradio\/php\/wordpress\/index.php?rest_route=%2Fwp%2Fv2%2Ftags&post=447043"}],"curies":[{"name":"wp","href":"https:\/\/api.w.org\/{rel}","templated":true}]}}