{"id":447109,"date":"2016-03-10T13:20:03","date_gmt":"2016-03-10T13:20:03","guid":{"rendered":"https:\/\/www.achimbrueckner.de\/freeradio\/php\/wordpress\/?p=447109"},"modified":"2016-03-12T13:20:33","modified_gmt":"2016-03-12T13:20:33","slug":"41-radio-flohmarkt-in-den-niederlanden","status":"publish","type":"post","link":"https:\/\/www.achimbrueckner.de\/freeradio\/php\/wordpress\/?p=447109","title":{"rendered":"41. Radio-Flohmarkt in den Niederlanden"},"content":{"rendered":"<p><a href=\"http:\/\/www.funkamateur.de\/nachrichtendetails\/items\/id-41-radio-flohmarkt-in-den-niederlanden.html\" target=\"_blank\">http:\/\/www.funkamateur.de\/nachrichtendetails\/items\/id-41-radio-flohmarkt-in-den-niederlanden.html<\/a><\/p>\n","protected":false},"excerpt":{"rendered":"<p>http:\/\/www.funkamateur.de\/nachrichtendetails\/items\/id-41-radio-flohmarkt-in-den-niederlanden.html<\/p>\n","protected":false},"author":1,"featured_media":0,"comment_status":"open","ping_status":"open","sticky":false,"template":"","format":"standard","meta":{"_jetpack_memberships_contains_paid_content":false,"footnotes":"","jetpack_publicize_message":"","jetpack_publicize_feature_enabled":true,"jetpack_social_post_already_shared":true,"jetpack_social_options":{"image_generator_settings":{"template":"highway","default_image_id":0,"font":"","enabled":false},"version":2}},"categories":[1],"tags":[22],"class_list":["post-447109","post","type-post","status-publish","format-standard","hentry","category-uncategorized","tag-am"],"jetpack_publicize_connections":[],"jetpack_featured_media_url":"","jetpack_sharing_enabled":true,"jetpack_shortlink":"https:\/\/wp.me\/p5CD59-1Sjr","jetpack-related-posts":[{"id":458488,"url":"https:\/\/www.achimbrueckner.de\/freeradio\/php\/wordpress\/?p=458488","url_meta":{"origin":447109,"position":0},"title":"43. Radio-Flohmarkt in den Niederlanden","author":"Administrator","date":"March 13, 2018 17:32","format":false,"excerpt":"http:\/\/www.funkamateur.de\/nachrichtendetails\/items\/Rosmalen2018.html","rel":"","context":"In \"AM\"","block_context":{"text":"AM","link":"https:\/\/www.achimbrueckner.de\/freeradio\/php\/wordpress\/?tag=am"},"img":{"alt_text":"","src":"","width":0,"height":0},"classes":[]},{"id":464988,"url":"https:\/\/www.achimbrueckner.de\/freeradio\/php\/wordpress\/?p=464988","url_meta":{"origin":447109,"position":1},"title":"Erinnerungen an den Seesender &#8220;Radio Nord&#8221;","author":"Administrator","date":"March 7, 2021 14:56","format":false,"excerpt":"https:\/\/www.funkamateur.de\/nachrichtendetails\/items\/60RadioNord.html","rel":"","context":"In \"AM\"","block_context":{"text":"AM","link":"https:\/\/www.achimbrueckner.de\/freeradio\/php\/wordpress\/?tag=am"},"img":{"alt_text":"","src":"","width":0,"height":0},"classes":[]},{"id":460896,"url":"https:\/\/www.achimbrueckner.de\/freeradio\/php\/wordpress\/?p=460896","url_meta":{"origin":447109,"position":2},"title":"55 Jahre Radio Caroline: GB55RC","author":"Administrator","date":"July 2, 2019 15:56","format":false,"excerpt":"https:\/\/www.funkamateur.de\/nachrichtendetails\/items\/GB55RC.html","rel":"","context":"In \"AM\"","block_context":{"text":"AM","link":"https:\/\/www.achimbrueckner.de\/freeradio\/php\/wordpress\/?tag=am"},"img":{"alt_text":"","src":"","width":0,"height":0},"classes":[]},{"id":461078,"url":"https:\/\/www.achimbrueckner.de\/freeradio\/php\/wordpress\/?p=461078","url_meta":{"origin":447109,"position":3},"title":"GB55RC und PA45RNI erinnern an Seesenderzeit","author":"Administrator","date":"July 29, 2019 17:03","format":false,"excerpt":"https:\/\/www.funkamateur.de\/nachrichtendetails\/items\/GB55RC-PA45RNI.html","rel":"","context":"In \"AM\"","block_context":{"text":"AM","link":"https:\/\/www.achimbrueckner.de\/freeradio\/php\/wordpress\/?tag=am"},"img":{"alt_text":"","src":"","width":0,"height":0},"classes":[]},{"id":473870,"url":"https:\/\/www.achimbrueckner.de\/freeradio\/php\/wordpress\/?p=473870","url_meta":{"origin":447109,"position":4},"title":"Radio Seagull mit speziellem Programm f\u00fcr die Weihnachtswoche","author":"Administrator","date":"December 23, 2024 13:55","format":false,"excerpt":"Radio Seagull mit speziellem Programm f\u00fcr die Weihnachtswoche Radio Seagull hat sein Programm f\u00fcr die Weihnachtswoche angepasst. Das regul\u00e4re Programm wurde ge\u00e4ndert. Am Montag und Dienstag werden einige historische Sendungen von ehemaligen Seagull-Mitgliedern wie den k\u00fcrzlich verstorbenen Dave Foster und Carl Kingston wiederholt. Am ersten Weihnachtstag von 6 Uhr morgens\u2026","rel":"","context":"Similar post","block_context":{"text":"Similar post","link":""},"img":{"alt_text":"","src":"","width":0,"height":0},"classes":[]},{"id":2883,"url":"https:\/\/www.achimbrueckner.de\/freeradio\/php\/wordpress\/?p=2883","url_meta":{"origin":447109,"position":5},"title":"Telefonanrufe","author":"Administrator","date":"November 9, 2003 12:31","format":false,"excerpt":"Gleich zwei Stationen brachten heute Telefonanrufe direkt auf den Sender und es klingelte zahlreich das Telefon. Bei Power 41 stand das Telefon kaum still und Radio Tower brachte ebenfalls Call ins auf den Sender. Bei Radio Tower war eine Party am Gange mit G\u00e4sten im Studio und man sendete auch\u2026","rel":"","context":"In \"AM\"","block_context":{"text":"AM","link":"https:\/\/www.achimbrueckner.de\/freeradio\/php\/wordpress\/?tag=am"},"img":{"alt_text":"","src":"","width":0,"height":0},"classes":[]}],"_links":{"self":[{"href":"https:\/\/www.achimbrueckner.de\/freeradio\/php\/wordpress\/index.php?rest_route=\/wp\/v2\/posts\/447109","targetHints":{"allow":["GET"]}}],"collection":[{"href":"https:\/\/www.achimbrueckner.de\/freeradio\/php\/wordpress\/index.php?rest_route=\/wp\/v2\/posts"}],"about":[{"href":"https:\/\/www.achimbrueckner.de\/freeradio\/php\/wordpress\/index.php?rest_route=\/wp\/v2\/types\/post"}],"author":[{"embeddable":true,"href":"https:\/\/www.achimbrueckner.de\/freeradio\/php\/wordpress\/index.php?rest_route=\/wp\/v2\/users\/1"}],"replies":[{"embeddable":true,"href":"https:\/\/www.achimbrueckner.de\/freeradio\/php\/wordpress\/index.php?rest_route=%2Fwp%2Fv2%2Fcomments&post=447109"}],"version-history":[{"count":0,"href":"https:\/\/www.achimbrueckner.de\/freeradio\/php\/wordpress\/index.php?rest_route=\/wp\/v2\/posts\/447109\/revisions"}],"wp:attachment":[{"href":"https:\/\/www.achimbrueckner.de\/freeradio\/php\/wordpress\/index.php?rest_route=%2Fwp%2Fv2%2Fmedia&parent=447109"}],"wp:term":[{"taxonomy":"category","embeddable":true,"href":"https:\/\/www.achimbrueckner.de\/freeradio\/php\/wordpress\/index.php?rest_route=%2Fwp%2Fv2%2Fcategories&post=447109"},{"taxonomy":"post_tag","embeddable":true,"href":"https:\/\/www.achimbrueckner.de\/freeradio\/php\/wordpress\/index.php?rest_route=%2Fwp%2Fv2%2Ftags&post=447109"}],"curies":[{"name":"wp","href":"https:\/\/api.w.org\/{rel}","templated":true}]}}