{"id":447665,"date":"2016-04-09T09:29:20","date_gmt":"2016-04-09T09:29:20","guid":{"rendered":"https:\/\/www.achimbrueckner.de\/freeradio\/php\/wordpress\/?p=447665"},"modified":"2016-04-09T09:29:20","modified_gmt":"2016-04-09T09:29:20","slug":"channel-292-news-50-kw-for-the-usa-deutsch-english","status":"publish","type":"post","link":"https:\/\/www.achimbrueckner.de\/freeradio\/php\/wordpress\/?p=447665","title":{"rendered":"Channel 292 News \/ 50 kW for the USA Deutsch \/ English"},"content":{"rendered":"<p>An unsere H\u00f6rer und Kunden<\/p>\n<p>Im Augenblick bereiten wir eine Kooperation mit einer<br \/>\nKurzwellenstation in den USA vor.<br \/>\nWenn Interesse besteht, k\u00f6nnen unsere Kunden in<br \/>\nEuropa dann Kombi-Buchungen f\u00fcr Europa und die<br \/>\nUSA vornehmen; der angedachte Preis w\u00e4ren<br \/>\n49 USDollar \/ 44 \u20acuro f\u00fcr jeweils eine Stunde zusammen.<\/p>\n<p>Unsere Partnerstation in den USA sendet mit 50 kW<br \/>\nund erreicht die USA, Zentralamerika und Teile von<br \/>\nS\u00fcdamerika in guter Qualit\u00e4t.<\/p>\n<p>Wir m\u00f6chten hiermit unsere Kunden und Interessenten<br \/>\nbitten, erst einmal vollkommen unverbindlich mitzuteilen,<br \/>\nob sie an einer Kombi-Buchung evtl. Interesse haben,<br \/>\noder auch nur an einer Buchung f\u00fcr die USA alleine.<br \/>\nBei Kombi-Buchungen sind die Inhalte f\u00fcr Europa und<br \/>\ndie USA nat\u00fcrlich unabh\u00e4ngig voneinander, d.h., in<br \/>\nden USA kann ein anderes Programm gesendet werden<br \/>\nals in Europa.<\/p>\n<p>F\u00fcr eine baldige Antwort oder auch Fragen zum<br \/>\nThema w\u00e4ren wir sehr dankbar!<\/p>\n<p>Gr\u00fc\u00dfe,<br \/>\nRadio Channel 292<br \/>\n<a href=\"http:\/\/www.channel292.de\" target=\"_blank\">www.channel292.de<\/a><\/p>\n<p>To our listeners and customers<\/p>\n<p>at the moment we are working on some kind of cooperation with a station inthe<br \/>\nUSA, broadcasting on shortwave, too.<br \/>\nIf interested, our customers in Europe could place combined bookings for Europe<br \/>\nand the USA together; we are thinking about a price of 44 euros \/ 49 US Dollars<br \/>\nfor one hour on both stations.<br \/>\nThe station in the US uses 50 kW and reaches the US, Central America and parts<br \/>\nof Southern America in good quality.<br \/>\nHerewith we ask our customers and prospects to let us know, if the possibly could<br \/>\nbe interested in combined bookings, or maybe for bookings only for the US. In<br \/>\ncase of combined bookings of course the contents for Europe and the US can be<br \/>\ndifferent.<br \/>\nWe are waiting for your comments and questions!<\/p>\n<p>Regards,<\/p>\n<p>Radio Channel 292<br \/>\n<a href=\"http:\/\/www.channel292.de\" target=\"_blank\">www.channel292.de<\/a><\/p>\n","protected":false},"excerpt":{"rendered":"<p>An unsere H\u00f6rer und Kunden Im Augenblick bereiten wir eine Kooperation mit einer Kurzwellenstation in den USA vor. Wenn Interesse besteht, k\u00f6nnen unsere Kunden in Europa dann Kombi-Buchungen f\u00fcr Europa und die USA vornehmen; der angedachte Preis w\u00e4ren 49 USDollar \/ 44 \u20acuro f\u00fcr jeweils eine Stunde zusammen. Unsere Partnerstation in den USA sendet mit &hellip; <a href=\"https:\/\/www.achimbrueckner.de\/freeradio\/php\/wordpress\/?p=447665\" class=\"more-link\">Continue reading <span class=\"screen-reader-text\">Channel 292 News \/ 50 kW for the USA Deutsch \/ English<\/span><\/a><\/p>\n","protected":false},"author":1,"featured_media":0,"comment_status":"open","ping_status":"open","sticky":false,"template":"","format":"standard","meta":{"_jetpack_memberships_contains_paid_content":false,"footnotes":"","jetpack_publicize_message":"","jetpack_publicize_feature_enabled":true,"jetpack_social_post_already_shared":true,"jetpack_social_options":{"image_generator_settings":{"template":"highway","default_image_id":0,"font":"","enabled":false},"version":2}},"categories":[1,2],"tags":[22,18],"class_list":["post-447665","post","type-post","status-publish","format-standard","hentry","category-uncategorized","category-english","tag-am","tag-shortwave"],"jetpack_publicize_connections":[],"jetpack_featured_media_url":"","jetpack_sharing_enabled":true,"jetpack_shortlink":"https:\/\/wp.me\/p5CD59-1Ssp","jetpack-related-posts":[{"id":465779,"url":"https:\/\/www.achimbrueckner.de\/freeradio\/php\/wordpress\/?p=465779","url_meta":{"origin":447665,"position":0},"title":"Radio Nord Revival geht am 4. und 5. September wieder auf Sendung:","author":"Administrator","date":"September 4, 2021 13:28","format":false,"excerpt":"Radio Nord Revival geht am 4. und 5. September wieder auf Sendung: Ja, Radio Nord Revival wird am 4. und 5. September von 0700-1900 UTC von der Festung Vaxholm aus wieder auf Sendung sein. Dieses Mal senden wir auf SW von einem neuen Standort aus: Julita, am See Hj\u00e4lmaren. Unsere\u2026","rel":"","context":"Similar post","block_context":{"text":"Similar post","link":""},"img":{"alt_text":"","src":"","width":0,"height":0},"classes":[]},{"id":23066,"url":"https:\/\/www.achimbrueckner.de\/freeradio\/php\/wordpress\/?p=23066","url_meta":{"origin":447665,"position":1},"title":"Radio Joystick im Winter auf Mittelwelle","author":"Administrator","date":"October 6, 2011 14:05","format":false,"excerpt":"RADIO JOYSTICK auch auf Mittelwelle! Im Winter wird unsere Sendung nicht nur an jedem ersten Wochenende eines jeden Monats morgens auf Kurzwelle und im Internet ausgestrahlt, sondern parallel dazu auch Samstags abends auf drei Mittelwellen-Frequenzen! Jeden 1. Samstag 21:30-22:30 Uhr deutscher Zeit \u00fcber das AM-Network des Italian Radio Relay Service:\u2026","rel":"","context":"In \"AM\"","block_context":{"text":"AM","link":"https:\/\/www.achimbrueckner.de\/freeradio\/php\/wordpress\/?tag=am"},"img":{"alt_text":"","src":"","width":0,"height":0},"classes":[]},{"id":471368,"url":"https:\/\/www.achimbrueckner.de\/freeradio\/php\/wordpress\/?p=471368","url_meta":{"origin":447665,"position":2},"title":"Radio Sylvia 3. Dezember 2022","author":"Administrator","date":"November 30, 2022 17:30","format":false,"excerpt":"Moin aus dem Norden! Am 3. Dezember um 18 Uhr f\u00e4llt der Startschuss f\u00fcr die neue (weihnachtlich angehauchte) \"Radiorandale\". Euch erwarten wieder sechs pralle Stunden mit robusten Kl\u00e4ngen. \ud83c\udfb8 Unsere Highlights: die Neuheiten-Show (19 - 20 Uhr) und die \"Stunde der Wahrheit\" (22 - 23 Uhr), in der wir euch\u2026","rel":"","context":"Similar post","block_context":{"text":"Similar post","link":""},"img":{"alt_text":"","src":"","width":0,"height":0},"classes":[]},{"id":451783,"url":"https:\/\/www.achimbrueckner.de\/freeradio\/php\/wordpress\/?p=451783","url_meta":{"origin":447665,"position":3},"title":"Channel 292 News","author":"Administrator","date":"November 19, 2016 18:34","format":false,"excerpt":"Liebe Freunde, Weihnachten steht (fast) vor der T\u00fcr, und wie ihr dem Sendeplan entnehmen k\u00f6nnt, sind die Weihnachtsfeiertage ziemlich ausgebucht. Durch die ge\u00e4nderten Bedingungen im Winter bedingt, haben sich einige Sendezeiten von abends in die Tagesstunden verschoben: http:\/\/www.channel292.de\/schedule-for-bookings\/ und auch einige neue oder bekannte Programme sind (wieder) mit dabei: Hobart\u2026","rel":"","context":"In &quot;English&quot;","block_context":{"text":"English","link":"https:\/\/www.achimbrueckner.de\/freeradio\/php\/wordpress\/?cat=2"},"img":{"alt_text":"","src":"","width":0,"height":0},"classes":[]},{"id":450603,"url":"https:\/\/www.achimbrueckner.de\/freeradio\/php\/wordpress\/?p=450603","url_meta":{"origin":447665,"position":4},"title":"Radio Channel 292 News September 2016","author":"Administrator","date":"September 16, 2016 21:04","format":false,"excerpt":"Hallo Freunde, wie ihr vielleicht schon gemerkt habt, kommt unser Signal auf 6070 kHz mit der neuen Endstufe und dem OPTIMOD Modulations Aufbereiter noch st\u00e4rker und voller. Auch gibt es einige neue Stationen, die \u00fcber unseren Sender zu h\u00f6ren sind: Radio Star (Italien), Radio West (Italien), Das Medienmagazin (DL), HIT\u2026","rel":"","context":"In &quot;English&quot;","block_context":{"text":"English","link":"https:\/\/www.achimbrueckner.de\/freeradio\/php\/wordpress\/?cat=2"},"img":{"alt_text":"","src":"","width":0,"height":0},"classes":[]},{"id":465254,"url":"https:\/\/www.achimbrueckner.de\/freeradio\/php\/wordpress\/?p=465254","url_meta":{"origin":447665,"position":5},"title":"Radio Sylvia 1. Mai 2021","author":"Administrator","date":"April 26, 2021 18:59","format":false,"excerpt":"Moin aus Hamburg! Hier kommt eine gute Nachricht f\u00fcr alle, die sich von den Radio-Sylvia-Moderatoren erholen wollen \ud83d\ude01 Am 1. Mai von 18 bis 24 Uhr l\u00e4uft die neue \"Radiorandale\", und zwar diesmal ohne Moderatoren. Trotzdem gibt es nat\u00fcrlich unsere Neuheiten-Rubrik (19 bis 20 Uhr) und die \"Stunde der Wahrheit\"\u2026","rel":"","context":"In \"AM\"","block_context":{"text":"AM","link":"https:\/\/www.achimbrueckner.de\/freeradio\/php\/wordpress\/?tag=am"},"img":{"alt_text":"","src":"","width":0,"height":0},"classes":[]}],"_links":{"self":[{"href":"https:\/\/www.achimbrueckner.de\/freeradio\/php\/wordpress\/index.php?rest_route=\/wp\/v2\/posts\/447665","targetHints":{"allow":["GET"]}}],"collection":[{"href":"https:\/\/www.achimbrueckner.de\/freeradio\/php\/wordpress\/index.php?rest_route=\/wp\/v2\/posts"}],"about":[{"href":"https:\/\/www.achimbrueckner.de\/freeradio\/php\/wordpress\/index.php?rest_route=\/wp\/v2\/types\/post"}],"author":[{"embeddable":true,"href":"https:\/\/www.achimbrueckner.de\/freeradio\/php\/wordpress\/index.php?rest_route=\/wp\/v2\/users\/1"}],"replies":[{"embeddable":true,"href":"https:\/\/www.achimbrueckner.de\/freeradio\/php\/wordpress\/index.php?rest_route=%2Fwp%2Fv2%2Fcomments&post=447665"}],"version-history":[{"count":0,"href":"https:\/\/www.achimbrueckner.de\/freeradio\/php\/wordpress\/index.php?rest_route=\/wp\/v2\/posts\/447665\/revisions"}],"wp:attachment":[{"href":"https:\/\/www.achimbrueckner.de\/freeradio\/php\/wordpress\/index.php?rest_route=%2Fwp%2Fv2%2Fmedia&parent=447665"}],"wp:term":[{"taxonomy":"category","embeddable":true,"href":"https:\/\/www.achimbrueckner.de\/freeradio\/php\/wordpress\/index.php?rest_route=%2Fwp%2Fv2%2Fcategories&post=447665"},{"taxonomy":"post_tag","embeddable":true,"href":"https:\/\/www.achimbrueckner.de\/freeradio\/php\/wordpress\/index.php?rest_route=%2Fwp%2Fv2%2Ftags&post=447665"}],"curies":[{"name":"wp","href":"https:\/\/api.w.org\/{rel}","templated":true}]}}