{"id":447895,"date":"2016-04-23T15:44:53","date_gmt":"2016-04-23T15:44:53","guid":{"rendered":"https:\/\/www.achimbrueckner.de\/freeradio\/php\/wordpress\/?p=447895"},"modified":"2016-04-23T15:44:53","modified_gmt":"2016-04-23T15:44:53","slug":"agonoize-x-herford-16-04-2016","status":"publish","type":"post","link":"https:\/\/www.achimbrueckner.de\/freeradio\/php\/wordpress\/?p=447895","title":{"rendered":"Agonoize X Herford 16-04-2016"},"content":{"rendered":"<p>Geiles Konzert Agonoize im X Herford 16. April 2016<\/p>\n<p><a href=\"http:\/\/x-herford.de\/envira\/16-04-2016-agonize\/\" target=\"_blank\">http:\/\/x-herford.de\/envira\/16-04-2016-agonize\/<\/a><\/p>\n","protected":false},"excerpt":{"rendered":"<p>Geiles Konzert Agonoize im X Herford 16. April 2016 http:\/\/x-herford.de\/envira\/16-04-2016-agonize\/<\/p>\n","protected":false},"author":1,"featured_media":0,"comment_status":"open","ping_status":"open","sticky":false,"template":"","format":"standard","meta":{"_jetpack_memberships_contains_paid_content":false,"footnotes":"","jetpack_publicize_message":"","jetpack_publicize_feature_enabled":true,"jetpack_social_post_already_shared":true,"jetpack_social_options":{"image_generator_settings":{"template":"highway","default_image_id":0,"font":"","enabled":false},"version":2}},"categories":[44],"tags":[],"class_list":["post-447895","post","type-post","status-publish","format-standard","hentry","category-privatdeutsch"],"jetpack_publicize_connections":[],"jetpack_featured_media_url":"","jetpack_sharing_enabled":true,"jetpack_shortlink":"https:\/\/wp.me\/p5CD59-1Sw7","jetpack-related-posts":[{"id":447777,"url":"https:\/\/www.achimbrueckner.de\/freeradio\/php\/wordpress\/?p=447777","url_meta":{"origin":447895,"position":0},"title":"Mono Inc 09.04.2016 X Herford","author":"Administrator","date":"April 16, 2016 22:14","format":false,"excerpt":"Tolles Konzert im X in Herford Monoinc 09.04.2016 http:\/\/x-herford.de\/envira\/09-04-2016-mono-inc-live-im-x-herford-2\/","rel":"","context":"In &quot;privatdeutsch&quot;","block_context":{"text":"privatdeutsch","link":"https:\/\/www.achimbrueckner.de\/freeradio\/php\/wordpress\/?cat=44"},"img":{"alt_text":"","src":"","width":0,"height":0},"classes":[]},{"id":444539,"url":"https:\/\/www.achimbrueckner.de\/freeradio\/php\/wordpress\/?p=444539","url_meta":{"origin":447895,"position":1},"title":"Bielefeld: Apocalyptica nehmen den Ringlokschuppen auseinander","author":"Administrator","date":"October 4, 2015 20:08","format":false,"excerpt":"Gestern beim Konzert von Apocalyptica im Ringlokschuppen gewesen: http:\/\/www.nw.de\/fotos\/fotostrecken\/20587517_Bielefeld-Apocalyptica-nehmen-den-Ringlokschuppen-auseinander.html","rel":"","context":"In &quot;privatdeutsch&quot;","block_context":{"text":"privatdeutsch","link":"https:\/\/www.achimbrueckner.de\/freeradio\/php\/wordpress\/?cat=44"},"img":{"alt_text":"","src":"","width":0,"height":0},"classes":[]},{"id":447649,"url":"https:\/\/www.achimbrueckner.de\/freeradio\/php\/wordpress\/?p=447649","url_meta":{"origin":447895,"position":2},"title":"Studio Northlight 16 April 2016","author":"Administrator","date":"April 8, 2016 16:12","format":false,"excerpt":"Next transmission on Shortwave 6070 khz: 16th April 2016 14-16 and 21-22 CET, that's 12-14 and 19-20 UTC http:\/\/studionorthlight.net\/","rel":"","context":"In &quot;English&quot;","block_context":{"text":"English","link":"https:\/\/www.achimbrueckner.de\/freeradio\/php\/wordpress\/?cat=2"},"img":{"alt_text":"","src":"","width":0,"height":0},"classes":[]},{"id":447925,"url":"https:\/\/www.achimbrueckner.de\/freeradio\/php\/wordpress\/?p=447925","url_meta":{"origin":447895,"position":3},"title":"Arminia Bielefeld F\u00fcrth Sch\u00fcco Arena","author":"Administrator","date":"April 24, 2016 17:15","format":false,"excerpt":"Am 24. April 2016 in der Sch\u00fcco Arena gewesen. 4:2 gegen Greuther F\u00fcrth Klassenerhalt 2. Liga geschafft. Tolle Stimmung. http:\/\/www.westfalen-blatt.de\/OWL\/Fotos\/DSC-Arminia-Bielefeld\/31.-Spieltag-DSC-Arminia-vs.-SpVgg-Greuther-Fuerth","rel":"","context":"In &quot;privatdeutsch&quot;","block_context":{"text":"privatdeutsch","link":"https:\/\/www.achimbrueckner.de\/freeradio\/php\/wordpress\/?cat=44"},"img":{"alt_text":"","src":"","width":0,"height":0},"classes":[]},{"id":472236,"url":"https:\/\/www.achimbrueckner.de\/freeradio\/php\/wordpress\/?p=472236","url_meta":{"origin":447895,"position":4},"title":"Historic Logs 15 June","author":"Administrator","date":"June 15, 2023 18:20","format":false,"excerpt":"1991 06 15 6315 13 37 Radio Antenne West G ID Wuppertal-adr 35343 1991 06 15 6315 14 09 WGPO G ID 25343 1996 06 15 6266 10 30 unid E mx talk 24333 1997 06 15 3932 09 14 Radio X D ID QSO Oscar 35343 1997 06 15\u2026","rel":"","context":"In &quot;English&quot;","block_context":{"text":"English","link":"https:\/\/www.achimbrueckner.de\/freeradio\/php\/wordpress\/?cat=2"},"img":{"alt_text":"","src":"","width":0,"height":0},"classes":[]},{"id":447206,"url":"https:\/\/www.achimbrueckner.de\/freeradio\/php\/wordpress\/?p=447206","url_meta":{"origin":447895,"position":5},"title":"Tour zum 50. Jubil\u00e4um Scorpions rocken in der Westfalenhalle","author":"Administrator","date":"March 19, 2016 10:47","format":false,"excerpt":"Gestern beim Scorpions-Konzert in Dortmund gewesen. Tolle B\u00fchnenshow und die Altstars rocken. http:\/\/www.ruhrnachrichten.de\/leben-und-erleben\/unterhaltung\/region_erleben\/Tour-zum-50-Jubilaeum-Scorpions-rocken-in-der-Westfalenhalle;art113037,2974620","rel":"","context":"In &quot;privatdeutsch&quot;","block_context":{"text":"privatdeutsch","link":"https:\/\/www.achimbrueckner.de\/freeradio\/php\/wordpress\/?cat=44"},"img":{"alt_text":"","src":"","width":0,"height":0},"classes":[]}],"_links":{"self":[{"href":"https:\/\/www.achimbrueckner.de\/freeradio\/php\/wordpress\/index.php?rest_route=\/wp\/v2\/posts\/447895","targetHints":{"allow":["GET"]}}],"collection":[{"href":"https:\/\/www.achimbrueckner.de\/freeradio\/php\/wordpress\/index.php?rest_route=\/wp\/v2\/posts"}],"about":[{"href":"https:\/\/www.achimbrueckner.de\/freeradio\/php\/wordpress\/index.php?rest_route=\/wp\/v2\/types\/post"}],"author":[{"embeddable":true,"href":"https:\/\/www.achimbrueckner.de\/freeradio\/php\/wordpress\/index.php?rest_route=\/wp\/v2\/users\/1"}],"replies":[{"embeddable":true,"href":"https:\/\/www.achimbrueckner.de\/freeradio\/php\/wordpress\/index.php?rest_route=%2Fwp%2Fv2%2Fcomments&post=447895"}],"version-history":[{"count":0,"href":"https:\/\/www.achimbrueckner.de\/freeradio\/php\/wordpress\/index.php?rest_route=\/wp\/v2\/posts\/447895\/revisions"}],"wp:attachment":[{"href":"https:\/\/www.achimbrueckner.de\/freeradio\/php\/wordpress\/index.php?rest_route=%2Fwp%2Fv2%2Fmedia&parent=447895"}],"wp:term":[{"taxonomy":"category","embeddable":true,"href":"https:\/\/www.achimbrueckner.de\/freeradio\/php\/wordpress\/index.php?rest_route=%2Fwp%2Fv2%2Fcategories&post=447895"},{"taxonomy":"post_tag","embeddable":true,"href":"https:\/\/www.achimbrueckner.de\/freeradio\/php\/wordpress\/index.php?rest_route=%2Fwp%2Fv2%2Ftags&post=447895"}],"curies":[{"name":"wp","href":"https:\/\/api.w.org\/{rel}","templated":true}]}}