{"id":448054,"date":"2016-05-01T17:52:15","date_gmt":"2016-05-01T17:52:15","guid":{"rendered":"https:\/\/www.achimbrueckner.de\/freeradio\/php\/wordpress\/?p=448054"},"modified":"2016-05-01T17:52:15","modified_gmt":"2016-05-01T17:52:15","slug":"warum-piratensender-in-den-usa-wieder-bluhen","status":"publish","type":"post","link":"https:\/\/www.achimbrueckner.de\/freeradio\/php\/wordpress\/?p=448054","title":{"rendered":"Warum Piratensender in den USA wieder bl\u00fchen"},"content":{"rendered":"<p><a href=\"http:\/\/www.20min.ch\/panorama\/news\/story\/25740415\" target=\"_blank\">http:\/\/www.20min.ch\/panorama\/news\/story\/25740415<\/a><\/p>\n","protected":false},"excerpt":{"rendered":"<p>http:\/\/www.20min.ch\/panorama\/news\/story\/25740415<\/p>\n","protected":false},"author":1,"featured_media":0,"comment_status":"open","ping_status":"open","sticky":false,"template":"","format":"standard","meta":{"_jetpack_memberships_contains_paid_content":false,"footnotes":"","jetpack_publicize_message":"","jetpack_publicize_feature_enabled":true,"jetpack_social_post_already_shared":true,"jetpack_social_options":{"image_generator_settings":{"template":"highway","default_image_id":0,"font":"","enabled":false},"version":2}},"categories":[1],"tags":[22,25],"class_list":["post-448054","post","type-post","status-publish","format-standard","hentry","category-uncategorized","tag-am","tag-piratensender"],"jetpack_publicize_connections":[],"jetpack_featured_media_url":"","jetpack_sharing_enabled":true,"jetpack_shortlink":"https:\/\/wp.me\/p5CD59-1SyG","jetpack-related-posts":[{"id":197977,"url":"https:\/\/www.achimbrueckner.de\/freeradio\/php\/wordpress\/?p=197977","url_meta":{"origin":448054,"position":0},"title":"chilenische Piratensender @RCWradio 7550 Khz","author":"Administrator","date":"June 27, 2015 08:22","format":false,"excerpt":"Tipp f\u00fcr Extrem-DX: Der chilenische Piratensender @RCWradio \u00fcbertr\u00e4gt die Spiele der Copa Am\u00e9rica 2015 auf 7550 kHz. Info via RCWradio via Radiopiraten","rel":"","context":"In \"AM\"","block_context":{"text":"AM","link":"https:\/\/www.achimbrueckner.de\/freeradio\/php\/wordpress\/?tag=am"},"img":{"alt_text":"","src":"","width":0,"height":0},"classes":[]},{"id":448059,"url":"https:\/\/www.achimbrueckner.de\/freeradio\/php\/wordpress\/?p=448059","url_meta":{"origin":448054,"position":1},"title":"SENDEN OHNE LIZENZ Piratensender bl\u00fchen auch im Internet-Zeitalter","author":"Administrator","date":"May 2, 2016 16:09","format":false,"excerpt":"http:\/\/www.handelsblatt.com\/technik\/it-internet\/senden-ohne-lizenz-mit-weniger-budget-gegen-mehr-piraten\/13530954-2.html","rel":"","context":"In \"Piratensender\"","block_context":{"text":"Piratensender","link":"https:\/\/www.achimbrueckner.de\/freeradio\/php\/wordpress\/?tag=piratensender"},"img":{"alt_text":"","src":"","width":0,"height":0},"classes":[]},{"id":474046,"url":"https:\/\/www.achimbrueckner.de\/freeradio\/php\/wordpress\/?p=474046","url_meta":{"origin":448054,"position":2},"title":"Vom Piratensender zu DAB+: Dieser Seesender kehrt am 1. April in den \u00c4ther zur\u00fcck","author":"Administrator","date":"March 24, 2025 16:47","format":false,"excerpt":"https:\/\/www.digitalfernsehen.de\/news\/medien-news\/international\/vom-piratensender-zu-dab-dieser-seesender-kehrt-am-1-april-in-den-aether-zurueck-1138586\/","rel":"","context":"Similar post","block_context":{"text":"Similar post","link":""},"img":{"alt_text":"","src":"","width":0,"height":0},"classes":[]},{"id":2412,"url":"https:\/\/www.achimbrueckner.de\/freeradio\/php\/wordpress\/?p=2412","url_meta":{"origin":448054,"position":3},"title":"UKW-streams","author":"Administrator","date":"April 8, 2007 13:39","format":false,"excerpt":"Wenn im Kurzwellenradio wegen der schlechten Bedingungen mal wieder nix los ist, sind auf folgenden streams UKW-Piratensender aus Holland h\u00f6rbar: http:\/\/81.18.170.34:9520\/listen.pls http:\/\/81.18.170.34:9070\/listen.pls http:\/\/81.18.170.34:9380\/listen.pls http:\/\/80.126.113.63:8000\/listen.pls Quelle: Sebastian Budde im Radioforum ukwtv.de","rel":"","context":"In \"AM\"","block_context":{"text":"AM","link":"https:\/\/www.achimbrueckner.de\/freeradio\/php\/wordpress\/?tag=am"},"img":{"alt_text":"","src":"","width":0,"height":0},"classes":[]},{"id":463116,"url":"https:\/\/www.achimbrueckner.de\/freeradio\/php\/wordpress\/?p=463116","url_meta":{"origin":448054,"position":4},"title":"Radio-Legende gestorben: Revolution\u00e4r pr\u00e4gte eine ganze Generation &#8211; wenn auch nicht ganz legal","author":"Administrator","date":"April 27, 2020 14:10","format":false,"excerpt":"https:\/\/www.fr.de\/panorama\/leute\/radio-ronan-orahilly-tod-legende-pop-musik-piratensender-caroline-grossbritannien-gestorben-zr-13715538.html","rel":"","context":"In \"AM\"","block_context":{"text":"AM","link":"https:\/\/www.achimbrueckner.de\/freeradio\/php\/wordpress\/?tag=am"},"img":{"alt_text":"","src":"","width":0,"height":0},"classes":[]},{"id":456453,"url":"https:\/\/www.achimbrueckner.de\/freeradio\/php\/wordpress\/?p=456453","url_meta":{"origin":448054,"position":5},"title":"Jubil\u00e4um f\u00fcr den Piratensender","author":"Administrator","date":"September 12, 2017 16:32","format":false,"excerpt":"http:\/\/www.tageblatt.lu\/headlines\/jubilaeum-fuer-den-piratensender\/","rel":"","context":"In \"Piratensender\"","block_context":{"text":"Piratensender","link":"https:\/\/www.achimbrueckner.de\/freeradio\/php\/wordpress\/?tag=piratensender"},"img":{"alt_text":"","src":"","width":0,"height":0},"classes":[]}],"_links":{"self":[{"href":"https:\/\/www.achimbrueckner.de\/freeradio\/php\/wordpress\/index.php?rest_route=\/wp\/v2\/posts\/448054","targetHints":{"allow":["GET"]}}],"collection":[{"href":"https:\/\/www.achimbrueckner.de\/freeradio\/php\/wordpress\/index.php?rest_route=\/wp\/v2\/posts"}],"about":[{"href":"https:\/\/www.achimbrueckner.de\/freeradio\/php\/wordpress\/index.php?rest_route=\/wp\/v2\/types\/post"}],"author":[{"embeddable":true,"href":"https:\/\/www.achimbrueckner.de\/freeradio\/php\/wordpress\/index.php?rest_route=\/wp\/v2\/users\/1"}],"replies":[{"embeddable":true,"href":"https:\/\/www.achimbrueckner.de\/freeradio\/php\/wordpress\/index.php?rest_route=%2Fwp%2Fv2%2Fcomments&post=448054"}],"version-history":[{"count":0,"href":"https:\/\/www.achimbrueckner.de\/freeradio\/php\/wordpress\/index.php?rest_route=\/wp\/v2\/posts\/448054\/revisions"}],"wp:attachment":[{"href":"https:\/\/www.achimbrueckner.de\/freeradio\/php\/wordpress\/index.php?rest_route=%2Fwp%2Fv2%2Fmedia&parent=448054"}],"wp:term":[{"taxonomy":"category","embeddable":true,"href":"https:\/\/www.achimbrueckner.de\/freeradio\/php\/wordpress\/index.php?rest_route=%2Fwp%2Fv2%2Fcategories&post=448054"},{"taxonomy":"post_tag","embeddable":true,"href":"https:\/\/www.achimbrueckner.de\/freeradio\/php\/wordpress\/index.php?rest_route=%2Fwp%2Fv2%2Ftags&post=448054"}],"curies":[{"name":"wp","href":"https:\/\/api.w.org\/{rel}","templated":true}]}}