{"id":448148,"date":"2016-05-08T13:47:06","date_gmt":"2016-05-08T13:47:06","guid":{"rendered":"https:\/\/www.achimbrueckner.de\/freeradio\/php\/wordpress\/?p=448148"},"modified":"2016-05-08T13:47:06","modified_gmt":"2016-05-08T13:47:06","slug":"danny-phantom-der-piratensender-2","status":"publish","type":"post","link":"https:\/\/www.achimbrueckner.de\/freeradio\/php\/wordpress\/?p=448148","title":{"rendered":"Danny Phantom: Der Piratensender"},"content":{"rendered":"<p><a href=\"https:\/\/tv.de\/sendung\/danny-phantom\/danny-phantom-der-piratensender,346095284\/\" target=\"_blank\">https:\/\/tv.de\/sendung\/danny-phantom\/danny-phantom-der-piratensender,346095284\/<\/a><\/p>\n","protected":false},"excerpt":{"rendered":"<p>https:\/\/tv.de\/sendung\/danny-phantom\/danny-phantom-der-piratensender,346095284\/<\/p>\n","protected":false},"author":1,"featured_media":0,"comment_status":"open","ping_status":"open","sticky":false,"template":"","format":"standard","meta":{"_jetpack_memberships_contains_paid_content":false,"footnotes":"","jetpack_publicize_message":"","jetpack_publicize_feature_enabled":true,"jetpack_social_post_already_shared":true,"jetpack_social_options":{"image_generator_settings":{"template":"highway","default_image_id":0,"font":"","enabled":false},"version":2}},"categories":[1],"tags":[25],"class_list":["post-448148","post","type-post","status-publish","format-standard","hentry","category-uncategorized","tag-piratensender"],"jetpack_publicize_connections":[],"jetpack_featured_media_url":"","jetpack_sharing_enabled":true,"jetpack_shortlink":"https:\/\/wp.me\/p5CD59-1SAc","jetpack-related-posts":[{"id":446310,"url":"https:\/\/www.achimbrueckner.de\/freeradio\/php\/wordpress\/?p=446310","url_meta":{"origin":448148,"position":0},"title":"Danny Phantom: Der Piratensender","author":"Administrator","date":"February 1, 2016 18:17","format":false,"excerpt":"https:\/\/tv.de\/sendung\/danny-phantom\/danny-phantom-der-piratensender,329439931\/","rel":"","context":"In \"Piratensender\"","block_context":{"text":"Piratensender","link":"https:\/\/www.achimbrueckner.de\/freeradio\/php\/wordpress\/?tag=piratensender"},"img":{"alt_text":"","src":"","width":0,"height":0},"classes":[]},{"id":451463,"url":"https:\/\/www.achimbrueckner.de\/freeradio\/php\/wordpress\/?p=451463","url_meta":{"origin":448148,"position":1},"title":"Danny Phantom: Der Piratensender","author":"Administrator","date":"November 1, 2016 16:07","format":false,"excerpt":"https:\/\/tv.de\/sendung\/danny-phantom\/danny-phantom-der-piratensender,384184527\/","rel":"","context":"In \"Piratensender\"","block_context":{"text":"Piratensender","link":"https:\/\/www.achimbrueckner.de\/freeradio\/php\/wordpress\/?tag=piratensender"},"img":{"alt_text":"","src":"","width":0,"height":0},"classes":[]},{"id":197977,"url":"https:\/\/www.achimbrueckner.de\/freeradio\/php\/wordpress\/?p=197977","url_meta":{"origin":448148,"position":2},"title":"chilenische Piratensender @RCWradio 7550 Khz","author":"Administrator","date":"June 27, 2015 08:22","format":false,"excerpt":"Tipp f\u00fcr Extrem-DX: Der chilenische Piratensender @RCWradio \u00fcbertr\u00e4gt die Spiele der Copa Am\u00e9rica 2015 auf 7550 kHz. Info via RCWradio via Radiopiraten","rel":"","context":"In \"AM\"","block_context":{"text":"AM","link":"https:\/\/www.achimbrueckner.de\/freeradio\/php\/wordpress\/?tag=am"},"img":{"alt_text":"","src":"","width":0,"height":0},"classes":[]},{"id":458892,"url":"https:\/\/www.achimbrueckner.de\/freeradio\/php\/wordpress\/?p=458892","url_meta":{"origin":448148,"position":3},"title":"Spazierg\u00e4nger entdecken niederl\u00e4ndischen Piratensender im Genzgebiet Niederlande\/Deutschland &#8211; THW baut 60 Meter hohen Sendemast in der Nacht ab","author":"Administrator","date":"June 9, 2018 18:02","format":false,"excerpt":"https:\/\/www.nwm-tv.de\/index.php?article_id=2&news=7190","rel":"","context":"In \"Piratensender\"","block_context":{"text":"Piratensender","link":"https:\/\/www.achimbrueckner.de\/freeradio\/php\/wordpress\/?tag=piratensender"},"img":{"alt_text":"","src":"","width":0,"height":0},"classes":[]},{"id":473159,"url":"https:\/\/www.achimbrueckner.de\/freeradio\/php\/wordpress\/?p=473159","url_meta":{"origin":448148,"position":4},"title":"28.03.1964: Der Piratensender &#8220;Radio Caroline&#8221; geht auf Sendung","author":"Administrator","date":"March 18, 2024 17:16","format":false,"excerpt":"https:\/\/www1.wdr.de\/radio\/wdr5\/sendungen\/zeitzeichen\/zeitzeichen-piratensender-radio-caroline-102.html","rel":"","context":"Similar post","block_context":{"text":"Similar post","link":""},"img":{"alt_text":"","src":"","width":0,"height":0},"classes":[]},{"id":35438,"url":"https:\/\/www.achimbrueckner.de\/freeradio\/php\/wordpress\/?p=35438","url_meta":{"origin":448148,"position":5},"title":"Griechenland: Piraten-Sender der ehemaligen Staatssender-Journalisten","author":"Administrator","date":"September 14, 2014 17:02","format":false,"excerpt":"http:\/\/www.daserste.de\/information\/politik-weltgeschehen\/europamagazin\/sendung\/swr\/griechenland-piratensender-ert-100.html","rel":"","context":"In \"AM\"","block_context":{"text":"AM","link":"https:\/\/www.achimbrueckner.de\/freeradio\/php\/wordpress\/?tag=am"},"img":{"alt_text":"","src":"","width":0,"height":0},"classes":[]}],"_links":{"self":[{"href":"https:\/\/www.achimbrueckner.de\/freeradio\/php\/wordpress\/index.php?rest_route=\/wp\/v2\/posts\/448148","targetHints":{"allow":["GET"]}}],"collection":[{"href":"https:\/\/www.achimbrueckner.de\/freeradio\/php\/wordpress\/index.php?rest_route=\/wp\/v2\/posts"}],"about":[{"href":"https:\/\/www.achimbrueckner.de\/freeradio\/php\/wordpress\/index.php?rest_route=\/wp\/v2\/types\/post"}],"author":[{"embeddable":true,"href":"https:\/\/www.achimbrueckner.de\/freeradio\/php\/wordpress\/index.php?rest_route=\/wp\/v2\/users\/1"}],"replies":[{"embeddable":true,"href":"https:\/\/www.achimbrueckner.de\/freeradio\/php\/wordpress\/index.php?rest_route=%2Fwp%2Fv2%2Fcomments&post=448148"}],"version-history":[{"count":0,"href":"https:\/\/www.achimbrueckner.de\/freeradio\/php\/wordpress\/index.php?rest_route=\/wp\/v2\/posts\/448148\/revisions"}],"wp:attachment":[{"href":"https:\/\/www.achimbrueckner.de\/freeradio\/php\/wordpress\/index.php?rest_route=%2Fwp%2Fv2%2Fmedia&parent=448148"}],"wp:term":[{"taxonomy":"category","embeddable":true,"href":"https:\/\/www.achimbrueckner.de\/freeradio\/php\/wordpress\/index.php?rest_route=%2Fwp%2Fv2%2Fcategories&post=448148"},{"taxonomy":"post_tag","embeddable":true,"href":"https:\/\/www.achimbrueckner.de\/freeradio\/php\/wordpress\/index.php?rest_route=%2Fwp%2Fv2%2Ftags&post=448148"}],"curies":[{"name":"wp","href":"https:\/\/api.w.org\/{rel}","templated":true}]}}